{"id":3074,"date":"2016-10-05T10:52:00","date_gmt":"2016-10-05T09:52:00","guid":{"rendered":"https:\/\/www.slavonski-planinari.hr\/arhiva\/?p=3074"},"modified":"2023-01-13T10:53:43","modified_gmt":"2023-01-13T09:53:43","slug":"27-11-2016-pohod-na-andinu-baraku","status":"publish","type":"post","link":"https:\/\/www.slavonski-planinari.hr\/arhiva\/27-11-2016-pohod-na-andinu-baraku\/","title":{"rendered":"27.11.2016. &#8211; Pohod na An\u0111inu baraku"},"content":{"rendered":"<p>[et_pb_section fb_built=&#8221;1&#8243; theme_builder_area=&#8221;post_content&#8221; _builder_version=&#8221;4.19.4&#8243; _module_preset=&#8221;default&#8221;][et_pb_row _builder_version=&#8221;4.19.4&#8243; _module_preset=&#8221;default&#8221; theme_builder_area=&#8221;post_content&#8221;][et_pb_column _builder_version=&#8221;4.19.4&#8243; _module_preset=&#8221;default&#8221; type=&#8221;4_4&#8243; theme_builder_area=&#8221;post_content&#8221;][et_pb_text _builder_version=&#8221;4.19.4&#8243; _module_preset=&#8221;default&#8221; theme_builder_area=&#8221;post_content&#8221; hover_enabled=&#8221;0&#8243; sticky_enabled=&#8221;0&#8243;]<\/p>\n<ul>\n<li><strong>27.11.<span>\u00a0<\/span><em>nedjelja<\/em><\/strong><span>\u00a0<\/span>&#8211; Mem. pohod na An\u0111inu baraku, PD Mali\u0161\u010dak Velika<br \/>(Mario Peri\u0107, mob. 098\/160 4468,\u00a0 e-mail:<span id=\"cloak37cf29bc1b0fc2b13e82eccd3812221f\"><span id=\"cloak963dc14516c49e789a0624fa40cb12d3\"><a href=\"mailto:mperic2@gmail.com\">mperic2@gmail.com<\/a><\/span><\/span>)<\/li>\n<\/ul>\n<p><img loading=\"lazy\" decoding=\"async\" src=\"https:\/\/www.slavonski-planinari.hr\/arhiva\/wp-content\/uploads\/2023\/01\/maliscak.jpg\" width=\"147\" height=\"98\" alt=\"\" class=\"wp-image-1697 alignleft size-full\" \/>Pozivamo vas na 16. memorijalni pohod na An\u0111inu baraku u spomen poginulim hrvatskim braniteljima.<\/p>\n<p>Pohod \u0107e biti odr\u017ean 27. studenog 2016. godine.<\/p>\n<p>Okupljanje je ispred crkve Sv. Augustina u Velikoj od 8.30 h, a polazak je u 9.00 h.<\/p>\n<p>Kod spomenika na An\u0111inoj baraci (o\u010dekivano oko 11.30 &#8211; 12.00h) odr\u017eati \u0107emo kratku molitvu i zapaliti svije\u0107e kako bi odali du\u017eno po\u0161tovanje poginulim braniteljima.<\/p>\n<p>Za sve sudionike \u0107e biti osigurana zakuska (tradicionalni kruh i mast) te topli \u010daj i kuhano vino.<\/p>\n<p>Povratak u Veliku planiran je do 16.00 h.<\/p>\n<p>Za sve dodatne informacije zovite nas na:<\/p>\n<ul>\n<li>098\/166 1480 (Tomislav Juri\u0107)<br \/>091\/118 9901 (Tomislav \u0160ebalj\u00a0<\/li>\n<\/ul>\n<p>U sklopu memorijalnog pohoda odr\u017eava se i 3. utrka na 10 kilometara od Velike do \u201eAn\u0111ine barake\u201c pod nazivom \u201ePapu\u010dki cener\u201c. Start utrke je u 10.00 h ispred zgrade<br \/>Parka Prirode Papuk.<\/p>\n<p>Za dodatne informacije obratite se na:<\/p>\n<ul>\n<li>098\/171 0681 (Drago \u0160toki\u0107)<\/li>\n<\/ul>\n<p style=\"text-align: center;\">Radujemo se Va\u0161em dolasku !!!<br \/>PD \u201eMali\u0161\u0107ak\u201c<\/p>\n<p>[\/et_pb_text][\/et_pb_column][\/et_pb_row][\/et_pb_section]<\/p>\n","protected":false},"excerpt":{"rendered":"<p>27.11.\u00a0nedjelja\u00a0&#8211; Mem. pohod na An\u0111inu baraku, PD Mali\u0161\u010dak Velika(Mario Peri\u0107, mob. 098\/160 4468,\u00a0 e-mail:mperic2@gmail.com) Pozivamo vas na 16. memorijalni pohod na An\u0111inu baraku u spomen poginulim hrvatskim braniteljima. Pohod \u0107e biti odr\u017ean 27. studenog 2016. godine. Okupljanje je ispred crkve Sv. Augustina u Velikoj od 8.30 h, a polazak je u 9.00 h. Kod spomenika [&hellip;]<\/p>\n","protected":false},"author":1,"featured_media":0,"comment_status":"closed","ping_status":"open","sticky":false,"template":"","format":"standard","meta":{"_et_pb_use_builder":"on","_et_pb_old_content":"","_et_gb_content_width":"1080","footnotes":""},"categories":[30],"tags":[],"class_list":["post-3074","post","type-post","status-publish","format-standard","hentry","category-30"],"_links":{"self":[{"href":"https:\/\/www.slavonski-planinari.hr\/arhiva\/wp-json\/wp\/v2\/posts\/3074","targetHints":{"allow":["GET"]}}],"collection":[{"href":"https:\/\/www.slavonski-planinari.hr\/arhiva\/wp-json\/wp\/v2\/posts"}],"about":[{"href":"https:\/\/www.slavonski-planinari.hr\/arhiva\/wp-json\/wp\/v2\/types\/post"}],"author":[{"embeddable":true,"href":"https:\/\/www.slavonski-planinari.hr\/arhiva\/wp-json\/wp\/v2\/users\/1"}],"replies":[{"embeddable":true,"href":"https:\/\/www.slavonski-planinari.hr\/arhiva\/wp-json\/wp\/v2\/comments?post=3074"}],"version-history":[{"count":0,"href":"https:\/\/www.slavonski-planinari.hr\/arhiva\/wp-json\/wp\/v2\/posts\/3074\/revisions"}],"wp:attachment":[{"href":"https:\/\/www.slavonski-planinari.hr\/arhiva\/wp-json\/wp\/v2\/media?parent=3074"}],"wp:term":[{"taxonomy":"category","embeddable":true,"href":"https:\/\/www.slavonski-planinari.hr\/arhiva\/wp-json\/wp\/v2\/categories?post=3074"},{"taxonomy":"post_tag","embeddable":true,"href":"https:\/\/www.slavonski-planinari.hr\/arhiva\/wp-json\/wp\/v2\/tags?post=3074"}],"curies":[{"name":"wp","href":"https:\/\/api.w.org\/{rel}","templated":true}]}}