{"id":3068,"date":"2016-10-05T10:49:00","date_gmt":"2016-10-05T09:49:00","guid":{"rendered":"https:\/\/www.slavonski-planinari.hr\/arhiva\/?p=3068"},"modified":"2023-01-13T10:51:57","modified_gmt":"2023-01-13T09:51:57","slug":"20-11-2016-jesen-na-dilju","status":"publish","type":"post","link":"https:\/\/www.slavonski-planinari.hr\/arhiva\/20-11-2016-jesen-na-dilju\/","title":{"rendered":"20.11.2016. &#8211; Jesen na Dilju"},"content":{"rendered":"<p>[et_pb_section fb_built=&#8221;1&#8243; theme_builder_area=&#8221;post_content&#8221; _builder_version=&#8221;4.19.4&#8243; _module_preset=&#8221;default&#8221;][et_pb_row _builder_version=&#8221;4.19.4&#8243; _module_preset=&#8221;default&#8221; theme_builder_area=&#8221;post_content&#8221;][et_pb_column _builder_version=&#8221;4.19.4&#8243; _module_preset=&#8221;default&#8221; type=&#8221;4_4&#8243; theme_builder_area=&#8221;post_content&#8221;][et_pb_text _builder_version=&#8221;4.19.4&#8243; _module_preset=&#8221;default&#8221; theme_builder_area=&#8221;post_content&#8221; hover_enabled=&#8221;0&#8243; sticky_enabled=&#8221;0&#8243;]<\/p>\n<ul>\n<li><strong>20.11.<span>\u00a0<\/span><em>nedjelja<\/em><\/strong><span>\u00a0<\/span>&#8211; Jesen na Dilju, pohod Prezdanak-\u010cardak , HPD Tikvica \u017dupanja<br \/>(Marko Miki\u0107, 0995662122, e-mail:<span>\u00a0<\/span><span id=\"cloakaebfb6ece1d3b972559cd1cc8eef0d06\"><span id=\"cloak1cc298142a41856f070b0973ad389085\"><a href=\"mailto:hpd.tikvica@gmail.com\">hpd.tikvica@gmail.com<\/a><\/span><\/span>)<\/li>\n<\/ul>\n<p><img loading=\"lazy\" decoding=\"async\" src=\"https:\/\/www.slavonski-planinari.hr\/arhiva\/wp-content\/uploads\/2023\/01\/pohod_m.jpg\" width=\"170\" height=\"113\" alt=\"\" class=\"wp-image-3070 alignleft size-full\" \/>&#8220;Jesen na Dilju&#8221; je tradicionalni izlet-pohod u organizaciji HPD Tikvica \u017dupanja, sada jubilarni dvadeseti po redu.<\/p>\n<p>Za one planinare koji prvi put dolaze na ovaj skup najbolje je si\u0107i s autoceste kod Slavonskog Broda pa preko Bukovlja i Vranovaca do Trnjana gdje treba skrenuti ka Kolko\u010deviku pa u Vrhovine.<\/p>\n<p>&nbsp;<\/p>\n<p>Kod jedinog autobusnog stajali\u0161ta u Vrhovinama skrenuti (ozna\u010deno markacijama) na \u0161umski put (uredan i prohodan za sva vozila) do lova\u010dke ku\u0107e (oko 2 km.) Od Slavonskog Broda do lova\u010dke ku\u0107e je desetak kilometara.<\/p>\n<p>Planinarska staza Predzdanak &#8211; \u010cardak u cijelosti ide kroz \u0161umu i spada u laganu stazu s najvi\u0161om to\u010dkom od 421 m a polazi\u0161na to\u010dka je oko 200 m (visinska razlika oko 200 m).<\/p>\n<p>Nu\u017ena je oprema standardna, planinarska za ovo godi\u0161nje doba, a vodi\u010de osigurava doma\u0107in.<\/p>\n<p>Za sve druge informacije nazvati broj mob. nazna\u010den u privitku.<\/p>\n<p>&nbsp;<\/p>\n<p><img loading=\"lazy\" decoding=\"async\" src=\"https:\/\/www.slavonski-planinari.hr\/arhiva\/wp-content\/uploads\/2023\/01\/Pohod-2016.jpg\" width=\"500\" height=\"698\" alt=\"\" class=\"wp-image-3071 aligncenter size-full\" srcset=\"https:\/\/www.slavonski-planinari.hr\/arhiva\/wp-content\/uploads\/2023\/01\/Pohod-2016.jpg 500w, https:\/\/www.slavonski-planinari.hr\/arhiva\/wp-content\/uploads\/2023\/01\/Pohod-2016-480x670.jpg 480w\" sizes=\"(min-width: 0px) and (max-width: 480px) 480px, (min-width: 481px) 500px, 100vw\" \/><\/p>\n<p><img loading=\"lazy\" decoding=\"async\" src=\"https:\/\/www.slavonski-planinari.hr\/arhiva\/wp-content\/uploads\/2023\/01\/PREZDANAK.jpg\" width=\"500\" height=\"732\" alt=\"\" class=\"wp-image-3072 aligncenter size-full\" srcset=\"https:\/\/www.slavonski-planinari.hr\/arhiva\/wp-content\/uploads\/2023\/01\/PREZDANAK.jpg 500w, https:\/\/www.slavonski-planinari.hr\/arhiva\/wp-content\/uploads\/2023\/01\/PREZDANAK-480x703.jpg 480w\" sizes=\"(min-width: 0px) and (max-width: 480px) 480px, (min-width: 481px) 500px, 100vw\" \/><\/p>\n<p style=\"text-align: right;\">Za HPD &#8220;Tikvicu&#8221; iz \u017dupanje<br \/>Marko Miki\u0107<\/p>\n<p>[\/et_pb_text][\/et_pb_column][\/et_pb_row][\/et_pb_section]<\/p>\n","protected":false},"excerpt":{"rendered":"<p>20.11.\u00a0nedjelja\u00a0&#8211; Jesen na Dilju, pohod Prezdanak-\u010cardak , HPD Tikvica \u017dupanja(Marko Miki\u0107, 0995662122, e-mail:\u00a0hpd.tikvica@gmail.com) &#8220;Jesen na Dilju&#8221; je tradicionalni izlet-pohod u organizaciji HPD Tikvica \u017dupanja, sada jubilarni dvadeseti po redu. Za one planinare koji prvi put dolaze na ovaj skup najbolje je si\u0107i s autoceste kod Slavonskog Broda pa preko Bukovlja i Vranovaca do Trnjana gdje [&hellip;]<\/p>\n","protected":false},"author":1,"featured_media":0,"comment_status":"closed","ping_status":"open","sticky":false,"template":"","format":"standard","meta":{"_et_pb_use_builder":"on","_et_pb_old_content":"","_et_gb_content_width":"1080","footnotes":""},"categories":[30],"tags":[],"class_list":["post-3068","post","type-post","status-publish","format-standard","hentry","category-30"],"_links":{"self":[{"href":"https:\/\/www.slavonski-planinari.hr\/arhiva\/wp-json\/wp\/v2\/posts\/3068","targetHints":{"allow":["GET"]}}],"collection":[{"href":"https:\/\/www.slavonski-planinari.hr\/arhiva\/wp-json\/wp\/v2\/posts"}],"about":[{"href":"https:\/\/www.slavonski-planinari.hr\/arhiva\/wp-json\/wp\/v2\/types\/post"}],"author":[{"embeddable":true,"href":"https:\/\/www.slavonski-planinari.hr\/arhiva\/wp-json\/wp\/v2\/users\/1"}],"replies":[{"embeddable":true,"href":"https:\/\/www.slavonski-planinari.hr\/arhiva\/wp-json\/wp\/v2\/comments?post=3068"}],"version-history":[{"count":0,"href":"https:\/\/www.slavonski-planinari.hr\/arhiva\/wp-json\/wp\/v2\/posts\/3068\/revisions"}],"wp:attachment":[{"href":"https:\/\/www.slavonski-planinari.hr\/arhiva\/wp-json\/wp\/v2\/media?parent=3068"}],"wp:term":[{"taxonomy":"category","embeddable":true,"href":"https:\/\/www.slavonski-planinari.hr\/arhiva\/wp-json\/wp\/v2\/categories?post=3068"},{"taxonomy":"post_tag","embeddable":true,"href":"https:\/\/www.slavonski-planinari.hr\/arhiva\/wp-json\/wp\/v2\/tags?post=3068"}],"curies":[{"name":"wp","href":"https:\/\/api.w.org\/{rel}","templated":true}]}}