{"id":3060,"date":"2016-10-05T10:45:00","date_gmt":"2016-10-05T09:45:00","guid":{"rendered":"https:\/\/www.slavonski-planinari.hr\/arhiva\/?p=3060"},"modified":"2023-01-13T10:47:52","modified_gmt":"2023-01-13T09:47:52","slug":"12-13-11-2016-18-kutjevacko-martinje","status":"publish","type":"post","link":"https:\/\/www.slavonski-planinari.hr\/arhiva\/12-13-11-2016-18-kutjevacko-martinje\/","title":{"rendered":"12.-13.11.2016. &#8211; 18. Kutjeva\u010dko Martinje"},"content":{"rendered":"<p>[et_pb_section fb_built=&#8221;1&#8243; theme_builder_area=&#8221;post_content&#8221; _builder_version=&#8221;4.19.4&#8243; _module_preset=&#8221;default&#8221;][et_pb_row _builder_version=&#8221;4.19.4&#8243; _module_preset=&#8221;default&#8221; theme_builder_area=&#8221;post_content&#8221;][et_pb_column _builder_version=&#8221;4.19.4&#8243; _module_preset=&#8221;default&#8221; type=&#8221;4_4&#8243; theme_builder_area=&#8221;post_content&#8221;][et_pb_text _builder_version=&#8221;4.19.4&#8243; _module_preset=&#8221;default&#8221; theme_builder_area=&#8221;post_content&#8221; hover_enabled=&#8221;0&#8243; sticky_enabled=&#8221;0&#8243;]<\/p>\n<ul>\n<li><strong>12. \/13.<span>\u00a0<\/span><em>sub.\/ned.<\/em><\/strong><span>\u00a0<\/span>18. Kutjeva\u010dko Martinje, HPD Vidim Kutjevo i TZ Kutjevo<br \/>(Ivica Vrani\u0107-Biter, 098 9956377, e-mail:<span>\u00a0<\/span><span id=\"cloakb83c5bbaff246b8d817df2bdc3417e31\"><span id=\"cloak46ff7b791b98bc33e874678624e9ce03\"><a href=\"mailto:hpd.vidim@gmail.com\">hpd.vidim@gmail.com<\/a><\/span><\/span>)<\/li>\n<\/ul>\n<p><img loading=\"lazy\" decoding=\"async\" src=\"https:\/\/www.slavonski-planinari.hr\/arhiva\/wp-content\/uploads\/2023\/01\/Kutjevo_Martinje2016-m.jpg\" width=\"170\" height=\"113\" alt=\"\" class=\"wp-image-3062 alignleft size-full\" \/>12. i 13. studenog 2016. (subota i nedjelja) u prigodi sv. Martina organizira se tradicionalni izlet za planinare, izletnike i sve ljubitelje vrhunske kutjeva\u010dke vinske kapljice.<\/p>\n<p>&nbsp;<\/p>\n<p>&nbsp;<\/p>\n<p><strong>Subota, 12.11.2016.<\/strong><\/p>\n<ul>\n<li>12:00 &#8211; Fi\u0161ijada ispred caffe bara Otok<\/li>\n<li>18:00 &#8211; U ve\u010dernjim satima Martinjske zabave u ugostit. objektima:\n<ul>\n<li>Caffe bar CECO: glazbeni sastav Libreto<\/li>\n<li>Caffe bar Otok: glazbeni sastav Maheri<\/li>\n<li>Pizza bar Puls: glazbeni sastav Prestige<\/li>\n<\/ul>\n<\/li>\n<\/ul>\n<p><strong>Nedjelja, 13.11.2016.<\/strong><\/p>\n<ul>\n<li>8:30 &#8211; okupljanje planinara, doru\u010dak i pozdravni govor doma\u0107ina<\/li>\n<li>10:00 &#8211; polazak na planinarski izlet uz vodi\u010de HPD Vidim<\/li>\n<li>11:00 &#8211; sveta misa u crkvi Ro\u0111enja BDM<\/li>\n<li>13:00 &#8211; okupljanje na Trgu gra\u0161evine uz tambura\u0161ke sastave Poljadija, Sanjari, Be\u0107aru\u0161e<\/li>\n<li>13:30 &#8211; povorka od Trga gra\u0161evine do crkve Ro\u0111enja BDM<\/li>\n<li>14:00 &#8211; blagoslov mo\u0161ta ispred crkve Ro\u0111enja BDM<\/li>\n<li>15:00 &#8211; program na Trgu gra\u0161evine: Martinjski obred<\/li>\n<li>15:30 &#8211; glazbeni program:\n<ul>\n<li>Krunoslav Ki\u0107o Slabinac, Garavu\u0161e, Libreto, Pjeva\u010dki zbog Matice umirovljenika grada Kutjeva<\/li>\n<\/ul>\n<\/li>\n<\/ul>\n<p><strong>Dani otvorenih podruma<\/strong><br \/>12. i 13.11. od 10 do 16 sati.<\/p>\n<p><img loading=\"lazy\" decoding=\"async\" src=\"https:\/\/www.slavonski-planinari.hr\/arhiva\/wp-content\/uploads\/2023\/01\/kutjevo2016-plakat.jpg\" width=\"600\" height=\"852\" alt=\"\" class=\"wp-image-3063 aligncenter size-full\" srcset=\"https:\/\/www.slavonski-planinari.hr\/arhiva\/wp-content\/uploads\/2023\/01\/kutjevo2016-plakat.jpg 600w, https:\/\/www.slavonski-planinari.hr\/arhiva\/wp-content\/uploads\/2023\/01\/kutjevo2016-plakat-480x682.jpg 480w\" sizes=\"(min-width: 0px) and (max-width: 480px) 480px, (min-width: 481px) 600px, 100vw\" \/><\/p>\n<p>[\/et_pb_text][\/et_pb_column][\/et_pb_row][\/et_pb_section]<\/p>\n","protected":false},"excerpt":{"rendered":"<p>12. \/13.\u00a0sub.\/ned.\u00a018. Kutjeva\u010dko Martinje, HPD Vidim Kutjevo i TZ Kutjevo(Ivica Vrani\u0107-Biter, 098 9956377, e-mail:\u00a0hpd.vidim@gmail.com) 12. i 13. studenog 2016. (subota i nedjelja) u prigodi sv. Martina organizira se tradicionalni izlet za planinare, izletnike i sve ljubitelje vrhunske kutjeva\u010dke vinske kapljice. &nbsp; &nbsp; Subota, 12.11.2016. 12:00 &#8211; Fi\u0161ijada ispred caffe bara Otok 18:00 &#8211; U ve\u010dernjim [&hellip;]<\/p>\n","protected":false},"author":1,"featured_media":0,"comment_status":"closed","ping_status":"open","sticky":false,"template":"","format":"standard","meta":{"_et_pb_use_builder":"on","_et_pb_old_content":"","_et_gb_content_width":"1080","footnotes":""},"categories":[30],"tags":[],"class_list":["post-3060","post","type-post","status-publish","format-standard","hentry","category-30"],"_links":{"self":[{"href":"https:\/\/www.slavonski-planinari.hr\/arhiva\/wp-json\/wp\/v2\/posts\/3060","targetHints":{"allow":["GET"]}}],"collection":[{"href":"https:\/\/www.slavonski-planinari.hr\/arhiva\/wp-json\/wp\/v2\/posts"}],"about":[{"href":"https:\/\/www.slavonski-planinari.hr\/arhiva\/wp-json\/wp\/v2\/types\/post"}],"author":[{"embeddable":true,"href":"https:\/\/www.slavonski-planinari.hr\/arhiva\/wp-json\/wp\/v2\/users\/1"}],"replies":[{"embeddable":true,"href":"https:\/\/www.slavonski-planinari.hr\/arhiva\/wp-json\/wp\/v2\/comments?post=3060"}],"version-history":[{"count":0,"href":"https:\/\/www.slavonski-planinari.hr\/arhiva\/wp-json\/wp\/v2\/posts\/3060\/revisions"}],"wp:attachment":[{"href":"https:\/\/www.slavonski-planinari.hr\/arhiva\/wp-json\/wp\/v2\/media?parent=3060"}],"wp:term":[{"taxonomy":"category","embeddable":true,"href":"https:\/\/www.slavonski-planinari.hr\/arhiva\/wp-json\/wp\/v2\/categories?post=3060"},{"taxonomy":"post_tag","embeddable":true,"href":"https:\/\/www.slavonski-planinari.hr\/arhiva\/wp-json\/wp\/v2\/tags?post=3060"}],"curies":[{"name":"wp","href":"https:\/\/api.w.org\/{rel}","templated":true}]}}