{"id":3025,"date":"2016-09-22T09:16:00","date_gmt":"2016-09-22T08:16:00","guid":{"rendered":"https:\/\/www.slavonski-planinari.hr\/arhiva\/?p=3025"},"modified":"2023-01-13T09:22:07","modified_gmt":"2023-01-13T08:22:07","slug":"susret-planinara-slavonje-i-vojvodine-2016-foto","status":"publish","type":"post","link":"https:\/\/www.slavonski-planinari.hr\/arhiva\/susret-planinara-slavonje-i-vojvodine-2016-foto\/","title":{"rendered":"Susret planinara Slavonije i Vojvodine 2016. [FOTO]"},"content":{"rendered":"<p>[et_pb_section fb_built=&#8221;1&#8243; theme_builder_area=&#8221;post_content&#8221; _builder_version=&#8221;4.19.4&#8243; _module_preset=&#8221;default&#8221;][et_pb_row _builder_version=&#8221;4.19.4&#8243; _module_preset=&#8221;default&#8221; theme_builder_area=&#8221;post_content&#8221;][et_pb_column _builder_version=&#8221;4.19.4&#8243; _module_preset=&#8221;default&#8221; type=&#8221;4_4&#8243; theme_builder_area=&#8221;post_content&#8221;][et_pb_text _builder_version=&#8221;4.19.4&#8243; _module_preset=&#8221;default&#8221; theme_builder_area=&#8221;post_content&#8221; hover_enabled=&#8221;0&#8243; sticky_enabled=&#8221;0&#8243;]<\/p>\n<div class=\"gmail_default\" style=\"text-align: justify;\"><strong><img loading=\"lazy\" decoding=\"async\" src=\"https:\/\/www.slavonski-planinari.hr\/arhiva\/wp-content\/uploads\/2023\/01\/20160918_123645.jpg\" width=\"143\" height=\"108\" alt=\"\" class=\"wp-image-3028 alignleft size-full\" \/>Susret planinara Slavonje i Vojvodine Po Panonskim gorama 2016.\u00a0i obilje\u017eavanje 60 godina Fru\u0161kogorske transverzale<\/strong><span>\u00a0<\/span><\/div>\n<div class=\"gmail_default\" style=\"text-align: justify;\"><\/div>\n<div class=\"gmail_default\" style=\"text-align: justify;\">Ove godine su doma\u0107ini susreta bili vojvo\u0111ani, na svojoj Fru\u0161koj Gori. Susret je ujedno obilje\u017eio i 60 godina Fru\u0161kogorske transverzale (obilaznice). Kod manastira Beo\u010din, okupilo se 18. rujna 2016., oko 150 planinara iz doma\u0107ih dru\u0161tava i klubova te 32 iz Slavonije (Beli\u0161\u0107e, Na\u0161ice, \u0110akovo, Osijek, \u0110ur\u0111enovac, Po\u017eega i Lipik).<\/div>\n<div class=\"itemFullText\" style=\"text-align: justify;\"><\/div>\n<div class=\"gmail_default\" style=\"text-align: justify;\">\u00a0<\/div>\n<div class=\"gmail_default\" style=\"text-align: justify;\">Nakon prigodnih rije\u010di dobrodo\u0161lice i osnovnih informacija o karakteristikama Fru\u0161kogorske transverzale, predsjednici PSV (Iso Plani\u0107) i SP (Otmar Tosenberger) su razmjenili 30 dnevnika SPP i Fru\u0161kogorske transverzale kako bi potakli jedni druge na uzajamno posje\u0107ivanje.<\/div>\n<div class=\"gmail_default\" style=\"text-align: justify;\">\u00a0<\/div>\n<div class=\"gmail_default\" style=\"text-align: justify;\">Slijedilo je pravo planinarenje, 14,5 km prili\u010dno strmo gore-dolje &#8211; poprijeko poto\u010dnih dolina, koje su duboko izbrazdale sjeverne padine Fru\u0161ke Gore. Usputne zanimljivosti i znamenitosti: vodopad, Beli Majdan (rudnik kamena), manastir Rakovica, pustinja\u010dka pe\u0107ina, jezero i, na kraju, planinarski dom \u017delezni\u010dar na Popovici.<\/div>\n<div class=\"gmail_default\" style=\"text-align: justify;\">\u00a0<\/div>\n<div class=\"gmail_default\" style=\"text-align: justify;\">Domar je skuhao izvrstan pasulj\/grah, koji je dobro prijao poslije prili\u010dno zamornog hodanja.<\/div>\n<div class=\"gmail_default\" style=\"text-align: justify;\">\u00a0<\/div>\n<div class=\"gmail_default\" style=\"text-align: justify;\">Slijede\u0107e godine su doma\u0107ini<span>\u00a0<\/span><strong>slavonci<\/strong>, koji \u0107e ujedno o bilje\u017eiti 60 godina SPPa.<\/div>\n<p>[\/et_pb_text][\/et_pb_column][\/et_pb_row][et_pb_row _builder_version=&#8221;4.19.4&#8243; _module_preset=&#8221;default&#8221; theme_builder_area=&#8221;post_content&#8221;][et_pb_column _builder_version=&#8221;4.19.4&#8243; _module_preset=&#8221;default&#8221; type=&#8221;4_4&#8243; theme_builder_area=&#8221;post_content&#8221;][et_pb_gallery _builder_version=&#8221;4.19.4&#8243; _module_preset=&#8221;default&#8221; theme_builder_area=&#8221;post_content&#8221; gallery_ids=&#8221;3029,3030,3031,3032,3033,3034,3035,3036,3037,3038,3039,3040,3041,3042,3043,3044&#8243; posts_number=&#8221;16&#8243; show_title_and_caption=&#8221;off&#8221; hover_enabled=&#8221;0&#8243; sticky_enabled=&#8221;0&#8243;][\/et_pb_gallery][\/et_pb_column][\/et_pb_row][\/et_pb_section]<\/p>\n","protected":false},"excerpt":{"rendered":"<p>Susret planinara Slavonje i Vojvodine Po Panonskim gorama 2016.\u00a0i obilje\u017eavanje 60 godina Fru\u0161kogorske transverzale\u00a0 Ove godine su doma\u0107ini susreta bili vojvo\u0111ani, na svojoj Fru\u0161koj Gori. Susret je ujedno obilje\u017eio i 60 godina Fru\u0161kogorske transverzale (obilaznice). Kod manastira Beo\u010din, okupilo se 18. rujna 2016., oko 150 planinara iz doma\u0107ih dru\u0161tava i klubova te 32 iz Slavonije [&hellip;]<\/p>\n","protected":false},"author":1,"featured_media":0,"comment_status":"closed","ping_status":"open","sticky":false,"template":"","format":"standard","meta":{"_et_pb_use_builder":"on","_et_pb_old_content":"","_et_gb_content_width":"1080","footnotes":""},"categories":[30],"tags":[],"class_list":["post-3025","post","type-post","status-publish","format-standard","hentry","category-30"],"_links":{"self":[{"href":"https:\/\/www.slavonski-planinari.hr\/arhiva\/wp-json\/wp\/v2\/posts\/3025","targetHints":{"allow":["GET"]}}],"collection":[{"href":"https:\/\/www.slavonski-planinari.hr\/arhiva\/wp-json\/wp\/v2\/posts"}],"about":[{"href":"https:\/\/www.slavonski-planinari.hr\/arhiva\/wp-json\/wp\/v2\/types\/post"}],"author":[{"embeddable":true,"href":"https:\/\/www.slavonski-planinari.hr\/arhiva\/wp-json\/wp\/v2\/users\/1"}],"replies":[{"embeddable":true,"href":"https:\/\/www.slavonski-planinari.hr\/arhiva\/wp-json\/wp\/v2\/comments?post=3025"}],"version-history":[{"count":0,"href":"https:\/\/www.slavonski-planinari.hr\/arhiva\/wp-json\/wp\/v2\/posts\/3025\/revisions"}],"wp:attachment":[{"href":"https:\/\/www.slavonski-planinari.hr\/arhiva\/wp-json\/wp\/v2\/media?parent=3025"}],"wp:term":[{"taxonomy":"category","embeddable":true,"href":"https:\/\/www.slavonski-planinari.hr\/arhiva\/wp-json\/wp\/v2\/categories?post=3025"},{"taxonomy":"post_tag","embeddable":true,"href":"https:\/\/www.slavonski-planinari.hr\/arhiva\/wp-json\/wp\/v2\/tags?post=3025"}],"curies":[{"name":"wp","href":"https:\/\/api.w.org\/{rel}","templated":true}]}}