{"id":3017,"date":"2016-09-16T09:01:00","date_gmt":"2016-09-16T08:01:00","guid":{"rendered":"https:\/\/www.slavonski-planinari.hr\/arhiva\/?p=3017"},"modified":"2023-01-13T09:04:11","modified_gmt":"2023-01-13T08:04:11","slug":"u-planinama-je-raj-foto","status":"publish","type":"post","link":"https:\/\/www.slavonski-planinari.hr\/arhiva\/u-planinama-je-raj-foto\/","title":{"rendered":"U planinama je raj [FOTO]"},"content":{"rendered":"<p>[et_pb_section fb_built=&#8221;1&#8243; theme_builder_area=&#8221;post_content&#8221; _builder_version=&#8221;4.19.4&#8243; _module_preset=&#8221;default&#8221;][et_pb_row _builder_version=&#8221;4.19.4&#8243; _module_preset=&#8221;default&#8221; theme_builder_area=&#8221;post_content&#8221;][et_pb_column _builder_version=&#8221;4.19.4&#8243; _module_preset=&#8221;default&#8221; type=&#8221;4_4&#8243; theme_builder_area=&#8221;post_content&#8221;][et_pb_text _builder_version=&#8221;4.19.4&#8243; _module_preset=&#8221;default&#8221; theme_builder_area=&#8221;post_content&#8221; hover_enabled=&#8221;0&#8243; sticky_enabled=&#8221;0&#8243;]<\/p>\n<div class=\"itemIntroText\">\n<p style=\"text-align: justify;\">U organizaciji HPD \u201ePapuk\u201c iz Virovitice dana 15. rujna 2016. godine u prostorijama Dnevnog boravka GDCK u Virovitici otvorena je izlo\u017eba planinarske fotografije \u201eU planinama je raj\u201c koja je u svibnju ove godine prvi puta predstavljena u Osijeku, u organizaciji HPD \u201eBr\u0161ljan-Jankovac\u201c i PD \u201eZanatlija\u201c iz Osijeka.<\/p>\n<\/div>\n<div class=\"itemFullText\">\n<p style=\"text-align: justify;\">Ova je izlo\u017eba uprili\u010dena u znak obilje\u017eavanja 120 godina planinarstva u Slavoniji i promotivnog je karaktera.<\/p>\n<p style=\"text-align: justify;\">Izlo\u017eene su po \u010detiri fotografije svakog autora koji se prijavio za sudjelovanje na izlo\u017ebi, a radi se uglavnom o planinarima \u010dlanovima dva dru\u0161tva organizatora i to HPD \u201eBr\u0161ljan-Jankovac i PD \u201eZanatlija\u201c iz Osijeka.<\/p>\n<p style=\"text-align: justify;\">Pored njih na izlo\u017ebi sudjeluje i HPD \u201eStrmac\u201c iz Nove Gradi\u0161ke i HPD \u201ePapuk\u201c iz Virovitice.<\/p>\n<p style=\"text-align: justify;\">Posjetitelji \u0107e izlo\u017ebu mo\u0107i vidjeti do 15. listopada 2016. godine.<\/p>\n<\/div>\n<p>[\/et_pb_text][\/et_pb_column][\/et_pb_row][et_pb_row _builder_version=&#8221;4.19.4&#8243; _module_preset=&#8221;default&#8221; theme_builder_area=&#8221;post_content&#8221;][et_pb_column _builder_version=&#8221;4.19.4&#8243; _module_preset=&#8221;default&#8221; type=&#8221;4_4&#8243; theme_builder_area=&#8221;post_content&#8221;][et_pb_gallery _builder_version=&#8221;4.19.4&#8243; _module_preset=&#8221;default&#8221; theme_builder_area=&#8221;post_content&#8221; gallery_ids=&#8221;3019,3020,3021,3022,3023&#8243; posts_number=&#8221;5&#8243; show_title_and_caption=&#8221;off&#8221; hover_enabled=&#8221;0&#8243; sticky_enabled=&#8221;0&#8243;][\/et_pb_gallery][\/et_pb_column][\/et_pb_row][\/et_pb_section]<\/p>\n","protected":false},"excerpt":{"rendered":"<p>U organizaciji HPD \u201ePapuk\u201c iz Virovitice dana 15. rujna 2016. godine u prostorijama Dnevnog boravka GDCK u Virovitici otvorena je izlo\u017eba planinarske fotografije \u201eU planinama je raj\u201c koja je u svibnju ove godine prvi puta predstavljena u Osijeku, u organizaciji HPD \u201eBr\u0161ljan-Jankovac\u201c i PD \u201eZanatlija\u201c iz Osijeka. Ova je izlo\u017eba uprili\u010dena u znak obilje\u017eavanja 120 [&hellip;]<\/p>\n","protected":false},"author":1,"featured_media":0,"comment_status":"closed","ping_status":"open","sticky":false,"template":"","format":"standard","meta":{"_et_pb_use_builder":"on","_et_pb_old_content":"","_et_gb_content_width":"1080","footnotes":""},"categories":[30],"tags":[],"class_list":["post-3017","post","type-post","status-publish","format-standard","hentry","category-30"],"_links":{"self":[{"href":"https:\/\/www.slavonski-planinari.hr\/arhiva\/wp-json\/wp\/v2\/posts\/3017","targetHints":{"allow":["GET"]}}],"collection":[{"href":"https:\/\/www.slavonski-planinari.hr\/arhiva\/wp-json\/wp\/v2\/posts"}],"about":[{"href":"https:\/\/www.slavonski-planinari.hr\/arhiva\/wp-json\/wp\/v2\/types\/post"}],"author":[{"embeddable":true,"href":"https:\/\/www.slavonski-planinari.hr\/arhiva\/wp-json\/wp\/v2\/users\/1"}],"replies":[{"embeddable":true,"href":"https:\/\/www.slavonski-planinari.hr\/arhiva\/wp-json\/wp\/v2\/comments?post=3017"}],"version-history":[{"count":0,"href":"https:\/\/www.slavonski-planinari.hr\/arhiva\/wp-json\/wp\/v2\/posts\/3017\/revisions"}],"wp:attachment":[{"href":"https:\/\/www.slavonski-planinari.hr\/arhiva\/wp-json\/wp\/v2\/media?parent=3017"}],"wp:term":[{"taxonomy":"category","embeddable":true,"href":"https:\/\/www.slavonski-planinari.hr\/arhiva\/wp-json\/wp\/v2\/categories?post=3017"},{"taxonomy":"post_tag","embeddable":true,"href":"https:\/\/www.slavonski-planinari.hr\/arhiva\/wp-json\/wp\/v2\/tags?post=3017"}],"curies":[{"name":"wp","href":"https:\/\/api.w.org\/{rel}","templated":true}]}}