{"id":3001,"date":"2016-09-15T08:54:00","date_gmt":"2016-09-15T07:54:00","guid":{"rendered":"https:\/\/www.slavonski-planinari.hr\/arhiva\/?p=3001"},"modified":"2023-01-13T09:00:53","modified_gmt":"2023-01-13T08:00:53","slug":"66-dan-slavonskih-planinara-foto","status":"publish","type":"post","link":"https:\/\/www.slavonski-planinari.hr\/arhiva\/66-dan-slavonskih-planinara-foto\/","title":{"rendered":"66. dan slavonskih planinara [FOTO]"},"content":{"rendered":"<p>[et_pb_section fb_built=&#8221;1&#8243; theme_builder_area=&#8221;post_content&#8221; _builder_version=&#8221;4.19.4&#8243; _module_preset=&#8221;default&#8221;][et_pb_row _builder_version=&#8221;4.19.4&#8243; _module_preset=&#8221;default&#8221; theme_builder_area=&#8221;post_content&#8221;][et_pb_column _builder_version=&#8221;4.19.4&#8243; _module_preset=&#8221;default&#8221; type=&#8221;4_4&#8243; theme_builder_area=&#8221;post_content&#8221;][et_pb_text _builder_version=&#8221;4.19.4&#8243; _module_preset=&#8221;default&#8221; theme_builder_area=&#8221;post_content&#8221; hover_enabled=&#8221;0&#8243; sticky_enabled=&#8221;0&#8243;]<\/p>\n<div class=\"itemIntroText\">\n<p style=\"text-align: justify;\">Svake godine se tradicionalno okupljaju slavonski planinari.<\/p>\n<p style=\"text-align: justify;\">Manifestacija se od pro\u0161le godine naziva<span>\u00a0<\/span><em><strong>Dan slavonskih planinar<\/strong><\/em>a (ranije slet, susret, dan) a odr\u017eava se po 66. puta.<\/p>\n<p style=\"text-align: justify;\">Doma\u0107in i glavni organizator je ove godine bilo HPD &#8220;Orahovica&#8221;.<\/p>\n<p style=\"text-align: justify;\">Oko 400 planinara okupilo se kod orahova\u010dkog Jezera.<\/p>\n<\/div>\n<div class=\"itemFullText\">\n<p style=\"text-align: justify;\">Sudionike su pozdravili Zorko Steiner, predsjednik HPD &#8220;Orahovica&#8221;, Otmar Tosenberger, predsjednik udruge &#8220;Slavonski planinari&#8221; i orahova\u010dki gradona\u010delnik Josip Nemec, koji je i slu\u017ebeno otvorio manifestaciju.<\/p>\n<p style=\"text-align: justify;\">Nakon pozdravnih rije\u010di, krenulo se na staze: kra\u0107a od 2,5 sata ( Ru\u017eica grad &#8211; \u010cibger &#8211; Jezero) i du\u017ea od 3,5 sata (Ru\u017eica grad &#8211; \u010cibger &#8211; Stjenjak &#8211; Jezero ). Vodili su doma\u0107i vodi\u010di a za sigurnost brinuli \u010dlanovi HGSS stanica Orahovica.<\/p>\n<p><img loading=\"lazy\" decoding=\"async\" src=\"https:\/\/www.slavonski-planinari.hr\/arhiva\/wp-content\/uploads\/2023\/01\/pecat66dana.jpg\" width=\"111\" height=\"112\" alt=\"\" class=\"wp-image-3003 aligncenter size-full\" style=\"float: right;\" srcset=\"https:\/\/www.slavonski-planinari.hr\/arhiva\/wp-content\/uploads\/2023\/01\/pecat66dana.jpg 300w, https:\/\/www.slavonski-planinari.hr\/arhiva\/wp-content\/uploads\/2023\/01\/pecat66dana-150x150.jpg 150w\" sizes=\"(max-width: 111px) 100vw, 111px\" \/>Dok su ostali planinari hodali, na prostoru OPG \u0160imati\u0107 (u neposrednoj blizini jezera) delegati udruge &#8220;Slavonski planinari&#8221; su odr\u017eali izvanrednu skup\u0161tinu.<\/p>\n<p style=\"text-align: justify;\">Nakon hodanja, sastanka i ru\u010dka, organizatori su pozvali na natjecanja u \u010detiri discipline: &#8220;karike na marike&#8221;, ga\u0111anje lukom i strijelom,\u00a0 ga\u0111anje pra\u0107kom i atraktivna alka s posebno prera\u0111enim kolicima.<\/p>\n<p style=\"text-align: justify;\">Na Danu slavonskih planinara bili su planinari iz Slavonije te tri planinarska dru\u0161tva iz i BiH. Cijeli program pratila je \u017eiva glazba pa je tako i planinarska veselica uz ples i dru\u017eenje trajala do 19 sati.<\/p>\n<p style=\"text-align: justify;\">Slijede\u0107e godine vidimo se 10. rujna na Strmcu kad je doma\u0107in HPD &#8220;Strmac&#8221; iz Nove Gradi\u0161ke.<\/p>\n<p style=\"text-align: center;\"><strong>Hvala doma\u0107inima na odli\u010dnoj organizaciji!<\/strong><\/p>\n<\/div>\n<p>[\/et_pb_text][\/et_pb_column][\/et_pb_row][et_pb_row _builder_version=&#8221;4.19.4&#8243; _module_preset=&#8221;default&#8221; theme_builder_area=&#8221;post_content&#8221;][et_pb_column _builder_version=&#8221;4.19.4&#8243; _module_preset=&#8221;default&#8221; type=&#8221;4_4&#8243; theme_builder_area=&#8221;post_content&#8221;][et_pb_gallery _builder_version=&#8221;4.19.4&#8243; _module_preset=&#8221;default&#8221; theme_builder_area=&#8221;post_content&#8221; gallery_ids=&#8221;3004,3005,3006,3007,3008,3009,3010,3011,3012,3013,3014,3015&#8243; posts_number=&#8221;12&#8243; show_title_and_caption=&#8221;off&#8221; hover_enabled=&#8221;0&#8243; sticky_enabled=&#8221;0&#8243;][\/et_pb_gallery][\/et_pb_column][\/et_pb_row][\/et_pb_section]<\/p>\n","protected":false},"excerpt":{"rendered":"<p>Svake godine se tradicionalno okupljaju slavonski planinari. Manifestacija se od pro\u0161le godine naziva\u00a0Dan slavonskih planinara (ranije slet, susret, dan) a odr\u017eava se po 66. puta. Doma\u0107in i glavni organizator je ove godine bilo HPD &#8220;Orahovica&#8221;. Oko 400 planinara okupilo se kod orahova\u010dkog Jezera. Sudionike su pozdravili Zorko Steiner, predsjednik HPD &#8220;Orahovica&#8221;, Otmar Tosenberger, predsjednik udruge [&hellip;]<\/p>\n","protected":false},"author":1,"featured_media":0,"comment_status":"closed","ping_status":"open","sticky":false,"template":"","format":"standard","meta":{"_et_pb_use_builder":"on","_et_pb_old_content":"","_et_gb_content_width":"1080","footnotes":""},"categories":[30],"tags":[],"class_list":["post-3001","post","type-post","status-publish","format-standard","hentry","category-30"],"_links":{"self":[{"href":"https:\/\/www.slavonski-planinari.hr\/arhiva\/wp-json\/wp\/v2\/posts\/3001","targetHints":{"allow":["GET"]}}],"collection":[{"href":"https:\/\/www.slavonski-planinari.hr\/arhiva\/wp-json\/wp\/v2\/posts"}],"about":[{"href":"https:\/\/www.slavonski-planinari.hr\/arhiva\/wp-json\/wp\/v2\/types\/post"}],"author":[{"embeddable":true,"href":"https:\/\/www.slavonski-planinari.hr\/arhiva\/wp-json\/wp\/v2\/users\/1"}],"replies":[{"embeddable":true,"href":"https:\/\/www.slavonski-planinari.hr\/arhiva\/wp-json\/wp\/v2\/comments?post=3001"}],"version-history":[{"count":0,"href":"https:\/\/www.slavonski-planinari.hr\/arhiva\/wp-json\/wp\/v2\/posts\/3001\/revisions"}],"wp:attachment":[{"href":"https:\/\/www.slavonski-planinari.hr\/arhiva\/wp-json\/wp\/v2\/media?parent=3001"}],"wp:term":[{"taxonomy":"category","embeddable":true,"href":"https:\/\/www.slavonski-planinari.hr\/arhiva\/wp-json\/wp\/v2\/categories?post=3001"},{"taxonomy":"post_tag","embeddable":true,"href":"https:\/\/www.slavonski-planinari.hr\/arhiva\/wp-json\/wp\/v2\/tags?post=3001"}],"curies":[{"name":"wp","href":"https:\/\/api.w.org\/{rel}","templated":true}]}}