{"id":2997,"date":"2016-09-08T08:51:00","date_gmt":"2016-09-08T07:51:00","guid":{"rendered":"https:\/\/www.slavonski-planinari.hr\/arhiva\/?p=2997"},"modified":"2023-01-13T08:54:15","modified_gmt":"2023-01-13T07:54:15","slug":"kroz-vinograde-i-sume-2016","status":"publish","type":"post","link":"https:\/\/www.slavonski-planinari.hr\/arhiva\/kroz-vinograde-i-sume-2016\/","title":{"rendered":"Kroz vinograde i \u0161ume 2016."},"content":{"rendered":"<p>[et_pb_section fb_built=&#8221;1&#8243; theme_builder_area=&#8221;post_content&#8221; _builder_version=&#8221;4.19.4&#8243; _module_preset=&#8221;default&#8221;][et_pb_row _builder_version=&#8221;4.19.4&#8243; _module_preset=&#8221;default&#8221; theme_builder_area=&#8221;post_content&#8221;][et_pb_column _builder_version=&#8221;4.19.4&#8243; _module_preset=&#8221;default&#8221; type=&#8221;4_4&#8243; theme_builder_area=&#8221;post_content&#8221;][et_pb_text _builder_version=&#8221;4.19.4&#8243; _module_preset=&#8221;default&#8221; theme_builder_area=&#8221;post_content&#8221; hover_enabled=&#8221;0&#8243; sticky_enabled=&#8221;0&#8243;]<\/p>\n<div class=\"itemIntroText\">\n<p><img loading=\"lazy\" decoding=\"async\" src=\"https:\/\/www.slavonski-planinari.hr\/arhiva\/wp-content\/uploads\/2023\/01\/logo-hpd-sokol.jpg\" width=\"169\" height=\"130\" alt=\"\" class=\"wp-image-2999 alignleft size-full\" \/>U nedjelju, 25. rujna 2016. odr\u017eat \u0107e se jubilarni 25. Susret planinara &#8220;Kroz vinograde i \u0161ume&#8221; u Feri\u010dancima.<\/p>\n<p>&nbsp;<\/p>\n<p>Okupljanje zapo\u010dinje pred \u0161kolom od 9:00 sati.<\/p>\n<p>&nbsp;<\/p>\n<p>Parking za autobzse osiguran je na trgu kraj dru\u0161tvenog doma, a za osobna vozila u centru.<\/p>\n<\/div>\n<div class=\"itemFullText\">\n<p>&nbsp;<\/p>\n<p><strong>Program susreta &#8220;Kroz vinograde i \u0161ume 2016.&#8221;<\/strong><\/p>\n<ul>\n<li>od 9:30h &#8211; 4. Susret markacista slavonskih planinara<\/li>\n<li>do 10:00 h &#8211; razgledanje vinoteke, kupnja proizvoda iz ponude<\/li>\n<li>10:00 h &#8211; polazak na dulju stazu (3h 30min)<\/li>\n<li>10:30 h &#8211; polazak na kra\u0107u stazu (2h)<\/li>\n<li>program na Srednjaku:\n<ul>\n<li>ru\u010dak (ugostiteljska ponuda \u2013 \u0107evapi, pi\u0107e po atraktivnim cijenama) i dru\u017eenje uz tambura\u0161e<\/li>\n<\/ul>\n<\/li>\n<li>povratak u Feri\u010dance \u2013 po \u017eelji<\/li>\n<\/ul>\n<p><strong>O\u010dekujemo vas s rado\u0161\u0107u opet u Feri\u010dancima.<\/strong><\/p>\n<p><strong>Kontakt osobe: &#8220;Sokol&#8221;<\/strong><\/p>\n<ul>\n<li>Luka Malo\u010da:099\/6922215<\/li>\n<li>Ivan Ko\u010daj:097\/7759340<\/li>\n<li>Josip \u0160alek:098\/627401<\/li>\n<\/ul>\n<p style=\"text-align: right;\">U Feri\u010dancima 01.09.2016.<br \/>Predsjednik HPD<br \/>Josip \u0160alek<\/p>\n<\/div>\n<p>[\/et_pb_text][\/et_pb_column][\/et_pb_row][\/et_pb_section]<\/p>\n","protected":false},"excerpt":{"rendered":"<p>U nedjelju, 25. rujna 2016. odr\u017eat \u0107e se jubilarni 25. Susret planinara &#8220;Kroz vinograde i \u0161ume&#8221; u Feri\u010dancima. &nbsp; Okupljanje zapo\u010dinje pred \u0161kolom od 9:00 sati. &nbsp; Parking za autobzse osiguran je na trgu kraj dru\u0161tvenog doma, a za osobna vozila u centru. &nbsp; Program susreta &#8220;Kroz vinograde i \u0161ume 2016.&#8221; od 9:30h &#8211; 4. [&hellip;]<\/p>\n","protected":false},"author":1,"featured_media":0,"comment_status":"closed","ping_status":"open","sticky":false,"template":"","format":"standard","meta":{"_et_pb_use_builder":"on","_et_pb_old_content":"","_et_gb_content_width":"1080","footnotes":""},"categories":[30],"tags":[],"class_list":["post-2997","post","type-post","status-publish","format-standard","hentry","category-30"],"_links":{"self":[{"href":"https:\/\/www.slavonski-planinari.hr\/arhiva\/wp-json\/wp\/v2\/posts\/2997","targetHints":{"allow":["GET"]}}],"collection":[{"href":"https:\/\/www.slavonski-planinari.hr\/arhiva\/wp-json\/wp\/v2\/posts"}],"about":[{"href":"https:\/\/www.slavonski-planinari.hr\/arhiva\/wp-json\/wp\/v2\/types\/post"}],"author":[{"embeddable":true,"href":"https:\/\/www.slavonski-planinari.hr\/arhiva\/wp-json\/wp\/v2\/users\/1"}],"replies":[{"embeddable":true,"href":"https:\/\/www.slavonski-planinari.hr\/arhiva\/wp-json\/wp\/v2\/comments?post=2997"}],"version-history":[{"count":0,"href":"https:\/\/www.slavonski-planinari.hr\/arhiva\/wp-json\/wp\/v2\/posts\/2997\/revisions"}],"wp:attachment":[{"href":"https:\/\/www.slavonski-planinari.hr\/arhiva\/wp-json\/wp\/v2\/media?parent=2997"}],"wp:term":[{"taxonomy":"category","embeddable":true,"href":"https:\/\/www.slavonski-planinari.hr\/arhiva\/wp-json\/wp\/v2\/categories?post=2997"},{"taxonomy":"post_tag","embeddable":true,"href":"https:\/\/www.slavonski-planinari.hr\/arhiva\/wp-json\/wp\/v2\/tags?post=2997"}],"curies":[{"name":"wp","href":"https:\/\/api.w.org\/{rel}","templated":true}]}}