{"id":2992,"date":"2016-08-30T08:49:00","date_gmt":"2016-08-30T07:49:00","guid":{"rendered":"https:\/\/www.slavonski-planinari.hr\/arhiva\/?p=2992"},"modified":"2023-01-13T08:51:29","modified_gmt":"2023-01-13T07:51:29","slug":"66-dan-slavonskih-planinar","status":"publish","type":"post","link":"https:\/\/www.slavonski-planinari.hr\/arhiva\/66-dan-slavonskih-planinar\/","title":{"rendered":"66. dan slavonskih planinara"},"content":{"rendered":"<p>[et_pb_section fb_built=&#8221;1&#8243; theme_builder_area=&#8221;post_content&#8221; _builder_version=&#8221;4.19.4&#8243; _module_preset=&#8221;default&#8221;][et_pb_row _builder_version=&#8221;4.19.4&#8243; _module_preset=&#8221;default&#8221; theme_builder_area=&#8221;post_content&#8221;][et_pb_column _builder_version=&#8221;4.19.4&#8243; _module_preset=&#8221;default&#8221; type=&#8221;4_4&#8243; theme_builder_area=&#8221;post_content&#8221;][et_pb_text _builder_version=&#8221;4.19.4&#8243; _module_preset=&#8221;default&#8221; theme_builder_area=&#8221;post_content&#8221; hover_enabled=&#8221;0&#8243; sticky_enabled=&#8221;0&#8243;]<\/p>\n<div class=\"itemIntroText\">\n<p><img loading=\"lazy\" decoding=\"async\" src=\"https:\/\/www.slavonski-planinari.hr\/arhiva\/wp-content\/uploads\/2023\/01\/jezero.jpg\" width=\"170\" height=\"128\" alt=\"\" class=\"wp-image-2995 alignleft size-full\" \/>HPD Orahovica i Slavonski planinari, udruga planinarskih udruga Slavonije, pozivaju vas na tradicionalni 66. dan slavonskih planinara.<\/p>\n<p>&nbsp;<\/p>\n<p>Susret \u0107e se odr\u017eati 11. rujna 2016. na Orahova\u010dkom jezeru.<\/p>\n<p>&nbsp;<\/p>\n<\/div>\n<div class=\"itemFullText\">\n<p><strong>Program:<\/strong><\/p>\n<ul>\n<li>do 9,00 &#8211; okupljanje planinara na jezeru<\/li>\n<li>9,30 &#8211; pozdravna rije\u010d organizatora<\/li>\n<li>10,00 polazak na staze<br \/>1. kra\u0107a (2,30h) Ru\u017eica grad &#8211; \u010cibger &#8211; Jezero<br \/>2. du\u017ea (3,30h) Ru\u017eica grad &#8211; \u010cibger &#8211; Stjenjak &#8211; Jezero<\/li>\n<li>13,30 &#8211; ru\u010dak<\/li>\n<li>14,30 &#8211; sportske igre<\/li>\n<\/ul>\n<p>Cijeli program prati \u017eiva glazba.<\/p>\n<p>Dobro do\u0161li!<\/p>\n<p><strong>Informacije i prijave:<\/strong><br \/>Zorko Steiner 099 21 44 297<br \/>Zlatko Tom\u0161i\u0107 098 811 918<\/p>\n<\/div>\n<p>[\/et_pb_text][\/et_pb_column][\/et_pb_row][\/et_pb_section]<\/p>\n","protected":false},"excerpt":{"rendered":"<p>HPD Orahovica i Slavonski planinari, udruga planinarskih udruga Slavonije, pozivaju vas na tradicionalni 66. dan slavonskih planinara. &nbsp; Susret \u0107e se odr\u017eati 11. rujna 2016. na Orahova\u010dkom jezeru. &nbsp; Program: do 9,00 &#8211; okupljanje planinara na jezeru 9,30 &#8211; pozdravna rije\u010d organizatora 10,00 polazak na staze1. kra\u0107a (2,30h) Ru\u017eica grad &#8211; \u010cibger &#8211; Jezero2. du\u017ea [&hellip;]<\/p>\n","protected":false},"author":1,"featured_media":0,"comment_status":"closed","ping_status":"open","sticky":false,"template":"","format":"standard","meta":{"_et_pb_use_builder":"on","_et_pb_old_content":"","_et_gb_content_width":"1080","footnotes":""},"categories":[30],"tags":[],"class_list":["post-2992","post","type-post","status-publish","format-standard","hentry","category-30"],"_links":{"self":[{"href":"https:\/\/www.slavonski-planinari.hr\/arhiva\/wp-json\/wp\/v2\/posts\/2992","targetHints":{"allow":["GET"]}}],"collection":[{"href":"https:\/\/www.slavonski-planinari.hr\/arhiva\/wp-json\/wp\/v2\/posts"}],"about":[{"href":"https:\/\/www.slavonski-planinari.hr\/arhiva\/wp-json\/wp\/v2\/types\/post"}],"author":[{"embeddable":true,"href":"https:\/\/www.slavonski-planinari.hr\/arhiva\/wp-json\/wp\/v2\/users\/1"}],"replies":[{"embeddable":true,"href":"https:\/\/www.slavonski-planinari.hr\/arhiva\/wp-json\/wp\/v2\/comments?post=2992"}],"version-history":[{"count":0,"href":"https:\/\/www.slavonski-planinari.hr\/arhiva\/wp-json\/wp\/v2\/posts\/2992\/revisions"}],"wp:attachment":[{"href":"https:\/\/www.slavonski-planinari.hr\/arhiva\/wp-json\/wp\/v2\/media?parent=2992"}],"wp:term":[{"taxonomy":"category","embeddable":true,"href":"https:\/\/www.slavonski-planinari.hr\/arhiva\/wp-json\/wp\/v2\/categories?post=2992"},{"taxonomy":"post_tag","embeddable":true,"href":"https:\/\/www.slavonski-planinari.hr\/arhiva\/wp-json\/wp\/v2\/tags?post=2992"}],"curies":[{"name":"wp","href":"https:\/\/api.w.org\/{rel}","templated":true}]}}