{"id":2987,"date":"2016-07-29T08:46:00","date_gmt":"2016-07-29T07:46:00","guid":{"rendered":"https:\/\/www.slavonski-planinari.hr\/arhiva\/?p=2987"},"modified":"2023-01-13T08:48:43","modified_gmt":"2023-01-13T07:48:43","slug":"zanimljivosti-iz-daruvarskog-kraja","status":"publish","type":"post","link":"https:\/\/www.slavonski-planinari.hr\/arhiva\/zanimljivosti-iz-daruvarskog-kraja\/","title":{"rendered":"Zanimljivosti iz daruvarskog kraja"},"content":{"rendered":"<p>[et_pb_section fb_built=&#8221;1&#8243; theme_builder_area=&#8221;post_content&#8221; _builder_version=&#8221;4.19.4&#8243; _module_preset=&#8221;default&#8221; custom_padding=&#8221;||106px|||&#8221;][et_pb_row _builder_version=&#8221;4.19.4&#8243; _module_preset=&#8221;default&#8221; theme_builder_area=&#8221;post_content&#8221;][et_pb_column _builder_version=&#8221;4.19.4&#8243; _module_preset=&#8221;default&#8221; type=&#8221;4_4&#8243; theme_builder_area=&#8221;post_content&#8221;][et_pb_text _builder_version=&#8221;4.19.4&#8243; _module_preset=&#8221;default&#8221; theme_builder_area=&#8221;post_content&#8221; hover_enabled=&#8221;0&#8243; sticky_enabled=&#8221;0&#8243;]<\/p>\n<div class=\"itemIntroText\">\n<p><span lang=\"CS\"><img loading=\"lazy\" decoding=\"async\" src=\"https:\/\/www.slavonski-planinari.hr\/arhiva\/wp-content\/uploads\/2023\/01\/price.jpg\" width=\"152\" height=\"106\" alt=\"\" class=\"wp-image-2989 alignleft size-full\" \/>Javila nam se gospo\u0111a Vlatka Dan\u011bk iz Daruvara i ponudila nam objavu zanimljivih linkova s njenim tekstovima\u00a0o planinarima u Daruvaru, njihovoj ulozi u ure\u0111nju Vranjevine, Petrovom vrhu&#8230;<\/span><\/p>\n<p><span lang=\"CS\">Veliko hvala Vlatki!<\/span><\/p>\n<\/div>\n<div class=\"itemFullText\">\n<p>&nbsp;<\/p>\n<p>Po\u0111ite i sami ovim lijepim i pou\u010dnim linkovima u svijet daruvarskih planinara i prirodnih ljepota:<\/p>\n<p><a href=\"http:\/\/daruvarski-portfolio.net\/zena-od-vranjevine\/\" target=\"_blank\" data-saferedirecturl=\"https:\/\/www.google.com\/url?hl=en&amp;q=http:\/\/daruvarski-portfolio.net\/zena-od-vranjevine\/&amp;source=gmail&amp;ust=1469900986300000&amp;usg=AFQjCNH3yukqSSaoLEBGpcRj_PgQRe8hOg\" rel=\"noopener\">http:\/\/daruvarski-portfolio.<wbr \/>net\/zena-od-vranjevine\/<\/a><\/p>\n<p><span lang=\"CS\"><a href=\"http:\/\/daruvarski-portfolio.net\/godina-svedena-voda-pecine\/\" target=\"_blank\" data-saferedirecturl=\"https:\/\/www.google.com\/url?hl=en&amp;q=http:\/\/daruvarski-portfolio.net\/godina-svedena-voda-pecine\/&amp;source=gmail&amp;ust=1469900986300000&amp;usg=AFQjCNERrlAvm3OTs7JmFGuyiAuHyottEQ\" rel=\"noopener\">http:\/\/daruvarski-portfolio.<wbr \/>net\/godina-svedena-voda-<wbr \/>pecine\/<\/a><\/span><span lang=\"CS\">\u00a0<\/span><\/p>\n<p><span lang=\"CS\"><a href=\"http:\/\/daruvarski-portfolio.net\/svetoj-vodi-vranjevinskoj\/\" target=\"_blank\" data-saferedirecturl=\"https:\/\/www.google.com\/url?hl=en&amp;q=http:\/\/daruvarski-portfolio.net\/svetoj-vodi-vranjevinskoj\/&amp;source=gmail&amp;ust=1469900986300000&amp;usg=AFQjCNHDu6CDN0_2BHvPbJr_4IZOhnUgFQ\" rel=\"noopener\">http:\/\/daruvarski-portfolio.<wbr \/>net\/svetoj-vodi-vranjevinskoj\/<\/a><\/span><\/p>\n<p><span lang=\"CS\"><a href=\"http:\/\/daruvarski-portfolio.net\/prica-ikaru-s-petrova-vrha-ne-njemu\/\" target=\"_blank\" data-saferedirecturl=\"https:\/\/www.google.com\/url?hl=en&amp;q=http:\/\/daruvarski-portfolio.net\/prica-ikaru-s-petrova-vrha-ne-njemu\/&amp;source=gmail&amp;ust=1469900986300000&amp;usg=AFQjCNGztr0px6Qde_Lvl2usHVh-fN1y3A\" rel=\"noopener\">http:\/\/daruvarski-portfolio.<wbr \/>net\/prica-ikaru-s-petrova-<wbr \/>vrha-ne-njemu\/<\/a><\/span><span lang=\"CS\">\u00a0<\/span><\/p>\n<p><span lang=\"CS\"><a href=\"http:\/\/daruvarski-portfolio.net\/tri-nova-pocetka-dom-petrovom-vrhu\/\" target=\"_blank\" data-saferedirecturl=\"https:\/\/www.google.com\/url?hl=en&amp;q=http:\/\/daruvarski-portfolio.net\/tri-nova-pocetka-dom-petrovom-vrhu\/&amp;source=gmail&amp;ust=1469900986300000&amp;usg=AFQjCNGsSJZEl1yZJuV_IeD_WTdHrrxV5w\" rel=\"noopener\">http:\/\/daruvarski-portfolio.<wbr \/>net\/tri-nova-pocetka-dom-<wbr \/>petrovom-vrhu\/<\/a><\/span><\/p>\n<p>&nbsp;<\/p>\n<p><span lang=\"CS\">Ujedno apeliramo i na sve druge koji mogu ne\u0161to sli\u010dno ponuditi s podru\u010dja Slavonije.<\/span><\/p>\n<p><span lang=\"CS\">Rado \u0107emo objaviti sli\u010dne sadr\u017eaje.\u00a0<\/span><\/p>\n<\/div>\n<p>[\/et_pb_text][\/et_pb_column][\/et_pb_row][\/et_pb_section]<\/p>\n","protected":false},"excerpt":{"rendered":"<p>Javila nam se gospo\u0111a Vlatka Dan\u011bk iz Daruvara i ponudila nam objavu zanimljivih linkova s njenim tekstovima\u00a0o planinarima u Daruvaru, njihovoj ulozi u ure\u0111nju Vranjevine, Petrovom vrhu&#8230; Veliko hvala Vlatki! &nbsp; Po\u0111ite i sami ovim lijepim i pou\u010dnim linkovima u svijet daruvarskih planinara i prirodnih ljepota: http:\/\/daruvarski-portfolio.net\/zena-od-vranjevine\/ http:\/\/daruvarski-portfolio.net\/godina-svedena-voda-pecine\/\u00a0 http:\/\/daruvarski-portfolio.net\/svetoj-vodi-vranjevinskoj\/ http:\/\/daruvarski-portfolio.net\/prica-ikaru-s-petrova-vrha-ne-njemu\/\u00a0 http:\/\/daruvarski-portfolio.net\/tri-nova-pocetka-dom-petrovom-vrhu\/ &nbsp; Ujedno apeliramo i [&hellip;]<\/p>\n","protected":false},"author":1,"featured_media":0,"comment_status":"closed","ping_status":"open","sticky":false,"template":"","format":"standard","meta":{"_et_pb_use_builder":"on","_et_pb_old_content":"","_et_gb_content_width":"1080","footnotes":""},"categories":[30],"tags":[],"class_list":["post-2987","post","type-post","status-publish","format-standard","hentry","category-30"],"_links":{"self":[{"href":"https:\/\/www.slavonski-planinari.hr\/arhiva\/wp-json\/wp\/v2\/posts\/2987","targetHints":{"allow":["GET"]}}],"collection":[{"href":"https:\/\/www.slavonski-planinari.hr\/arhiva\/wp-json\/wp\/v2\/posts"}],"about":[{"href":"https:\/\/www.slavonski-planinari.hr\/arhiva\/wp-json\/wp\/v2\/types\/post"}],"author":[{"embeddable":true,"href":"https:\/\/www.slavonski-planinari.hr\/arhiva\/wp-json\/wp\/v2\/users\/1"}],"replies":[{"embeddable":true,"href":"https:\/\/www.slavonski-planinari.hr\/arhiva\/wp-json\/wp\/v2\/comments?post=2987"}],"version-history":[{"count":0,"href":"https:\/\/www.slavonski-planinari.hr\/arhiva\/wp-json\/wp\/v2\/posts\/2987\/revisions"}],"wp:attachment":[{"href":"https:\/\/www.slavonski-planinari.hr\/arhiva\/wp-json\/wp\/v2\/media?parent=2987"}],"wp:term":[{"taxonomy":"category","embeddable":true,"href":"https:\/\/www.slavonski-planinari.hr\/arhiva\/wp-json\/wp\/v2\/categories?post=2987"},{"taxonomy":"post_tag","embeddable":true,"href":"https:\/\/www.slavonski-planinari.hr\/arhiva\/wp-json\/wp\/v2\/tags?post=2987"}],"curies":[{"name":"wp","href":"https:\/\/api.w.org\/{rel}","templated":true}]}}