{"id":2983,"date":"2016-07-29T08:43:00","date_gmt":"2016-07-29T07:43:00","guid":{"rendered":"https:\/\/www.slavonski-planinari.hr\/arhiva\/?p=2983"},"modified":"2023-01-13T08:46:24","modified_gmt":"2023-01-13T07:46:24","slug":"najave-za-rujan","status":"publish","type":"post","link":"https:\/\/www.slavonski-planinari.hr\/arhiva\/najave-za-rujan\/","title":{"rendered":"Najave za rujan"},"content":{"rendered":"<p>[et_pb_section fb_built=&#8221;1&#8243; theme_builder_area=&#8221;post_content&#8221; _builder_version=&#8221;4.19.4&#8243; _module_preset=&#8221;default&#8221;][et_pb_row _builder_version=&#8221;4.19.4&#8243; _module_preset=&#8221;default&#8221; theme_builder_area=&#8221;post_content&#8221;][et_pb_column _builder_version=&#8221;4.19.4&#8243; _module_preset=&#8221;default&#8221; type=&#8221;4_4&#8243; theme_builder_area=&#8221;post_content&#8221;][et_pb_text _builder_version=&#8221;4.19.4&#8243; _module_preset=&#8221;default&#8221; theme_builder_area=&#8221;post_content&#8221; hover_enabled=&#8221;0&#8243; sticky_enabled=&#8221;0&#8243;]<\/p>\n<div class=\"itemIntroText\">\n<p style=\"text-align: justify;\"><img loading=\"lazy\" decoding=\"async\" src=\"https:\/\/www.slavonski-planinari.hr\/arhiva\/wp-content\/uploads\/2023\/01\/susret_po_panonskim_gorama_srednja.jpg\" width=\"101\" height=\"120\" alt=\"\" class=\"wp-image-2223 alignleft size-full\" srcset=\"https:\/\/www.slavonski-planinari.hr\/arhiva\/wp-content\/uploads\/2023\/01\/susret_po_panonskim_gorama_srednja.jpg 307w, https:\/\/www.slavonski-planinari.hr\/arhiva\/wp-content\/uploads\/2023\/01\/susret_po_panonskim_gorama_srednja-252x300.jpg 252w\" sizes=\"(max-width: 101px) 100vw, 101px\" \/>Ljeto je i planinari su svuda \u0161irom a ponajmanje na sastancma u svojim Dru\u0161tvima.<\/p>\n<p style=\"text-align: justify;\">S prvim danima rujna kre\u0107u nove organizirane aktivnosti pa koristimo priliku da sve podsjetimo \u0161to se priprema kako bi mogli planirati svoje vrijeme.<\/p>\n<p style=\"text-align: justify;\">\n<p style=\"text-align: justify;\">\n<p style=\"text-align: justify;\">Ovdje navodimo samo osnovne informacije a pojedinosti mo\u017eete doznati na ovim stranicama, u svojim Dru\u0161tvima ili kod navedenih organizatora (kada budemo bli\u017ee terminima doga\u0111anja i preciznije definiranim programima).<\/p>\n<\/div>\n<div class=\"itemFullText\">\n<p style=\"text-align: justify;\">\n<h3 style=\"text-align: justify;\"><strong>10. rujna, subota &#8211; Tragom putopisa Julija Kempfa<\/strong><\/h3>\n<p style=\"text-align: justify;\">organizator: HPD Sokolovac Po\u017eega<br \/>(Ivan Sumiga, 098 9869-941, e-mail:<span>\u00a0<\/span><span id=\"cloake2c31a283e58a2a9dd40e7ff525a13a9\"><a href=\"mailto:ivansumiga@gmail.com\">ivansumiga@gmail.com<\/a><\/span><span>\u00a0<\/span>)<\/p>\n<p style=\"text-align: justify;\">\n<h3 style=\"text-align: justify;\"><strong>11. rujna, nedjelja &#8211; 66. Dan slavonskih planinara<\/strong><\/h3>\n<p style=\"text-align: justify;\">tradicionalno godi\u0161nje okupljanje slavonskih planinara i njihovih prijatelja<br \/>mjesto: izleti\u0161te Orah, kod jezera, ispod najve\u0107e slavonske gradine Ru\u017eica grada<br \/>vrijeme okupljanja: 8-9 sati<br \/>organiziraju: SP i doma\u0107in, HPD Orahovica, (Zorko Steiner, 0992144297, e-mail:<span>\u00a0<\/span><a href=\"mailto:zorkosteiner01@gmail.com)\"><span id=\"cloak13913ca1fc63fbded816796325e11311\"><\/span><\/a><a href=\"mailto:zorkosteiner01@gmail.com\">zorkosteiner01@gmail.com<\/a>)<\/p>\n<p style=\"text-align: justify;\"><img loading=\"lazy\" decoding=\"async\" src=\"https:\/\/www.slavonski-planinari.hr\/arhiva\/wp-content\/uploads\/2023\/01\/orahovica.jpg\" width=\"630\" height=\"438\" alt=\"\" class=\"wp-image-2985 aligncenter size-full\" srcset=\"https:\/\/www.slavonski-planinari.hr\/arhiva\/wp-content\/uploads\/2023\/01\/orahovica.jpg 630w, https:\/\/www.slavonski-planinari.hr\/arhiva\/wp-content\/uploads\/2023\/01\/orahovica-480x334.jpg 480w\" sizes=\"(min-width: 0px) and (max-width: 480px) 480px, (min-width: 481px) 630px, 100vw\" \/><\/p>\n<h3 style=\"text-align: justify;\"><strong>18. rujna, nedjelja &#8211; Po panonskim gorama &#8211; susret planinara \u2013 Fru\u0161ka gora,<\/strong><\/h3>\n<p style=\"text-align: justify;\">doma\u0107in i organizator: PS Vojvodine, organizator puta iz Slavonije SP<br \/>Susret posve\u0107en 60 godina Fru\u0161kogorske transverzale (prva planinarska obilaznica u ex. Yu)<br \/>Trasa kojom se hoda: manastir Beo\u010din &#8211; Dumbova\u010dki vodopad &#8211; manastir Rakovac \u2013 Crkvica &#8211; Stari Ledinci \u2013 Popovica. Du\u017eina 12,6 km, trajanje 3,50 sata<br \/>(Otmar Tosenberger, 0911814119, e-mail:<span>\u00a0<\/span><span id=\"cloak369aaa3934cd046dd7db3ebd2f246d83\"><a href=\"mailto:slavonski.planinari@gmail.com\">slavonski.planinari@gmail.com<\/a><\/span>)<\/p>\n<h3 style=\"text-align: justify;\"><strong>25. rujna, nedjelja &#8211; tradicionalni izlet &#8220;Kroz vinograde i \u0161ume&#8221; i Zbor markacista SP<\/strong><\/h3>\n<p style=\"text-align: justify;\">organizator KV\u0160: HPD Sokol Feri\u010danci (Josip \u0160alek,<span>\u00a0<\/span><span id=\"cloak1f9d235785237a84bae102d9a539d131\"><a href=\"mailto:josip.salek@gmail.com\">josip.salek@gmail.com<\/a><\/span>)<br \/>organizator Zbora markacista: Slavonski planinari (O. Tosenberger,<span>\u00a0<\/span><span id=\"cloak00966ab16a633e0f87e10ffa76cf6308\"><a href=\"mailto:slavonski.planinari@gmail.com\">slavonski.planinari@gmail.com<\/a><\/span>)<\/p>\n<\/div>\n<p>[\/et_pb_text][\/et_pb_column][\/et_pb_row][\/et_pb_section]<\/p>\n","protected":false},"excerpt":{"rendered":"<p>Ljeto je i planinari su svuda \u0161irom a ponajmanje na sastancma u svojim Dru\u0161tvima. S prvim danima rujna kre\u0107u nove organizirane aktivnosti pa koristimo priliku da sve podsjetimo \u0161to se priprema kako bi mogli planirati svoje vrijeme. Ovdje navodimo samo osnovne informacije a pojedinosti mo\u017eete doznati na ovim stranicama, u svojim Dru\u0161tvima ili kod navedenih [&hellip;]<\/p>\n","protected":false},"author":1,"featured_media":0,"comment_status":"closed","ping_status":"open","sticky":false,"template":"","format":"standard","meta":{"_et_pb_use_builder":"on","_et_pb_old_content":"","_et_gb_content_width":"1080","footnotes":""},"categories":[30],"tags":[],"class_list":["post-2983","post","type-post","status-publish","format-standard","hentry","category-30"],"_links":{"self":[{"href":"https:\/\/www.slavonski-planinari.hr\/arhiva\/wp-json\/wp\/v2\/posts\/2983","targetHints":{"allow":["GET"]}}],"collection":[{"href":"https:\/\/www.slavonski-planinari.hr\/arhiva\/wp-json\/wp\/v2\/posts"}],"about":[{"href":"https:\/\/www.slavonski-planinari.hr\/arhiva\/wp-json\/wp\/v2\/types\/post"}],"author":[{"embeddable":true,"href":"https:\/\/www.slavonski-planinari.hr\/arhiva\/wp-json\/wp\/v2\/users\/1"}],"replies":[{"embeddable":true,"href":"https:\/\/www.slavonski-planinari.hr\/arhiva\/wp-json\/wp\/v2\/comments?post=2983"}],"version-history":[{"count":0,"href":"https:\/\/www.slavonski-planinari.hr\/arhiva\/wp-json\/wp\/v2\/posts\/2983\/revisions"}],"wp:attachment":[{"href":"https:\/\/www.slavonski-planinari.hr\/arhiva\/wp-json\/wp\/v2\/media?parent=2983"}],"wp:term":[{"taxonomy":"category","embeddable":true,"href":"https:\/\/www.slavonski-planinari.hr\/arhiva\/wp-json\/wp\/v2\/categories?post=2983"},{"taxonomy":"post_tag","embeddable":true,"href":"https:\/\/www.slavonski-planinari.hr\/arhiva\/wp-json\/wp\/v2\/tags?post=2983"}],"curies":[{"name":"wp","href":"https:\/\/api.w.org\/{rel}","templated":true}]}}