{"id":2966,"date":"2016-06-30T14:29:00","date_gmt":"2016-06-30T13:29:00","guid":{"rendered":"https:\/\/www.slavonski-planinari.hr\/arhiva\/?p=2966"},"modified":"2023-01-11T14:33:51","modified_gmt":"2023-01-11T13:33:51","slug":"odrzani-dani-hrvatskih-planinara-na-omanovcu","status":"publish","type":"post","link":"https:\/\/www.slavonski-planinari.hr\/arhiva\/odrzani-dani-hrvatskih-planinara-na-omanovcu\/","title":{"rendered":"Odr\u017eani Dani hrvatskih planinara na Omanovcu"},"content":{"rendered":"<p>[et_pb_section fb_built=&#8221;1&#8243; theme_builder_area=&#8221;post_content&#8221; _builder_version=&#8221;4.19.4&#8243; _module_preset=&#8221;default&#8221;][et_pb_row _builder_version=&#8221;4.19.4&#8243; _module_preset=&#8221;default&#8221; theme_builder_area=&#8221;post_content&#8221;][et_pb_column _builder_version=&#8221;4.19.4&#8243; _module_preset=&#8221;default&#8221; type=&#8221;4_4&#8243; theme_builder_area=&#8221;post_content&#8221;][et_pb_text _builder_version=&#8221;4.19.4&#8243; _module_preset=&#8221;default&#8221; theme_builder_area=&#8221;post_content&#8221; hover_enabled=&#8221;0&#8243; sticky_enabled=&#8221;0&#8243;]<\/p>\n<div class=\"itemIntroText\">\n<p style=\"text-align: justify;\"><img loading=\"lazy\" decoding=\"async\" src=\"https:\/\/www.slavonski-planinari.hr\/arhiva\/wp-content\/uploads\/2023\/01\/dani-planinara3.jpg\" width=\"170\" height=\"113\" alt=\"\" class=\"wp-image-2970 alignleft size-full\" \/>Dane hrvatskih planinara 2016. organizirali su planinari PD \u201ePsunj\u201c iz Pakraca na prostoru planinarskog doma \u201eOmanovac\u201c.<\/p>\n<p style=\"text-align: justify;\">Tijekom tri dana, od 24. do 26. lipnja, okupilo se i dru\u017eilo vi\u0161e od 600 planinara iz 61 planinarskog dru\u0161tva iz Hrvatske te predstavnici HPD \u201eVitez\u201c iz Viteza u susjednoj BiH.<\/p>\n<p style=\"text-align: justify;\">\n<p style=\"text-align: justify;\">Manifestacijom je ujedno obilje\u017een zavr\u0161etak 20-godi\u0161nje obnove i zavr\u0161no obilje\u017eena 120. obljetnice organiziranog planinarstva u Slavoniji.<\/p>\n<\/div>\n<div class=\"itemFullText\">\n<p style=\"text-align: justify;\">\u00a0Svakog dana su ponu\u0111ene atraktivne planinarske ture i \u0161etnje obroncima Psunja iznad Pakraca i Lipika. Otvorena je i nova planinarska obilaznica \u201ePlaninarski put Psunjem\u201c koju je osmislio \u017darko Ro\u010dek.\u00a0<\/p>\n<p style=\"text-align: justify;\"><span>U poslijepodnevnim satima, 25. lipnja, skup su pozdravili Zoran Milakovi\u0107, predsjednik PD \u201ePsunj\u201c Pakrac, gradona\u010delnica grada Pakraca Anamarija Bla\u017eevi\u0107 te prof. dr. sc. Hrvoje Kraljevi\u0107, predsjednik Hrvatskog planinarskog saveza. Time su slu\u017ebeno otvoreni ovogodi\u0161nji Dani hrvatskih planinara, uz \u010destitku za Dan dr\u017eavnosti RH, a prigodni program izveli su \u010dlanovi KUD-a &#8220;Selja\u010dka sloga&#8221; iz Prekopakre.<\/span><\/p>\n<p style=\"text-align: justify;\"><img loading=\"lazy\" decoding=\"async\" src=\"https:\/\/www.slavonski-planinari.hr\/arhiva\/wp-content\/uploads\/2023\/01\/dani-planinara1.jpg\" width=\"671\" height=\"506\" alt=\"\" class=\"wp-image-2968 aligncenter size-full\" srcset=\"https:\/\/www.slavonski-planinari.hr\/arhiva\/wp-content\/uploads\/2023\/01\/dani-planinara1.jpg 671w, https:\/\/www.slavonski-planinari.hr\/arhiva\/wp-content\/uploads\/2023\/01\/dani-planinara1-480x362.jpg 480w\" sizes=\"(min-width: 0px) and (max-width: 480px) 480px, (min-width: 481px) 671px, 100vw\" \/><\/p>\n<p style=\"text-align: justify;\"><span>Najstarijem sudioniku (96- godi\u0161nji Branko Bla\u017eevi\u0107-Brana, iz PD \u201eBijele Stijene\u201c Mrkopalj), najstarijoj \u010dlanici PD &#8220;Psunj&#8221; Pakrac (Frida Filipovi\u0107) i najmla\u0111em sudioniku (devetogodi\u0161nji Tonko \u0160kugor, iz HPD \u201eKamenar\u201c \u0160ibenik) dodijeljena su posebna priznanja.<\/span><\/p>\n<p style=\"text-align: justify;\"><img loading=\"lazy\" decoding=\"async\" src=\"https:\/\/www.slavonski-planinari.hr\/arhiva\/wp-content\/uploads\/2023\/01\/dani-planinara2.jpg\" width=\"671\" height=\"508\" alt=\"\" class=\"wp-image-2969 aligncenter size-full\" srcset=\"https:\/\/www.slavonski-planinari.hr\/arhiva\/wp-content\/uploads\/2023\/01\/dani-planinara2.jpg 671w, https:\/\/www.slavonski-planinari.hr\/arhiva\/wp-content\/uploads\/2023\/01\/dani-planinara2-480x363.jpg 480w\" sizes=\"(min-width: 0px) and (max-width: 480px) 480px, (min-width: 481px) 671px, 100vw\" \/><\/p>\n<p style=\"text-align: justify;\">Natjecanja u starim sportovima organizirala je na\u0161i\u010dka Udruge starih sportova \u201eSlavonac\u201c. Natjecalo se u potezanju u\u017eeta (pobijedili gosti iz HPD Vitez), ga\u0111anju potkovama i ru\u0161enju trono\u0161ca-kozela \u0161tapom (pobjeda ekipa HPD Sisak).<\/p>\n<p style=\"text-align: justify;\">Stalnu izlo\u017ebu &#8211; &#8220;Muzejsku zbirku slavonskog planinarstva&#8221; u prostoru planinarskog doma, otvorili su \u0110or\u0111e Bali\u0107 \u2013 autor izlo\u017ebe i Otmar Tosenberger &#8211; predsjednik udruge &#8220;Slavonski planinari&#8221;.<\/p>\n<p style=\"text-align: justify;\"><img loading=\"lazy\" decoding=\"async\" src=\"https:\/\/www.slavonski-planinari.hr\/arhiva\/wp-content\/uploads\/2023\/01\/dani-planinara4.jpg\" width=\"671\" height=\"509\" alt=\"\" class=\"wp-image-2971 aligncenter size-full\" srcset=\"https:\/\/www.slavonski-planinari.hr\/arhiva\/wp-content\/uploads\/2023\/01\/dani-planinara4.jpg 671w, https:\/\/www.slavonski-planinari.hr\/arhiva\/wp-content\/uploads\/2023\/01\/dani-planinara4-480x364.jpg 480w\" sizes=\"(min-width: 0px) and (max-width: 480px) 480px, (min-width: 481px) 671px, 100vw\" \/><\/p>\n<p style=\"text-align: justify;\">Sva tri dana bilo je vedro, sun\u010dano i vrlo toplo osim jakog pljuska u predve\u010derje drugog dana, \u0161to je poremetilo planirano zabavno ve\u010de na otvorenom.<\/p>\n<p style=\"text-align: justify;\">Za sigurnost planinara brinuli su \u010dlanovi HGSS stanice Po\u017eega i HGSS stanice Novska. Zbog visokih temperatura, iscrpljenosti i \u017euljeva, desetak je planinara moralo odustati od hodanja pa ih je slu\u017eba prevezla sa trase do doma. Za ve\u0107e intervencije, na sre\u0107u, nije bilo potrebe.<\/p>\n<p style=\"text-align: justify;\"><img loading=\"lazy\" decoding=\"async\" src=\"https:\/\/www.slavonski-planinari.hr\/arhiva\/wp-content\/uploads\/2023\/01\/dani-planinara5.jpg\" width=\"671\" height=\"503\" alt=\"\" class=\"wp-image-2972 aligncenter size-full\" srcset=\"https:\/\/www.slavonski-planinari.hr\/arhiva\/wp-content\/uploads\/2023\/01\/dani-planinara5.jpg 671w, https:\/\/www.slavonski-planinari.hr\/arhiva\/wp-content\/uploads\/2023\/01\/dani-planinara5-480x360.jpg 480w\" sizes=\"(min-width: 0px) and (max-width: 480px) 480px, (min-width: 481px) 671px, 100vw\" \/><\/p>\n<p style=\"text-align: justify;\">Doma\u0107inima svaka pohvala na savr\u0161enoj organizaciji u svim segmentima: vo\u0111enje tura, op\u0107a organizacija na prostoru, prehrana \u2013 odli\u010dan i besplatan grah za sve sudionike, izuzetan suvenirski program-ve\u0107im dijelom vrijedan ru\u010dni rad \u010dlanica dru\u0161tva itd. \u0160teta \u0161to nije do\u0161ao ve\u0107i broj sudionika jer je sve planirano i bilo bi zasigurno jednako dobro provedeno da je ih je do\u0161lo i dva-tri puta vi\u0161e.<\/p>\n<p style=\"text-align: right;\">O.T.<\/p>\n<\/div>\n<p>[\/et_pb_text][\/et_pb_column][\/et_pb_row][\/et_pb_section]<\/p>\n","protected":false},"excerpt":{"rendered":"<p>Dane hrvatskih planinara 2016. organizirali su planinari PD \u201ePsunj\u201c iz Pakraca na prostoru planinarskog doma \u201eOmanovac\u201c. Tijekom tri dana, od 24. do 26. lipnja, okupilo se i dru\u017eilo vi\u0161e od 600 planinara iz 61 planinarskog dru\u0161tva iz Hrvatske te predstavnici HPD \u201eVitez\u201c iz Viteza u susjednoj BiH. Manifestacijom je ujedno obilje\u017een zavr\u0161etak 20-godi\u0161nje obnove i [&hellip;]<\/p>\n","protected":false},"author":1,"featured_media":0,"comment_status":"closed","ping_status":"open","sticky":false,"template":"","format":"standard","meta":{"_et_pb_use_builder":"on","_et_pb_old_content":"","_et_gb_content_width":"1080","footnotes":""},"categories":[30],"tags":[],"class_list":["post-2966","post","type-post","status-publish","format-standard","hentry","category-30"],"_links":{"self":[{"href":"https:\/\/www.slavonski-planinari.hr\/arhiva\/wp-json\/wp\/v2\/posts\/2966","targetHints":{"allow":["GET"]}}],"collection":[{"href":"https:\/\/www.slavonski-planinari.hr\/arhiva\/wp-json\/wp\/v2\/posts"}],"about":[{"href":"https:\/\/www.slavonski-planinari.hr\/arhiva\/wp-json\/wp\/v2\/types\/post"}],"author":[{"embeddable":true,"href":"https:\/\/www.slavonski-planinari.hr\/arhiva\/wp-json\/wp\/v2\/users\/1"}],"replies":[{"embeddable":true,"href":"https:\/\/www.slavonski-planinari.hr\/arhiva\/wp-json\/wp\/v2\/comments?post=2966"}],"version-history":[{"count":0,"href":"https:\/\/www.slavonski-planinari.hr\/arhiva\/wp-json\/wp\/v2\/posts\/2966\/revisions"}],"wp:attachment":[{"href":"https:\/\/www.slavonski-planinari.hr\/arhiva\/wp-json\/wp\/v2\/media?parent=2966"}],"wp:term":[{"taxonomy":"category","embeddable":true,"href":"https:\/\/www.slavonski-planinari.hr\/arhiva\/wp-json\/wp\/v2\/categories?post=2966"},{"taxonomy":"post_tag","embeddable":true,"href":"https:\/\/www.slavonski-planinari.hr\/arhiva\/wp-json\/wp\/v2\/tags?post=2966"}],"curies":[{"name":"wp","href":"https:\/\/api.w.org\/{rel}","templated":true}]}}