{"id":2952,"date":"2016-06-24T14:20:00","date_gmt":"2016-06-24T13:20:00","guid":{"rendered":"https:\/\/www.slavonski-planinari.hr\/arhiva\/?p=2952"},"modified":"2023-01-11T14:23:11","modified_gmt":"2023-01-11T13:23:11","slug":"petrovo-na-petrovom-vrhu","status":"publish","type":"post","link":"https:\/\/www.slavonski-planinari.hr\/arhiva\/petrovo-na-petrovom-vrhu\/","title":{"rendered":"Petrovo na Petrovom vrhu"},"content":{"rendered":"<p>[et_pb_section fb_built=&#8221;1&#8243; theme_builder_area=&#8221;post_content&#8221; _builder_version=&#8221;4.19.4&#8243; _module_preset=&#8221;default&#8221;][et_pb_row _builder_version=&#8221;4.19.4&#8243; _module_preset=&#8221;default&#8221; theme_builder_area=&#8221;post_content&#8221;][et_pb_column _builder_version=&#8221;4.19.4&#8243; _module_preset=&#8221;default&#8221; type=&#8221;4_4&#8243; theme_builder_area=&#8221;post_content&#8221;][et_pb_text _builder_version=&#8221;4.19.4&#8243; _module_preset=&#8221;default&#8221; theme_builder_area=&#8221;post_content&#8221; hover_enabled=&#8221;0&#8243; sticky_enabled=&#8221;0&#8243;]<\/p>\n<div class=\"itemIntroText\">\n<p style=\"text-align: justify;\"><img loading=\"lazy\" decoding=\"async\" src=\"https:\/\/www.slavonski-planinari.hr\/arhiva\/wp-content\/uploads\/2023\/01\/petrovo2016a.jpg\" width=\"170\" height=\"113\" alt=\"\" class=\"wp-image-2955 alignleft size-full\" \/>Planinarsko dru\u0161tvo \u00abPetrov vrh\u00bb Daruvar u suradnji sa restoranom Kapelica i ove godine obilje\u017eava svoj dan prigodnom sve\u010dano\u0161\u0107u i planinarskim dru\u017eenjem pod nazivom &#8220;Petrovo na Petrovom vrhu&#8221; od\u00a002. do 03. 07. 2016.<\/p>\n<p style=\"text-align: justify;\">Obilje\u017eavanje Dana Dru\u0161tva odvijat \u0107e se kod Planinarskog doma \u00abPetrov vrh\u00bb na Petrovom vrhu nedaleko Daruvara.<\/p>\n<p style=\"text-align: justify;\">Ljubazno pozivamo sve gra\u0111ane da svojom nazo\u010dno\u0161\u0107u uveli\u010date na\u0161 Dan i radujemo se Va\u0161em dolasku.<\/p>\n<\/div>\n<div class=\"itemFullText\">\n<p style=\"text-align: justify;\">\n<p style=\"text-align: justify;\">Za sve sudionike osiguran je ru\u010dak po vrlo povoljnim cijenama (planinarski grah, vru\u0107a janjetina, hladan odojak), te nadaleko poznati Daruvarski rizling i Staro\u010de\u0161ko pivo uz \u017eivu muziku.<\/p>\n<p style=\"text-align: justify;\">Molimo dru\u0161tva koja \u0107e na na\u0161 Dan do\u0107i u ve\u0107em broju da nas obavijeste o broju sudionika kako bi \u0161to kvalitetnije organizirali prihvat.<\/p>\n<p style=\"text-align: justify;\">Za dodatne informacije i prijave dolaska obratite se telefone:\u00a0091 583 02 88, 099 239 11 02 (Slavko Pokorny)<\/p>\n<p style=\"text-align: justify;\">Predsjednik Dru\u0161tva<br \/>Slavko Pokorny<\/p>\n<p style=\"text-align: justify;\">\n<h3 style=\"text-align: justify;\">PROGRAM OBILJE\u017dAVANJA\u00a0DANA DRU\u0160TVA<\/h3>\n<p style=\"text-align: justify;\"><strong>02. 07. 2016. (subota)<\/strong><\/p>\n<ul style=\"text-align: justify;\">\n<li>9,30 &#8211; 10 sati Okupljanje planinara na parkirali\u0161tu kod hotela Termal<\/li>\n<li>10 sati Polazak na pje\u0161a\u010denje<br \/>Hotel Termal \u2013 Daruvarski vinogradi \u2013 Vranjevina &#8211; Petrov vrh &#8211; oko 3 sati<\/li>\n<li>13 sati Ru\u010dak<br \/>(po \u017eelji sudionika: planinarski grah, vru\u0107a janjetina, hladan odojak \u2013 popularne cijene)<br \/>U nastavku planinarsko dru\u017eenje uz pjesmu, ples, dru\u0161tvene igre, a i odmor od \u00abnapornog\u00bb pje\u0161a\u010denja i ru\u010dka<\/li>\n<li>21,30 sati Paljenje krijesa<br \/>u nastavku planinarsko dru\u017eenje do duboko u no\u0107<\/li>\n<\/ul>\n<p style=\"text-align: justify;\"><strong>03. 07. 2016. (nedjelja)<\/strong><\/p>\n<ul>\n<li style=\"text-align: justify;\">10,00 sati Pje\u0161a\u010dka tura po Zapadnom Papuku prema dogovoru<\/li>\n<\/ul>\n<p><img loading=\"lazy\" decoding=\"async\" src=\"https:\/\/www.slavonski-planinari.hr\/arhiva\/wp-content\/uploads\/2023\/01\/petrovo2016.jpg\" width=\"525\" height=\"700\" alt=\"\" class=\"wp-image-2954 aligncenter size-full\" srcset=\"https:\/\/www.slavonski-planinari.hr\/arhiva\/wp-content\/uploads\/2023\/01\/petrovo2016.jpg 525w, https:\/\/www.slavonski-planinari.hr\/arhiva\/wp-content\/uploads\/2023\/01\/petrovo2016-480x640.jpg 480w\" sizes=\"(min-width: 0px) and (max-width: 480px) 480px, (min-width: 481px) 525px, 100vw\" \/><\/p>\n<\/div>\n<p>[\/et_pb_text][\/et_pb_column][\/et_pb_row][\/et_pb_section]<\/p>\n","protected":false},"excerpt":{"rendered":"<p>Planinarsko dru\u0161tvo \u00abPetrov vrh\u00bb Daruvar u suradnji sa restoranom Kapelica i ove godine obilje\u017eava svoj dan prigodnom sve\u010dano\u0161\u0107u i planinarskim dru\u017eenjem pod nazivom &#8220;Petrovo na Petrovom vrhu&#8221; od\u00a002. do 03. 07. 2016. Obilje\u017eavanje Dana Dru\u0161tva odvijat \u0107e se kod Planinarskog doma \u00abPetrov vrh\u00bb na Petrovom vrhu nedaleko Daruvara. Ljubazno pozivamo sve gra\u0111ane da svojom nazo\u010dno\u0161\u0107u [&hellip;]<\/p>\n","protected":false},"author":1,"featured_media":0,"comment_status":"closed","ping_status":"open","sticky":false,"template":"","format":"standard","meta":{"_et_pb_use_builder":"on","_et_pb_old_content":"","_et_gb_content_width":"1080","footnotes":""},"categories":[30],"tags":[],"class_list":["post-2952","post","type-post","status-publish","format-standard","hentry","category-30"],"_links":{"self":[{"href":"https:\/\/www.slavonski-planinari.hr\/arhiva\/wp-json\/wp\/v2\/posts\/2952","targetHints":{"allow":["GET"]}}],"collection":[{"href":"https:\/\/www.slavonski-planinari.hr\/arhiva\/wp-json\/wp\/v2\/posts"}],"about":[{"href":"https:\/\/www.slavonski-planinari.hr\/arhiva\/wp-json\/wp\/v2\/types\/post"}],"author":[{"embeddable":true,"href":"https:\/\/www.slavonski-planinari.hr\/arhiva\/wp-json\/wp\/v2\/users\/1"}],"replies":[{"embeddable":true,"href":"https:\/\/www.slavonski-planinari.hr\/arhiva\/wp-json\/wp\/v2\/comments?post=2952"}],"version-history":[{"count":0,"href":"https:\/\/www.slavonski-planinari.hr\/arhiva\/wp-json\/wp\/v2\/posts\/2952\/revisions"}],"wp:attachment":[{"href":"https:\/\/www.slavonski-planinari.hr\/arhiva\/wp-json\/wp\/v2\/media?parent=2952"}],"wp:term":[{"taxonomy":"category","embeddable":true,"href":"https:\/\/www.slavonski-planinari.hr\/arhiva\/wp-json\/wp\/v2\/categories?post=2952"},{"taxonomy":"post_tag","embeddable":true,"href":"https:\/\/www.slavonski-planinari.hr\/arhiva\/wp-json\/wp\/v2\/tags?post=2952"}],"curies":[{"name":"wp","href":"https:\/\/api.w.org\/{rel}","templated":true}]}}