{"id":2940,"date":"2016-05-29T14:12:00","date_gmt":"2016-05-29T13:12:00","guid":{"rendered":"https:\/\/www.slavonski-planinari.hr\/arhiva\/?p=2940"},"modified":"2023-01-11T14:14:52","modified_gmt":"2023-01-11T13:14:52","slug":"franjo-vorih-krenuo-nebeskim-stazama","status":"publish","type":"post","link":"https:\/\/www.slavonski-planinari.hr\/arhiva\/franjo-vorih-krenuo-nebeskim-stazama\/","title":{"rendered":"Franjo Vorih krenuo nebeskim stazama&#8230;"},"content":{"rendered":"<p>[et_pb_section fb_built=&#8221;1&#8243; theme_builder_area=&#8221;post_content&#8221; _builder_version=&#8221;4.19.4&#8243; _module_preset=&#8221;default&#8221;][et_pb_row _builder_version=&#8221;4.19.4&#8243; _module_preset=&#8221;default&#8221; theme_builder_area=&#8221;post_content&#8221;][et_pb_column _builder_version=&#8221;4.19.4&#8243; _module_preset=&#8221;default&#8221; type=&#8221;4_4&#8243; theme_builder_area=&#8221;post_content&#8221;][et_pb_text _builder_version=&#8221;4.19.4&#8243; _module_preset=&#8221;default&#8221; theme_builder_area=&#8221;post_content&#8221; hover_enabled=&#8221;0&#8243; sticky_enabled=&#8221;0&#8243;]<\/p>\n<div class=\"gmail_default\">\n<p>Planinari iz Beli\u0161\u0107a i svi drugi koji su ga poznavali, posljednji puta se opra\u0161taju od svog prijatelja Franje, koji je krenuo nebeskim stazama i vrhuncima.<\/p>\n<p>Njegovo tijelo ipak nije izdr\u017ealo dugotrajnu bitku s bole\u0161\u0107u.\u00a0<\/p>\n<p>Sahrana je u ponedjeljak, 30. svibnja 2016., u 17,00 sati na groblju u Beli\u0161\u0107u.<\/p><\/div>\n<div class=\"itemFullText\">\n<p>Po\u010divao u miru!<\/p>\n<p>Pridru\u017eimo se sje\u0107anjima na njega na:<span>\u00a0<\/span><a href=\"http:\/\/www.hpd-belisce.hr\/index.php\" rel=\"alternate\">http:\/\/www.hpd-belisce.hr\/index.php<\/a><\/div>\n<div class=\"itemFullText\"><\/div>\n<div class=\"itemFullText\"><\/div>\n<div class=\"itemFullText\"><img loading=\"lazy\" decoding=\"async\" src=\"https:\/\/www.slavonski-planinari.hr\/arhiva\/wp-content\/uploads\/2023\/01\/franjo2.png\" width=\"700\" height=\"467\" alt=\"\" class=\"wp-image-2942 aligncenter size-full\" srcset=\"https:\/\/www.slavonski-planinari.hr\/arhiva\/wp-content\/uploads\/2023\/01\/franjo2.png 700w, https:\/\/www.slavonski-planinari.hr\/arhiva\/wp-content\/uploads\/2023\/01\/franjo2-480x320.png 480w\" sizes=\"(min-width: 0px) and (max-width: 480px) 480px, (min-width: 481px) 700px, 100vw\" \/><\/div>\n<p>[\/et_pb_text][\/et_pb_column][\/et_pb_row][\/et_pb_section]<\/p>\n","protected":false},"excerpt":{"rendered":"<p>Planinari iz Beli\u0161\u0107a i svi drugi koji su ga poznavali, posljednji puta se opra\u0161taju od svog prijatelja Franje, koji je krenuo nebeskim stazama i vrhuncima. Njegovo tijelo ipak nije izdr\u017ealo dugotrajnu bitku s bole\u0161\u0107u.\u00a0 Sahrana je u ponedjeljak, 30. svibnja 2016., u 17,00 sati na groblju u Beli\u0161\u0107u. Po\u010divao u miru! Pridru\u017eimo se sje\u0107anjima na [&hellip;]<\/p>\n","protected":false},"author":1,"featured_media":0,"comment_status":"closed","ping_status":"open","sticky":false,"template":"","format":"standard","meta":{"_et_pb_use_builder":"on","_et_pb_old_content":"","_et_gb_content_width":"1080","footnotes":""},"categories":[30],"tags":[],"class_list":["post-2940","post","type-post","status-publish","format-standard","hentry","category-30"],"_links":{"self":[{"href":"https:\/\/www.slavonski-planinari.hr\/arhiva\/wp-json\/wp\/v2\/posts\/2940","targetHints":{"allow":["GET"]}}],"collection":[{"href":"https:\/\/www.slavonski-planinari.hr\/arhiva\/wp-json\/wp\/v2\/posts"}],"about":[{"href":"https:\/\/www.slavonski-planinari.hr\/arhiva\/wp-json\/wp\/v2\/types\/post"}],"author":[{"embeddable":true,"href":"https:\/\/www.slavonski-planinari.hr\/arhiva\/wp-json\/wp\/v2\/users\/1"}],"replies":[{"embeddable":true,"href":"https:\/\/www.slavonski-planinari.hr\/arhiva\/wp-json\/wp\/v2\/comments?post=2940"}],"version-history":[{"count":0,"href":"https:\/\/www.slavonski-planinari.hr\/arhiva\/wp-json\/wp\/v2\/posts\/2940\/revisions"}],"wp:attachment":[{"href":"https:\/\/www.slavonski-planinari.hr\/arhiva\/wp-json\/wp\/v2\/media?parent=2940"}],"wp:term":[{"taxonomy":"category","embeddable":true,"href":"https:\/\/www.slavonski-planinari.hr\/arhiva\/wp-json\/wp\/v2\/categories?post=2940"},{"taxonomy":"post_tag","embeddable":true,"href":"https:\/\/www.slavonski-planinari.hr\/arhiva\/wp-json\/wp\/v2\/tags?post=2940"}],"curies":[{"name":"wp","href":"https:\/\/api.w.org\/{rel}","templated":true}]}}