{"id":2803,"date":"2015-12-23T15:08:00","date_gmt":"2015-12-23T14:08:00","guid":{"rendered":"https:\/\/www.slavonski-planinari.hr\/arhiva\/?p=2803"},"modified":"2023-01-10T15:11:13","modified_gmt":"2023-01-10T14:11:13","slug":"godisnje-priznanje-hps-dordu-balicu-za-knjigu-jankovac-planinarska-prica","status":"publish","type":"post","link":"https:\/\/www.slavonski-planinari.hr\/arhiva\/godisnje-priznanje-hps-dordu-balicu-za-knjigu-jankovac-planinarska-prica\/","title":{"rendered":"Godi\u0161nje priznanje HPS \u0110or\u0111u Bali\u0107u za knjigu \u201eJankovac \u2013 planinarska pri\u010da\u201c"},"content":{"rendered":"<p>[et_pb_section fb_built=&#8221;1&#8243; _builder_version=&#8221;4.19.4&#8243; _module_preset=&#8221;default&#8221; global_colors_info=&#8221;{}&#8221; custom_padding=&#8221;||350px|||&#8221;][et_pb_row _builder_version=&#8221;4.19.4&#8243; _module_preset=&#8221;default&#8221; global_colors_info=&#8221;{}&#8221;][et_pb_column type=&#8221;4_4&#8243; _builder_version=&#8221;4.19.4&#8243; _module_preset=&#8221;default&#8221; global_colors_info=&#8221;{}&#8221;][et_pb_text _builder_version=&#8221;4.19.4&#8243; _module_preset=&#8221;default&#8221; hover_enabled=&#8221;0&#8243; global_colors_info=&#8221;{}&#8221; sticky_enabled=&#8221;0&#8243;]<\/p>\n<div class=\"itemIntroText\">\n<p style=\"text-align: justify;\"><a href=\"https:\/\/www.slavonski-planinari.hr\/arhiva\/wp-content\/uploads\/2023\/01\/balic_priznanje.jpg\"><img loading=\"lazy\" decoding=\"async\" src=\"https:\/\/www.slavonski-planinari.hr\/arhiva\/wp-content\/uploads\/2023\/01\/balic_priznanje.jpg\" width=\"600\" height=\"400\" alt=\"\" class=\"wp-image-2805 alignleft size-full\" srcset=\"https:\/\/www.slavonski-planinari.hr\/arhiva\/wp-content\/uploads\/2023\/01\/balic_priznanje.jpg 600w, https:\/\/www.slavonski-planinari.hr\/arhiva\/wp-content\/uploads\/2023\/01\/balic_priznanje-480x320.jpg 480w\" sizes=\"(min-width: 0px) and (max-width: 480px) 480px, (min-width: 481px) 600px, 100vw\" \/><\/a>U sjedi\u0161tu HPS-a 21. prosinca odr\u017eana je sve\u010dana Novogodi\u0161nja sjednica HPS-a. Tom prilikom podneseno je izvje\u0161\u0107e o radu u 2015. godini, prikazana projekcija o radu s djecom i mladima u HPS-u te su uru\u010dene godi\u0161nje nagrade najboljim udrugama, akcijama i pojedincima u HPS-u u trinaest kategorija.<\/p>\n<p style=\"text-align: justify;\">\n<p style=\"text-align: justify;\">\n<\/div>\n<div class=\"itemFullText\">\n<p style=\"text-align: justify;\"><span>Isti\u010demo da \u00a0je u kategoriji\u00a0<\/span><em><strong>Najve\u0107i doprinos planinarskoj publicistici<\/strong><\/em><span>, priznanje dobio\u00a0<\/span><strong>\u0110or\u0111e Bali\u0107<\/strong><span>, autor knjige \u201eJankovac \u2013 planinarska pri\u010da\u201c, uz obrazlo\u017eenje:\u00a0<\/span><em>knjiga na slikovit i moderan na\u010din predstavlja zanimljivu povijesti Jankovca, a nastala je nakon velikog truda autora u prikupljanju i obradi povijesne gra\u0111e<\/em><span>.<\/span><\/p>\n<p style=\"text-align: justify;\"><a href=\"http:\/\/www.hps.hr\/vijesti\/4782\/godisnje-nagrade-io-hps-a\" target=\"_blank\" rel=\"noopener\">Vi\u0161e o ostalim priznanjima pogledajte na stranicama HPS-a<\/a>.<\/p>\n<\/div>\n<p>[\/et_pb_text][\/et_pb_column][\/et_pb_row][\/et_pb_section]<\/p>\n","protected":false},"excerpt":{"rendered":"<p>U sjedi\u0161tu HPS-a 21. prosinca odr\u017eana je sve\u010dana Novogodi\u0161nja sjednica HPS-a. Tom prilikom podneseno je izvje\u0161\u0107e o radu u 2015. godini, prikazana projekcija o radu s djecom i mladima u HPS-u te su uru\u010dene godi\u0161nje nagrade najboljim udrugama, akcijama i pojedincima u HPS-u u trinaest kategorija. Isti\u010demo da \u00a0je u kategoriji\u00a0Najve\u0107i doprinos planinarskoj publicistici, priznanje [&hellip;]<\/p>\n","protected":false},"author":1,"featured_media":0,"comment_status":"closed","ping_status":"open","sticky":false,"template":"","format":"standard","meta":{"_et_pb_use_builder":"on","_et_pb_old_content":"","_et_gb_content_width":"1080","footnotes":""},"categories":[29],"tags":[],"class_list":["post-2803","post","type-post","status-publish","format-standard","hentry","category-29"],"_links":{"self":[{"href":"https:\/\/www.slavonski-planinari.hr\/arhiva\/wp-json\/wp\/v2\/posts\/2803","targetHints":{"allow":["GET"]}}],"collection":[{"href":"https:\/\/www.slavonski-planinari.hr\/arhiva\/wp-json\/wp\/v2\/posts"}],"about":[{"href":"https:\/\/www.slavonski-planinari.hr\/arhiva\/wp-json\/wp\/v2\/types\/post"}],"author":[{"embeddable":true,"href":"https:\/\/www.slavonski-planinari.hr\/arhiva\/wp-json\/wp\/v2\/users\/1"}],"replies":[{"embeddable":true,"href":"https:\/\/www.slavonski-planinari.hr\/arhiva\/wp-json\/wp\/v2\/comments?post=2803"}],"version-history":[{"count":0,"href":"https:\/\/www.slavonski-planinari.hr\/arhiva\/wp-json\/wp\/v2\/posts\/2803\/revisions"}],"wp:attachment":[{"href":"https:\/\/www.slavonski-planinari.hr\/arhiva\/wp-json\/wp\/v2\/media?parent=2803"}],"wp:term":[{"taxonomy":"category","embeddable":true,"href":"https:\/\/www.slavonski-planinari.hr\/arhiva\/wp-json\/wp\/v2\/categories?post=2803"},{"taxonomy":"post_tag","embeddable":true,"href":"https:\/\/www.slavonski-planinari.hr\/arhiva\/wp-json\/wp\/v2\/tags?post=2803"}],"curies":[{"name":"wp","href":"https:\/\/api.w.org\/{rel}","templated":true}]}}