{"id":2799,"date":"2015-12-23T15:05:00","date_gmt":"2015-12-23T14:05:00","guid":{"rendered":"https:\/\/www.slavonski-planinari.hr\/arhiva\/?p=2799"},"modified":"2023-01-10T15:07:13","modified_gmt":"2023-01-10T14:07:13","slug":"in-memoriam-mato-mitrovic-1924-2015","status":"publish","type":"post","link":"https:\/\/www.slavonski-planinari.hr\/arhiva\/in-memoriam-mato-mitrovic-1924-2015\/","title":{"rendered":"In memoriam &#8211; Mato Mitrovi\u0107 (1924. \u2013 2015.)"},"content":{"rendered":"<p>[et_pb_section fb_built=&#8221;1&#8243; theme_builder_area=&#8221;post_content&#8221; _builder_version=&#8221;4.19.4&#8243; _module_preset=&#8221;default&#8221;][et_pb_row _builder_version=&#8221;4.19.4&#8243; _module_preset=&#8221;default&#8221; theme_builder_area=&#8221;post_content&#8221;][et_pb_column _builder_version=&#8221;4.19.4&#8243; _module_preset=&#8221;default&#8221; type=&#8221;4_4&#8243; theme_builder_area=&#8221;post_content&#8221;][et_pb_text _builder_version=&#8221;4.19.4&#8243; _module_preset=&#8221;default&#8221; theme_builder_area=&#8221;post_content&#8221; hover_enabled=&#8221;0&#8243; sticky_enabled=&#8221;0&#8243;]<\/p>\n<div class=\"itemIntroText\">\n<p style=\"text-align: justify;\">Usnula je jo\u0161 jedna od legendi slavonskog planinarstva, orahovi\u010dki planinar Mato Mitrovi\u0107. Iako ro\u0111en u Luka\u010du kod Po\u017eege, bio je suosniva\u010d planinarskog dru\u0161tava \u201ePrigorac\u201c u Zagrebu 1948. godine, \u010dlan \u201eZagreb \u2013 Matica\u201c i \u201eVelebit\u201c Zagreb i \u201eSokolovac\u201c Po\u017eega. Najzna\u010dajniji doprinos planinarstvu je dao u Orahovici.<\/p>\n<\/div>\n<div class=\"itemFullText\">\n<p style=\"text-align: justify;\"><span>U 14 intenzivnih godina kao predsjednik, potpredsjednik, tajnik, te organizator brojnih dru\u0161tvenih i me\u0111udru\u0161tvenih aktivnosti, uvrstio je PD \u201eOrahovca\u201c me\u0111u najaktivnija planinarska dru\u0161tva u Hrvatskoj po broju \u010dlanova, raznolikosti dru\u0161tvenog rada i posebno uklju\u010divanju mladih u planinarsku organizaciju.<\/span><\/p>\n<p style=\"text-align: center;\"><img loading=\"lazy\" decoding=\"async\" src=\"https:\/\/www.slavonski-planinari.hr\/arhiva\/wp-content\/uploads\/2023\/01\/Mato_Mitrovic.jpg\" width=\"400\" height=\"503\" alt=\"\" class=\"wp-image-2801 aligncenter size-full\" srcset=\"https:\/\/www.slavonski-planinari.hr\/arhiva\/wp-content\/uploads\/2023\/01\/Mato_Mitrovic.jpg 400w, https:\/\/www.slavonski-planinari.hr\/arhiva\/wp-content\/uploads\/2023\/01\/Mato_Mitrovic-239x300.jpg 239w\" sizes=\"(max-width: 400px) 100vw, 400px\" \/><br \/><em><strong>portret Mate Mitrovi\u0107a, rad akademskog slikara i grafi\u010dara Franje Molnara<\/strong><\/em><\/p>\n<p style=\"text-align: justify;\">Te\u0161ko je pobrojiti sve \u0161to je u\u010dinio za orahovi\u010dko planinarstvo i vjerojatno \u0107emo ne\u0161to propustiti.<\/p>\n<p style=\"text-align: justify;\">Kao organizator ili suorganizator sudjelovao je u realizaciji:<\/p>\n<ul style=\"text-align: justify;\">\n<li><span>IV. i V. sleta planinara Slavonije (1966. i 1967. godine),<\/span><\/li>\n<li><span>Susreta planinara Slavonije (1964. i 1967.),<\/span><\/li>\n<li><span>prvenstva Hrvatske u klasi\u010dnim skija\u0161kim disciplinama (1963.),<\/span><\/li>\n<li><span>no\u0107nog orijentacionog takmi\u010denja (1969. i 1970.),<\/span><\/li>\n<li><span>mar\u0161a na trasi: Jankovac\u2013Orahovica uz ga\u0111anje zra\u010dnom pu\u0161kom na Jankovcu i Orahovici (1964.),<\/span><\/li>\n<li><span>planinarskih obilaznica &#8211; \u0160kolski alpski put &#8211; godinama jedini u Slavoniji opremljen sa klinovima i sajlama, Planinarski put PD \u201eOrahovica\u201c \/PP i Orahovi\u010dki planinarski put\/OPP.<\/span><\/li>\n<\/ul>\n<p style=\"text-align: justify;\">U mandatu 1964\/65 bio je potpredsjednik Planinarskog odbora kotara Osijek (prete\u010de SPS-a).<\/p>\n<p style=\"text-align: justify;\">Generacija djece ljetovalo je u Odmarali\u0161tu Crvenog kri\u017ea u Orahovici, ali nije bilo grupe koju Mato nije obi\u0161ao i pri\u010dao o Orahovici, planinama i planinarenju, a mnoge je poveo i do Ru\u017eice grada.<\/p>\n<p style=\"text-align: justify;\">Zbog aktivnosti u planinarstvu 1967. godine odlikovan je Ordenom rada sa srebrnim vijencem te Zlatnim znakom PSH iste godine. Priznanje Slavonskog planinarskog saveza \u201e\u0110uro Pilar\u201c za \u017eivotno djelo, primio je 1989. godine a 1993. Plaketu PSH.<\/p>\n<\/div>\n<p>[\/et_pb_text][\/et_pb_column][\/et_pb_row][\/et_pb_section]<\/p>\n","protected":false},"excerpt":{"rendered":"<p>Usnula je jo\u0161 jedna od legendi slavonskog planinarstva, orahovi\u010dki planinar Mato Mitrovi\u0107. Iako ro\u0111en u Luka\u010du kod Po\u017eege, bio je suosniva\u010d planinarskog dru\u0161tava \u201ePrigorac\u201c u Zagrebu 1948. godine, \u010dlan \u201eZagreb \u2013 Matica\u201c i \u201eVelebit\u201c Zagreb i \u201eSokolovac\u201c Po\u017eega. Najzna\u010dajniji doprinos planinarstvu je dao u Orahovici. U 14 intenzivnih godina kao predsjednik, potpredsjednik, tajnik, te organizator [&hellip;]<\/p>\n","protected":false},"author":1,"featured_media":0,"comment_status":"closed","ping_status":"open","sticky":false,"template":"","format":"standard","meta":{"_et_pb_use_builder":"on","_et_pb_old_content":"","_et_gb_content_width":"1080","footnotes":""},"categories":[29],"tags":[],"class_list":["post-2799","post","type-post","status-publish","format-standard","hentry","category-29"],"_links":{"self":[{"href":"https:\/\/www.slavonski-planinari.hr\/arhiva\/wp-json\/wp\/v2\/posts\/2799","targetHints":{"allow":["GET"]}}],"collection":[{"href":"https:\/\/www.slavonski-planinari.hr\/arhiva\/wp-json\/wp\/v2\/posts"}],"about":[{"href":"https:\/\/www.slavonski-planinari.hr\/arhiva\/wp-json\/wp\/v2\/types\/post"}],"author":[{"embeddable":true,"href":"https:\/\/www.slavonski-planinari.hr\/arhiva\/wp-json\/wp\/v2\/users\/1"}],"replies":[{"embeddable":true,"href":"https:\/\/www.slavonski-planinari.hr\/arhiva\/wp-json\/wp\/v2\/comments?post=2799"}],"version-history":[{"count":0,"href":"https:\/\/www.slavonski-planinari.hr\/arhiva\/wp-json\/wp\/v2\/posts\/2799\/revisions"}],"wp:attachment":[{"href":"https:\/\/www.slavonski-planinari.hr\/arhiva\/wp-json\/wp\/v2\/media?parent=2799"}],"wp:term":[{"taxonomy":"category","embeddable":true,"href":"https:\/\/www.slavonski-planinari.hr\/arhiva\/wp-json\/wp\/v2\/categories?post=2799"},{"taxonomy":"post_tag","embeddable":true,"href":"https:\/\/www.slavonski-planinari.hr\/arhiva\/wp-json\/wp\/v2\/tags?post=2799"}],"curies":[{"name":"wp","href":"https:\/\/api.w.org\/{rel}","templated":true}]}}