{"id":2793,"date":"2015-12-23T15:02:00","date_gmt":"2015-12-23T14:02:00","guid":{"rendered":"https:\/\/www.slavonski-planinari.hr\/arhiva\/?p=2793"},"modified":"2023-01-10T15:05:17","modified_gmt":"2023-01-10T14:05:17","slug":"obiljezeno-25-godina-od-prve-slavonske-visokogorske-ekspedicije-kavkaz-90","status":"publish","type":"post","link":"https:\/\/www.slavonski-planinari.hr\/arhiva\/obiljezeno-25-godina-od-prve-slavonske-visokogorske-ekspedicije-kavkaz-90\/","title":{"rendered":"Obilje\u017eeno 25 godina od prve slavonske visokogorske ekspedicije Kavkaz `90."},"content":{"rendered":"<p>[et_pb_section fb_built=&#8221;1&#8243; theme_builder_area=&#8221;post_content&#8221; _builder_version=&#8221;4.19.4&#8243; _module_preset=&#8221;default&#8221;][et_pb_row _builder_version=&#8221;4.19.4&#8243; _module_preset=&#8221;default&#8221; theme_builder_area=&#8221;post_content&#8221;][et_pb_column _builder_version=&#8221;4.19.4&#8243; _module_preset=&#8221;default&#8221; type=&#8221;4_4&#8243; theme_builder_area=&#8221;post_content&#8221;][et_pb_text _builder_version=&#8221;4.19.4&#8243; _module_preset=&#8221;default&#8221; theme_builder_area=&#8221;post_content&#8221; hover_enabled=&#8221;0&#8243; sticky_enabled=&#8221;0&#8243;]<\/p>\n<div class=\"itemIntroText\">\n<p style=\"text-align: justify;\"><a href=\"https:\/\/www.slavonski-planinari.hr\/arhiva\/wp-content\/uploads\/2023\/01\/kavkaz_2.jpg\"><img loading=\"lazy\" decoding=\"async\" src=\"https:\/\/www.slavonski-planinari.hr\/arhiva\/wp-content\/uploads\/2023\/01\/kavkaz_2.jpg\" width=\"600\" height=\"400\" alt=\"\" class=\"wp-image-2796 alignleft size-full\" srcset=\"https:\/\/www.slavonski-planinari.hr\/arhiva\/wp-content\/uploads\/2023\/01\/kavkaz_2.jpg 600w, https:\/\/www.slavonski-planinari.hr\/arhiva\/wp-content\/uploads\/2023\/01\/kavkaz_2-480x320.jpg 480w\" sizes=\"(min-width: 0px) and (max-width: 480px) 480px, (min-width: 481px) 600px, 100vw\" \/><\/a>U ovoj jubilarnoj 120. godini Slavonskog planinarstva, vrijedno je obilje\u017eiti i 25. godi\u0161njicu Prve slavonske visokogorske ekspedicije &#8220;KAVKAZ 90&#8221;.<\/p>\n<p style=\"text-align: justify;\"><span>U subotu, 19.prosinca, u Vije\u0107nici grada Na\u0161ica, doma\u0107ini, planinari PD &#8220;Krndija&#8221; organizirali su okupljanje sudionika ove ekspedicije.<\/span><\/p>\n<\/div>\n<div class=\"itemFullText\">\n<p style=\"text-align: justify;\"><span>Prozivci vo\u0111e ove ekspedicije, \u0110or\u0111u Bali\u0107u, odazvalo se pet \u010dlanova: Miljenko Balokovi\u0107 iz Na\u0161ica (jedini se, od slavonaca u ekipi, uspeo na sam vrh) Miroslav Lay iz \u0110akova, Miro Mesi\u0107 iz Pleternice i \u0160andor Juhas iz Belog Manastira.<\/span><\/p>\n<p style=\"text-align: justify;\"><img loading=\"lazy\" decoding=\"async\" src=\"https:\/\/www.slavonski-planinari.hr\/arhiva\/wp-content\/uploads\/2023\/01\/kavkaz_3.jpg\" width=\"600\" height=\"400\" alt=\"\" class=\"wp-image-2797 aligncenter size-full\" srcset=\"https:\/\/www.slavonski-planinari.hr\/arhiva\/wp-content\/uploads\/2023\/01\/kavkaz_3.jpg 600w, https:\/\/www.slavonski-planinari.hr\/arhiva\/wp-content\/uploads\/2023\/01\/kavkaz_3-480x320.jpg 480w\" sizes=\"(min-width: 0px) and (max-width: 480px) 480px, (min-width: 481px) 600px, 100vw\" \/><\/p>\n<p style=\"text-align: justify;\">Za brojne na\u0161i\u010dke planinare bila je vrlo zanimljiva pripremljena projekcija snimaka sa uspona na Elbrus visok 5642 mnm kao i skra\u0107ena filmska projekcija uspona na ovaj najvi\u0161i vrh Europe.<\/p>\n<p style=\"text-align: justify;\">Nazo\u010dni sudionici ekspedicije prisjetili su se niza detalja sa uspona, posebno vezanih na stradale njema\u010dke planinare i sudjelovanje u pru\u017eanju pomo\u0107i u prvih nekoliko sati spa\u0161avanja nastradalih.<\/p>\n<p style=\"text-align: justify;\"><img loading=\"lazy\" decoding=\"async\" src=\"https:\/\/www.slavonski-planinari.hr\/arhiva\/wp-content\/uploads\/2023\/01\/kavkaz_1.jpg\" width=\"600\" height=\"400\" alt=\"\" class=\"wp-image-2795 aligncenter size-full\" srcset=\"https:\/\/www.slavonski-planinari.hr\/arhiva\/wp-content\/uploads\/2023\/01\/kavkaz_1.jpg 600w, https:\/\/www.slavonski-planinari.hr\/arhiva\/wp-content\/uploads\/2023\/01\/kavkaz_1-480x320.jpg 480w\" sizes=\"(min-width: 0px) and (max-width: 480px) 480px, (min-width: 481px) 600px, 100vw\" \/><\/p>\n<p style=\"text-align: justify;\"><span>Gradona\u010delnik Na\u0161ica, Kre\u0161imir \u017dagar, zahvalio se na hrabrosti na\u0161ih \u010dlanova i na solidarnosti koja treba da krasi \u010dlanove planinarske organizacije. Novinar Radio Na\u0161ica popratio je i snimio izjave nazo\u010dnih sudionika ekspedicije.<\/span><\/p>\n<p style=\"text-align: justify;\">Na ovoj web stranici u izborniku \u201ecrtice iz povijesti\u201c mo\u017eete na\u0107i<span>\u00a0<\/span><a href=\"kavkaz-90\">Izvje\u0161taj 1. slavonske visokogorske ekspedicije Kavkaz &#8217;90<\/a>.<\/p>\n<\/div>\n<p>[\/et_pb_text][\/et_pb_column][\/et_pb_row][\/et_pb_section]<\/p>\n","protected":false},"excerpt":{"rendered":"<p>U ovoj jubilarnoj 120. godini Slavonskog planinarstva, vrijedno je obilje\u017eiti i 25. godi\u0161njicu Prve slavonske visokogorske ekspedicije &#8220;KAVKAZ 90&#8221;. U subotu, 19.prosinca, u Vije\u0107nici grada Na\u0161ica, doma\u0107ini, planinari PD &#8220;Krndija&#8221; organizirali su okupljanje sudionika ove ekspedicije. Prozivci vo\u0111e ove ekspedicije, \u0110or\u0111u Bali\u0107u, odazvalo se pet \u010dlanova: Miljenko Balokovi\u0107 iz Na\u0161ica (jedini se, od slavonaca u [&hellip;]<\/p>\n","protected":false},"author":1,"featured_media":0,"comment_status":"closed","ping_status":"open","sticky":false,"template":"","format":"standard","meta":{"_et_pb_use_builder":"on","_et_pb_old_content":"","_et_gb_content_width":"1080","footnotes":""},"categories":[29],"tags":[],"class_list":["post-2793","post","type-post","status-publish","format-standard","hentry","category-29"],"_links":{"self":[{"href":"https:\/\/www.slavonski-planinari.hr\/arhiva\/wp-json\/wp\/v2\/posts\/2793","targetHints":{"allow":["GET"]}}],"collection":[{"href":"https:\/\/www.slavonski-planinari.hr\/arhiva\/wp-json\/wp\/v2\/posts"}],"about":[{"href":"https:\/\/www.slavonski-planinari.hr\/arhiva\/wp-json\/wp\/v2\/types\/post"}],"author":[{"embeddable":true,"href":"https:\/\/www.slavonski-planinari.hr\/arhiva\/wp-json\/wp\/v2\/users\/1"}],"replies":[{"embeddable":true,"href":"https:\/\/www.slavonski-planinari.hr\/arhiva\/wp-json\/wp\/v2\/comments?post=2793"}],"version-history":[{"count":0,"href":"https:\/\/www.slavonski-planinari.hr\/arhiva\/wp-json\/wp\/v2\/posts\/2793\/revisions"}],"wp:attachment":[{"href":"https:\/\/www.slavonski-planinari.hr\/arhiva\/wp-json\/wp\/v2\/media?parent=2793"}],"wp:term":[{"taxonomy":"category","embeddable":true,"href":"https:\/\/www.slavonski-planinari.hr\/arhiva\/wp-json\/wp\/v2\/categories?post=2793"},{"taxonomy":"post_tag","embeddable":true,"href":"https:\/\/www.slavonski-planinari.hr\/arhiva\/wp-json\/wp\/v2\/tags?post=2793"}],"curies":[{"name":"wp","href":"https:\/\/api.w.org\/{rel}","templated":true}]}}