{"id":2789,"date":"2015-12-23T15:00:00","date_gmt":"2015-12-23T14:00:00","guid":{"rendered":"https:\/\/www.slavonski-planinari.hr\/arhiva\/?p=2789"},"modified":"2023-01-10T15:02:23","modified_gmt":"2023-01-10T14:02:23","slug":"oko-350-ucesnika-na-20-jubilarnoj-fokinoj-stazi","status":"publish","type":"post","link":"https:\/\/www.slavonski-planinari.hr\/arhiva\/oko-350-ucesnika-na-20-jubilarnoj-fokinoj-stazi\/","title":{"rendered":"Oko 350 u\u010desnika na 20. jubilarnoj Fokinoj stazi"},"content":{"rendered":"<p>[et_pb_section fb_built=&#8221;1&#8243; theme_builder_area=&#8221;post_content&#8221; _builder_version=&#8221;4.19.4&#8243; _module_preset=&#8221;default&#8221; custom_padding=&#8221;||370px|||&#8221;][et_pb_row _builder_version=&#8221;4.19.4&#8243; _module_preset=&#8221;default&#8221; theme_builder_area=&#8221;post_content&#8221;][et_pb_column _builder_version=&#8221;4.19.4&#8243; _module_preset=&#8221;default&#8221; type=&#8221;4_4&#8243; theme_builder_area=&#8221;post_content&#8221;][et_pb_text _builder_version=&#8221;4.19.4&#8243; _module_preset=&#8221;default&#8221; theme_builder_area=&#8221;post_content&#8221; hover_enabled=&#8221;0&#8243; sticky_enabled=&#8221;0&#8243;]<\/p>\n<div class=\"itemIntroText\">\n<p style=\"text-align: justify;\"><span><img loading=\"lazy\" decoding=\"async\" src=\"https:\/\/www.slavonski-planinari.hr\/arhiva\/wp-content\/uploads\/2023\/01\/Fokina-staza2015.jpg\" width=\"179\" height=\"119\" alt=\"\" class=\"wp-image-2791 alignleft size-full\" \/>Oko 350 sudionika iz Pakraca, Lipika, Novske, Kutine, Bjelovara, Zagreba, Po\u017eege te drugih krajeva Hrvatske, Slovenije i Slavonije 19. prosinca na jubilarnom 20. planinarskom pohodu \u201cFokinom stazom 1991.\u201d<\/span><\/p>\n<p style=\"text-align: justify;\"><span>Jubilarni pohod zapo\u010deo je okupljanjem sudionika na Trgu bana Josipa Jela\u010di\u0107a u Pakracu gdje su ih doma\u0107ini i organizatori do\u010dekali s planinarskim doru\u010dkom.<\/span><\/p>\n<\/div>\n<div class=\"itemFullText\">\n<p style=\"text-align: justify;\">\u00a0<span>Prije polaska sudionici su razgledali stalni postav vojne i ratne povijesti izlo\u017een u staroj pakra\u010dkoj vije\u0107nici, a u 10 sati krenuli od sredi\u0161njeg gradskog trga prema isto\u010dnom Pakra\u010dkom vinogradu i spomeniku sedmorici poginulih branitelja.<\/span><\/p>\n<p style=\"text-align: justify;\"><span><a href=\"http:\/\/pdpsunj.hr\/vise-od-300-ucesnika-na-20-jubilarnoj-fokinoj-stazi\" target=\"_blank\" rel=\"noopener\">Vi\u0161e o pohodu, uz veliku galeriju, pogledajte na stranicama PD Psunj, Pakrac<\/a>.<\/span><\/p>\n<\/div>\n<p>[\/et_pb_text][\/et_pb_column][\/et_pb_row][\/et_pb_section]<\/p>\n","protected":false},"excerpt":{"rendered":"<p>Oko 350 sudionika iz Pakraca, Lipika, Novske, Kutine, Bjelovara, Zagreba, Po\u017eege te drugih krajeva Hrvatske, Slovenije i Slavonije 19. prosinca na jubilarnom 20. planinarskom pohodu \u201cFokinom stazom 1991.\u201d Jubilarni pohod zapo\u010deo je okupljanjem sudionika na Trgu bana Josipa Jela\u010di\u0107a u Pakracu gdje su ih doma\u0107ini i organizatori do\u010dekali s planinarskim doru\u010dkom. \u00a0Prije polaska sudionici su [&hellip;]<\/p>\n","protected":false},"author":1,"featured_media":0,"comment_status":"closed","ping_status":"open","sticky":false,"template":"","format":"standard","meta":{"_et_pb_use_builder":"on","_et_pb_old_content":"","_et_gb_content_width":"1080","footnotes":""},"categories":[29],"tags":[],"class_list":["post-2789","post","type-post","status-publish","format-standard","hentry","category-29"],"_links":{"self":[{"href":"https:\/\/www.slavonski-planinari.hr\/arhiva\/wp-json\/wp\/v2\/posts\/2789","targetHints":{"allow":["GET"]}}],"collection":[{"href":"https:\/\/www.slavonski-planinari.hr\/arhiva\/wp-json\/wp\/v2\/posts"}],"about":[{"href":"https:\/\/www.slavonski-planinari.hr\/arhiva\/wp-json\/wp\/v2\/types\/post"}],"author":[{"embeddable":true,"href":"https:\/\/www.slavonski-planinari.hr\/arhiva\/wp-json\/wp\/v2\/users\/1"}],"replies":[{"embeddable":true,"href":"https:\/\/www.slavonski-planinari.hr\/arhiva\/wp-json\/wp\/v2\/comments?post=2789"}],"version-history":[{"count":0,"href":"https:\/\/www.slavonski-planinari.hr\/arhiva\/wp-json\/wp\/v2\/posts\/2789\/revisions"}],"wp:attachment":[{"href":"https:\/\/www.slavonski-planinari.hr\/arhiva\/wp-json\/wp\/v2\/media?parent=2789"}],"wp:term":[{"taxonomy":"category","embeddable":true,"href":"https:\/\/www.slavonski-planinari.hr\/arhiva\/wp-json\/wp\/v2\/categories?post=2789"},{"taxonomy":"post_tag","embeddable":true,"href":"https:\/\/www.slavonski-planinari.hr\/arhiva\/wp-json\/wp\/v2\/tags?post=2789"}],"curies":[{"name":"wp","href":"https:\/\/api.w.org\/{rel}","templated":true}]}}