{"id":2778,"date":"2015-12-23T14:55:00","date_gmt":"2015-12-23T13:55:00","guid":{"rendered":"https:\/\/www.slavonski-planinari.hr\/arhiva\/?p=2778"},"modified":"2023-01-10T14:57:47","modified_gmt":"2023-01-10T13:57:47","slug":"10-obiljezavanje-mdp-i-susret-po-panonskim-gorama","status":"publish","type":"post","link":"https:\/\/www.slavonski-planinari.hr\/arhiva\/10-obiljezavanje-mdp-i-susret-po-panonskim-gorama\/","title":{"rendered":"10. obilje\u017eavanje MDP i susret &#8220;Po panonskim gorama&#8221;"},"content":{"rendered":"<p>[et_pb_section fb_built=&#8221;1&#8243; theme_builder_area=&#8221;post_content&#8221; _builder_version=&#8221;4.19.4&#8243; _module_preset=&#8221;default&#8221;][et_pb_row _builder_version=&#8221;4.19.4&#8243; _module_preset=&#8221;default&#8221; theme_builder_area=&#8221;post_content&#8221;][et_pb_column _builder_version=&#8221;4.19.4&#8243; _module_preset=&#8221;default&#8221; type=&#8221;4_4&#8243; theme_builder_area=&#8221;post_content&#8221;][et_pb_text _builder_version=&#8221;4.19.4&#8243; _module_preset=&#8221;default&#8221; theme_builder_area=&#8221;post_content&#8221; hover_enabled=&#8221;0&#8243; sticky_enabled=&#8221;0&#8243;]<\/p>\n<div class=\"itemIntroText\">\n<p style=\"text-align: justify;\"><img loading=\"lazy\" decoding=\"async\" src=\"https:\/\/www.slavonski-planinari.hr\/arhiva\/wp-content\/uploads\/2023\/01\/mdp_2015-4.jpg\" width=\"156\" height=\"104\" alt=\"\" class=\"wp-image-2783 alignleft size-full\" \/>U nedjelju, 13. prosinca 2015., odr\u017ean je deseti &#8220;Izlet nepoznati Papuk&#8221; prigodom Me\u0111unarodnog dana planina.\u00a0<\/p>\n<p style=\"text-align: justify;\"><span>Organizirali su ga Park prirode Papuk i Slavonski planinarski savez uz pokroviteljstvo HPS-a.<\/span><\/p>\n<\/div>\n<div class=\"itemFullText\">\n<p style=\"text-align: justify;\"><span>Me\u0111unarodni dan planina (11. prosinac) proglasila je 2003. godine op\u0107a skup\u0161tina Ujedinjenih naroda radi osvje\u0161\u0107ivanja zna\u010denja planina i odr\u017eivog razvoja njihova okoli\u0161a za o\u010duvanje kvalitetnog \u017eivota stanovni\u0161tva.<\/span><\/p>\n<p style=\"text-align: justify;\"><span>MDP se svake godine obilje\u017eava s nekom tematikom, ove godine tema je promocija planinskih proizvoda. Udruga p\u010delara sa vo\u0107inskog podru\u010dja tom prilikom je prezentirala svoje proizvode. Ovogodi\u0161nji izlet je po prvi puta odr\u017ean u Geoparku Papuk, koji je od nedavno uvr\u0161ten u UNESCO- vu globalu mre\u017eu geoparkova.\u00a0<\/span><\/p>\n<p style=\"text-align: justify;\"><img loading=\"lazy\" decoding=\"async\" src=\"https:\/\/www.slavonski-planinari.hr\/arhiva\/wp-content\/uploads\/2023\/01\/mdp_2015-3.jpg\" width=\"600\" height=\"450\" alt=\"\" class=\"wp-image-2782 aligncenter size-full\" srcset=\"https:\/\/www.slavonski-planinari.hr\/arhiva\/wp-content\/uploads\/2023\/01\/mdp_2015-3.jpg 600w, https:\/\/www.slavonski-planinari.hr\/arhiva\/wp-content\/uploads\/2023\/01\/mdp_2015-3-480x360.jpg 480w\" sizes=\"(min-width: 0px) and (max-width: 480px) 480px, (min-width: 481px) 600px, 100vw\" \/><\/p>\n<p style=\"text-align: justify;\">Oko 300 sudionika iz tridesetak planinarskih udruga okupilo su se na jezeru Vo\u0107in. Nakon toga su se uputili trasom: Vo\u0107in &#8211; Stra\u017ea &#8211; To\u010dak te povratak do jezera. Cijelog dana se magla zadr\u017eavala kod mjesta okupljanja no vi\u0161lje, na Papuku, bilo je vedro i prohladno \u2013 idealno za zimski izlet. Na vr\u0161nim dijelovima Stra\u017ee i To\u010dka gazilo se i ne\u0161to snijega.<\/p>\n<p style=\"text-align: justify;\"><img loading=\"lazy\" decoding=\"async\" src=\"https:\/\/www.slavonski-planinari.hr\/arhiva\/wp-content\/uploads\/2023\/01\/mdp_2015-2.jpg\" width=\"600\" height=\"400\" alt=\"\" class=\"wp-image-2781 aligncenter size-full\" srcset=\"https:\/\/www.slavonski-planinari.hr\/arhiva\/wp-content\/uploads\/2023\/01\/mdp_2015-2.jpg 600w, https:\/\/www.slavonski-planinari.hr\/arhiva\/wp-content\/uploads\/2023\/01\/mdp_2015-2-480x320.jpg 480w\" sizes=\"(min-width: 0px) and (max-width: 480px) 480px, (min-width: 481px) 600px, 100vw\" \/><\/p>\n<p style=\"text-align: justify;\">Duljina trase bila je 16 kilometara. Za one s malo manje kondicije organizirana je \u0161etnja lak\u0161om trasom duljine 6,7 kilometara.<\/p>\n<p style=\"text-align: justify;\">Vo\u0111enje su odradili \u010dlanovi Stanice vodi\u010da Slavonije a za sigurnost su brinuli i ove godine pripadnicima HGSS-a stanica Orahovica i Po\u017eega.<\/p>\n<p style=\"text-align: justify;\">Ovogodi\u0161njem obilje\u017eavanju MDP su se priklju\u010dili i planinari iz PS Vojvodine predvo\u0111eni predsjednikom Isom Plani\u0107em.<\/p>\n<p style=\"text-align: justify;\">Bio je to dio susreta &#8220;Po panonskim gorama&#8221;, kojemu su naizmjeni\u010dno (jednom godi\u0161nje) doma\u0107ini PSV i SPS. Susret se trebao odr\u017eati 19\/20 rujna ali je odgo\u0111en zbog problema na grani\u010dnim prijelazima (izbjeglice).<\/p>\n<p style=\"text-align: justify;\"><img loading=\"lazy\" decoding=\"async\" src=\"https:\/\/www.slavonski-planinari.hr\/arhiva\/wp-content\/uploads\/2023\/01\/mdp_2015-1.jpg\" width=\"600\" height=\"450\" alt=\"\" class=\"wp-image-2780 aligncenter size-full\" srcset=\"https:\/\/www.slavonski-planinari.hr\/arhiva\/wp-content\/uploads\/2023\/01\/mdp_2015-1.jpg 600w, https:\/\/www.slavonski-planinari.hr\/arhiva\/wp-content\/uploads\/2023\/01\/mdp_2015-1-480x360.jpg 480w\" sizes=\"(min-width: 0px) and (max-width: 480px) 480px, (min-width: 481px) 600px, 100vw\" \/><\/p>\n<p style=\"text-align: justify;\">Prvog dana susreta, gosti su se odu\u0161evili razgledaju\u0107i znamenitosti Jankovca &#8211; ishodi\u0161ta slavonskog planinarstva. U ve\u010dernjim satima im je prikazana prezentacija o povijesti lokaliteta od vremana grofa Jankovi\u0107a do danas.<\/p>\n<\/div>\n<p>[\/et_pb_text][\/et_pb_column][\/et_pb_row][\/et_pb_section]<\/p>\n","protected":false},"excerpt":{"rendered":"<p>U nedjelju, 13. prosinca 2015., odr\u017ean je deseti &#8220;Izlet nepoznati Papuk&#8221; prigodom Me\u0111unarodnog dana planina.\u00a0 Organizirali su ga Park prirode Papuk i Slavonski planinarski savez uz pokroviteljstvo HPS-a. Me\u0111unarodni dan planina (11. prosinac) proglasila je 2003. godine op\u0107a skup\u0161tina Ujedinjenih naroda radi osvje\u0161\u0107ivanja zna\u010denja planina i odr\u017eivog razvoja njihova okoli\u0161a za o\u010duvanje kvalitetnog \u017eivota stanovni\u0161tva. [&hellip;]<\/p>\n","protected":false},"author":1,"featured_media":0,"comment_status":"closed","ping_status":"open","sticky":false,"template":"","format":"standard","meta":{"_et_pb_use_builder":"on","_et_pb_old_content":"","_et_gb_content_width":"1080","footnotes":""},"categories":[29],"tags":[],"class_list":["post-2778","post","type-post","status-publish","format-standard","hentry","category-29"],"_links":{"self":[{"href":"https:\/\/www.slavonski-planinari.hr\/arhiva\/wp-json\/wp\/v2\/posts\/2778","targetHints":{"allow":["GET"]}}],"collection":[{"href":"https:\/\/www.slavonski-planinari.hr\/arhiva\/wp-json\/wp\/v2\/posts"}],"about":[{"href":"https:\/\/www.slavonski-planinari.hr\/arhiva\/wp-json\/wp\/v2\/types\/post"}],"author":[{"embeddable":true,"href":"https:\/\/www.slavonski-planinari.hr\/arhiva\/wp-json\/wp\/v2\/users\/1"}],"replies":[{"embeddable":true,"href":"https:\/\/www.slavonski-planinari.hr\/arhiva\/wp-json\/wp\/v2\/comments?post=2778"}],"version-history":[{"count":0,"href":"https:\/\/www.slavonski-planinari.hr\/arhiva\/wp-json\/wp\/v2\/posts\/2778\/revisions"}],"wp:attachment":[{"href":"https:\/\/www.slavonski-planinari.hr\/arhiva\/wp-json\/wp\/v2\/media?parent=2778"}],"wp:term":[{"taxonomy":"category","embeddable":true,"href":"https:\/\/www.slavonski-planinari.hr\/arhiva\/wp-json\/wp\/v2\/categories?post=2778"},{"taxonomy":"post_tag","embeddable":true,"href":"https:\/\/www.slavonski-planinari.hr\/arhiva\/wp-json\/wp\/v2\/tags?post=2778"}],"curies":[{"name":"wp","href":"https:\/\/api.w.org\/{rel}","templated":true}]}}