{"id":2771,"date":"2015-12-23T14:50:00","date_gmt":"2015-12-23T13:50:00","guid":{"rendered":"https:\/\/www.slavonski-planinari.hr\/arhiva\/?p=2771"},"modified":"2023-01-10T14:53:09","modified_gmt":"2023-01-10T13:53:09","slug":"10-01-2016-18-novogodisnji-pohod-pp-vra-bljesak","status":"publish","type":"post","link":"https:\/\/www.slavonski-planinari.hr\/arhiva\/10-01-2016-18-novogodisnji-pohod-pp-vra-bljesak\/","title":{"rendered":"10.01.2016. &#8211; 18. Novogodi\u0161nji pohod PP VRA \u201eBljesak\u201c"},"content":{"rendered":"<p>[et_pb_section fb_built=&#8221;1&#8243; theme_builder_area=&#8221;post_content&#8221; _builder_version=&#8221;4.19.4&#8243; _module_preset=&#8221;default&#8221;][et_pb_row _builder_version=&#8221;4.19.4&#8243; _module_preset=&#8221;default&#8221; theme_builder_area=&#8221;post_content&#8221;][et_pb_column _builder_version=&#8221;4.19.4&#8243; _module_preset=&#8221;default&#8221; type=&#8221;4_4&#8243; theme_builder_area=&#8221;post_content&#8221;][et_pb_text _builder_version=&#8221;4.19.4&#8243; _module_preset=&#8221;default&#8221; theme_builder_area=&#8221;post_content&#8221; hover_enabled=&#8221;0&#8243; sticky_enabled=&#8221;0&#8243;]<\/p>\n<p><strong>10.01. nedjelja<\/strong><\/p>\n<ul>\n<li><span style=\"font-size: 12.16px; line-height: 1.3em;\">18. Novogodi\u0161nji pohod PP VRA \u201eBljesak\u201c , PD Zmajevac Novska<\/span><\/li>\n<\/ul>\n<p>(Davor Augustin, 098\/28 50 04, e-mail: <a href=\"mailto:pd.zmajevc@gmail.com)\">pd.zmajevc@gmail.com)<\/a><\/p>\n<p><span style=\"font-size: 12.16px; line-height: 1.3em;\"><br \/><img loading=\"lazy\" decoding=\"async\" src=\"https:\/\/www.slavonski-planinari.hr\/arhiva\/wp-content\/uploads\/2023\/01\/vra_bljesak-1.jpg\" width=\"200\" height=\"150\" alt=\"\" class=\"wp-image-2773 alignleft size-full\" \/>PD Zmajevac, Novska, poziva Vas na 18. novogodi\u0161nji pohod planinarskim putom VRA \u201eBljesak\u201c koji \u0107e se odr\u017eati u nedjelju 10. sije\u010dnja.<\/span><\/p>\n<p><span style=\"font-size: 12.16px; line-height: 1.3em;\">Okupljanje sudionika je ispred kina, od 8:00 do 8:30h.<\/span><\/p>\n<p><span style=\"font-size: 12.16px; line-height: 1.3em;\">Odje\u0107u i obu\u0107u potrebno je prilagoditi vremenskim uvjetima.\u00a0<\/span><\/p>\n<p><span style=\"font-size: 12.16px; line-height: 1.3em;\">Za sve sudionike osiguran je planinarski grah i topli napitci.<\/span><\/p>\n<p>Prijave grupa na e-mail pd.zmajevac@gmail.com ili u inbox na Facebooku, radi osiguranja dovoljne koli\u010dine obroka.<\/p>\n<p>Informacije o stazi mo\u017eete dobiti od Davora na br. Mobitela 098\/285-004.<\/p>\n<p style=\"text-align: right;\">Radujemo se va\u0161em dolasku.<br \/>PD Zmajevac<\/p>\n<p>[\/et_pb_text][\/et_pb_column][\/et_pb_row][\/et_pb_section]<\/p>\n","protected":false},"excerpt":{"rendered":"<p>10.01. nedjelja 18. Novogodi\u0161nji pohod PP VRA \u201eBljesak\u201c , PD Zmajevac Novska (Davor Augustin, 098\/28 50 04, e-mail: pd.zmajevc@gmail.com) PD Zmajevac, Novska, poziva Vas na 18. novogodi\u0161nji pohod planinarskim putom VRA \u201eBljesak\u201c koji \u0107e se odr\u017eati u nedjelju 10. sije\u010dnja. Okupljanje sudionika je ispred kina, od 8:00 do 8:30h. Odje\u0107u i obu\u0107u potrebno je prilagoditi [&hellip;]<\/p>\n","protected":false},"author":1,"featured_media":0,"comment_status":"closed","ping_status":"open","sticky":false,"template":"","format":"standard","meta":{"_et_pb_use_builder":"on","_et_pb_old_content":"","_et_gb_content_width":"1080","footnotes":""},"categories":[29],"tags":[],"class_list":["post-2771","post","type-post","status-publish","format-standard","hentry","category-29"],"_links":{"self":[{"href":"https:\/\/www.slavonski-planinari.hr\/arhiva\/wp-json\/wp\/v2\/posts\/2771","targetHints":{"allow":["GET"]}}],"collection":[{"href":"https:\/\/www.slavonski-planinari.hr\/arhiva\/wp-json\/wp\/v2\/posts"}],"about":[{"href":"https:\/\/www.slavonski-planinari.hr\/arhiva\/wp-json\/wp\/v2\/types\/post"}],"author":[{"embeddable":true,"href":"https:\/\/www.slavonski-planinari.hr\/arhiva\/wp-json\/wp\/v2\/users\/1"}],"replies":[{"embeddable":true,"href":"https:\/\/www.slavonski-planinari.hr\/arhiva\/wp-json\/wp\/v2\/comments?post=2771"}],"version-history":[{"count":0,"href":"https:\/\/www.slavonski-planinari.hr\/arhiva\/wp-json\/wp\/v2\/posts\/2771\/revisions"}],"wp:attachment":[{"href":"https:\/\/www.slavonski-planinari.hr\/arhiva\/wp-json\/wp\/v2\/media?parent=2771"}],"wp:term":[{"taxonomy":"category","embeddable":true,"href":"https:\/\/www.slavonski-planinari.hr\/arhiva\/wp-json\/wp\/v2\/categories?post=2771"},{"taxonomy":"post_tag","embeddable":true,"href":"https:\/\/www.slavonski-planinari.hr\/arhiva\/wp-json\/wp\/v2\/tags?post=2771"}],"curies":[{"name":"wp","href":"https:\/\/api.w.org\/{rel}","templated":true}]}}