{"id":2763,"date":"2015-12-02T14:45:00","date_gmt":"2015-12-02T13:45:00","guid":{"rendered":"https:\/\/www.slavonski-planinari.hr\/arhiva\/?p=2763"},"modified":"2023-01-10T14:48:08","modified_gmt":"2023-01-10T13:48:08","slug":"jankovac-planinarska-prica","status":"publish","type":"post","link":"https:\/\/www.slavonski-planinari.hr\/arhiva\/jankovac-planinarska-prica\/","title":{"rendered":"Jankovac: Planinarska pri\u010da"},"content":{"rendered":"<p>[et_pb_section fb_built=&#8221;1&#8243; theme_builder_area=&#8221;post_content&#8221; _builder_version=&#8221;4.19.4&#8243; _module_preset=&#8221;default&#8221;][et_pb_row _builder_version=&#8221;4.19.4&#8243; _module_preset=&#8221;default&#8221; theme_builder_area=&#8221;post_content&#8221;][et_pb_column _builder_version=&#8221;4.19.4&#8243; _module_preset=&#8221;default&#8221; type=&#8221;4_4&#8243; theme_builder_area=&#8221;post_content&#8221;][et_pb_text _builder_version=&#8221;4.19.4&#8243; _module_preset=&#8221;default&#8221; theme_builder_area=&#8221;post_content&#8221; hover_enabled=&#8221;0&#8243; sticky_enabled=&#8221;0&#8243;]<\/p>\n<div class=\"itemIntroText\">\n<p>Prigodom obilje\u017eavanja 120. obljetnice planinarstva u Slavoniji, s ponosom predstavljamo knjigu:<\/p>\n<p><span><em>\u0110or\u0111e Bali\u0107<\/em><\/span><strong><span>\u00a0Jankovac: planinarska pri\u010da,\u00a0<\/span><br \/><\/strong><em><span>najpotpuniji prikaz povijesti Jankovca,\u00a0<\/span><span>od staklara, grofa, prvih planinara,\u00a0<\/span><span>&#8230; do dana\u0161njih dana.<\/span><\/em><\/p>\n<\/div>\n<div class=\"itemFullText\">\n<p>&nbsp;<\/p>\n<p><span><br \/>Cijena: 90,00 kn<\/span><\/p>\n<p><strong>Ne prodaje se u knji\u017earama.<\/strong><\/p>\n<p><span>Mo\u017ee se kupiti u nekim planinarskim dru\u0161tvima\u00a0<\/span><span>ili naru\u010diti na:\u00a0<span id=\"cloak959027d57f690a5d0055c379ff737448\"><a href=\"mailto:slavonski.planinari@gmail.com\">slavonski.planinari@gmail.com<\/a><\/span><\/span><\/p>\n<p><strong>Sadr\u017eaj:<\/strong><\/p>\n<ul>\n<li><span>Jankovac &#8211; prostorna i vremenska dispozicija<\/span><\/li>\n<li><span>Jankovac i Jankovi\u0107i<\/span><\/li>\n<li><span>Josip(I.) pl. Jankovi\u0107 i njegovo djelo<\/span><\/li>\n<li><span>Jankovac &#8211; planinari, skija\u0161i\u00a0<\/span><span>i planinarski dom<\/span><\/li>\n<li><span>Dodaci<\/span><\/li>\n<\/ul>\n<h1>\u0110or\u0111e Bali\u0107: \u201eJankovac: planinarska pri\u010da\u201c<\/h1>\n<p><span>Izdava\u010d<\/span>: Grafika d.o.o. Osijek, suizdava\u010di: Slavonski planinarski savez i HPD \u201eBr\u0161ljan\u2013Jankovac\u201c Osijek<br \/><span>Format\u00a0: B5, 184 str; 226 ilustracija i fotografija u boji<\/span><\/p>\n<h3>Sa\u017eetak<\/h3>\n<p><img loading=\"lazy\" decoding=\"async\" src=\"https:\/\/www.slavonski-planinari.hr\/arhiva\/wp-content\/uploads\/2023\/01\/jankovac-knjiga1.jpg\" width=\"122\" height=\"111\" alt=\"\" class=\"wp-image-2765 alignleft size-full\" \/>Nakon ste\u010daja staklane (1840.) vlasnik vlastelinstva Vo\u0107in, u koje pripada i Jankovac, Josip (I.) pl. <span>Jankovi\u0107 od Pribira i Vu\u010dina, preoblikuje (Jankova\u010dku) dolinu u ladanje; kaptirao je izvor potoka, izgradio\u00a0<\/span><span>dva jezera, vodu usmjerio u slap Skakavac, vodoskok ispred slapa, pje\u0161a\u010dki pristup dolini, izgradio kuriju\u00a0<\/span><span>i grobnicu &#8211; u kojoj je kasnije sahranjen. U drugoj polovini 19. st. Jankovac su posjetili mnogi ugledni ljudi\u00a0<\/span><span>toga vremena. Zahvaljuju\u0107i Jankovcu osnovano je prvo osje\u010dko i slavonsko planinarsko dru\u0161tvo \u201eBr\u0161ljan&#8221;, davne 1895. godine.\u00a0Tridesetih godina\u00a0<\/span><span>20. st. Jankovac postaje sredi\u0161nje mjesto osje\u010dkog i slavonskog planinarstva, unutar kojeg se razvija i\u00a0<\/span><span>vrlo zna\u010dajna skija\u0161ka sekcija. Osje\u010dki planinari markirali su staze po Papuku i Krndiji, na Jankovcu\u00a0<\/span><span>sagradili prvi planinarski dom u Slavoniji i skija\u0161ku stazu te organizirali mnoge manifestacije. Ratovi su\u00a0<\/span><span>ru\u0161ili planinarski dom na Jankovcu, po\u017eari \u010dinili svoje, no to nije umanjilo entuzijazam planinara da ga\u00a0<\/span><span>nakon svake nevolje krenu iznova i obnove ga.<\/span><\/p>\n<h3>Izvodi iz recenzija<\/h3>\n<p><em>Zdenko Samar\u017eija, prof.<\/em><\/p>\n<p>Rukopis knjige \u0110or\u0111a Bali\u0107a iznimno je vrijedan i obe\u0107ava sjajnu publikaciju oplemenjenu obiljem\u00a0<span>ilustracija (fotografija, grafika, crte\u017ea i slika} i biografijom Jankovca. Osnovni tekst podijeljen je u dva\u00a0<\/span><span>temeljna poglavlja: poglavlje o Jankovcu i poglavlje o djelatnosti osje\u010dkih planinara na Jankovcu\u00a0<\/span><span>ispri\u010dano kroz biografije petorice najistaknutijih osje\u010dkih planinara.<\/span><\/p>\n<p>Dio rukopisa o Jankovcu je stru\u010dna studija koja popunjava prazninu u historiografskoj literaturi o\u00a0<span>Jankovcu. Bali\u0107 nije donio nepoznate \u010dinjenice skrivene u arhivima &#8211; to se od njega ne o\u010dekuje &#8211; ve\u0107 je\u00a0<\/span><span>\u010ditaju\u0107i putopise i druga publicirana vrela otvorio pitanja o Jankovi\u0107ima i etapama razvoja Jankovca i\u00a0<\/span><span>prometnicama koje vode na Jankovac. Odgovore na njih argumentirao je povijesnim vrelima,\u00a0<\/span><span>kartografskim i ilustrativnim materijalom te ostacima na arhitektonici gra\u0111evina koje su danas na\u00a0<\/span><span>Jankovcu, \u0161to pokazuje Bali\u0107evu umje\u0161nost u rukovo\u0111enju istra\u017eivanja, a jo\u0161 vi\u0161e kompetencije da\u00a0<\/span><span>rukovodi timom stru\u010dnjaka raznih profila. Bali\u0107 se u rukopisu fokusira isklju\u010divo na Jankovac i\u00a0<\/span><span>transcendira od okolnih zanimljivosti pokazuju\u0107i umje\u0161nost u ispisu teksta i poznavanje va\u017enosti\u00a0<\/span><span>ilustracija u stvaranju cjelovite slike kod \u010ditatelja. Bali\u0107ev na\u010din rada odli\u010dan je pokazatelj kako za\u00a0<\/span><span>holisti\u010dko razumijevanje nekog prostora u promjenjivim kulturnim krajolicima nije nu\u017eno biti povjesni\u010dar,\u00a0<\/span><span>ali je nu\u017eno u istra\u017eiva\u010dkom timu imati povjesni\u010dara. (&#8230;)<\/span><\/p>\n<p>Svedeno na jednu re\u010denicu, Bali\u0107eva knjiga o Jankovcu i djelatnosti osje\u010dkih planinara na Jankovcu pun\u00a0<span>je pogodak i postat \u0107e nezaobilazna knjiga koju \u0107e po\u017eeljeti pro\u010ditati svaki posjetitelj Jankovca i svaki\u00a0<\/span><span>osje\u010dki planinar.<\/span><\/p>\n<p><em>Prof. dr. sc. Mane Medi\u0107<\/em><\/p>\n<p>Jankovac, sinonim za ljepote prirode u knjizi \u0110or\u0111a Bali\u0107a pri\u010da je o prostoru i ljudima Papuka inspirirana\u00a0<span>stoljetnim \u0161umama bukve, javora i jasena, protkanim bistrim potocima i \u017eivopisnim slapom. Istra\u017eivanja\u00a0<\/span><span>lokacije Jankovac koja (do za potrebe ove knjige) nisu vr\u0161ena, Bali\u0107 prikazuje kroz \u017eivot koji daje taj\u00a0<\/span><span>prostor i ljude tog kraja, njihovu kulturu kroz vrijeme i molitve \u0161uma s Jankovca, vra\u0107aju\u0107i sadr\u017eaje u\u00a0<\/span><span>prostor koji su se kroz godine izgubili. (&#8230;)<\/span><\/p>\n<p>Preporu\u010duju\u0107i ovu knjigu zaljubljenicima u prirodu ali i povijest navest \u0107u rije\u010di upravo samog autora\u00a0<span>knjige: \u201eDug \u010dovjeka prema prirodi na Jankovcu je vje\u010dan, ali treba stalno pokazivati i dokazivati da dug\u00a0<\/span><span>s po\u0161tovanjem otpla\u0107ujemo&#8221;.<\/span><\/p>\n<p>&nbsp;<\/p>\n<hr \/>\n<p>&nbsp;<\/p>\n<table border=\"0\" align=\"center\">\n<tbody>\n<tr>\n<td>\n<p>Dragan Eger pi\u0161e: \u201e\u010cesto se ovdje i u Osijeku \u010duje: Bio sam u Alpama, u Dolomitima i t.d. Eto, mnogi\u00a0tako posje\u0107uju strane planine, a svoju vlastitu domovinu i svoje vlastite planine ne poznaju. A kada\u00a0koji od tih planinara posjeti slavonske planine, iznena\u0111eno kli\u010de: \u201e Pa je li to mogu\u0107e, da i u na\u0161oj\u00a0ravnoj Slavoniji imade tako lijepoga i romanti\u010dnog gorja!\u201c Zato bi u svakom rodoljubu trebalo biti geslo:\u00a0\u201eNajprije upoznaj hrvatsku planinu, koje ja zaista puna ljepote, a tim ljep\u0161e \u0161to je to tvoja ro\u0111ena\u00a0gruda, tvoja domovina!\u201c<\/p>\n<p><em>(za Bo\u017ei\u0107 1939. godine objavljeno u \u201eHrvatskom listu\u201c)<\/em><\/p>\n<\/td>\n<\/tr>\n<\/tbody>\n<\/table>\n<p style=\"text-align: center;\"><a href=\"https:\/\/www.slavonski-planinari.hr\/arhiva\/wp-content\/uploads\/2023\/01\/Jankovac_planinarskaPrica.pdf\"><strong>(PDF) Preuzmite promotivni letak<\/strong><\/a><\/p>\n<\/div>\n<p>[\/et_pb_text][\/et_pb_column][\/et_pb_row][\/et_pb_section]<\/p>\n","protected":false},"excerpt":{"rendered":"<p>Prigodom obilje\u017eavanja 120. obljetnice planinarstva u Slavoniji, s ponosom predstavljamo knjigu: \u0110or\u0111e Bali\u0107\u00a0Jankovac: planinarska pri\u010da,\u00a0najpotpuniji prikaz povijesti Jankovca,\u00a0od staklara, grofa, prvih planinara,\u00a0&#8230; do dana\u0161njih dana. &nbsp; Cijena: 90,00 kn Ne prodaje se u knji\u017earama. Mo\u017ee se kupiti u nekim planinarskim dru\u0161tvima\u00a0ili naru\u010diti na:\u00a0slavonski.planinari@gmail.com Sadr\u017eaj: Jankovac &#8211; prostorna i vremenska dispozicija Jankovac i Jankovi\u0107i Josip(I.) pl. [&hellip;]<\/p>\n","protected":false},"author":1,"featured_media":0,"comment_status":"closed","ping_status":"open","sticky":false,"template":"","format":"standard","meta":{"_et_pb_use_builder":"on","_et_pb_old_content":"","_et_gb_content_width":"1080","footnotes":""},"categories":[29],"tags":[],"class_list":["post-2763","post","type-post","status-publish","format-standard","hentry","category-29"],"_links":{"self":[{"href":"https:\/\/www.slavonski-planinari.hr\/arhiva\/wp-json\/wp\/v2\/posts\/2763","targetHints":{"allow":["GET"]}}],"collection":[{"href":"https:\/\/www.slavonski-planinari.hr\/arhiva\/wp-json\/wp\/v2\/posts"}],"about":[{"href":"https:\/\/www.slavonski-planinari.hr\/arhiva\/wp-json\/wp\/v2\/types\/post"}],"author":[{"embeddable":true,"href":"https:\/\/www.slavonski-planinari.hr\/arhiva\/wp-json\/wp\/v2\/users\/1"}],"replies":[{"embeddable":true,"href":"https:\/\/www.slavonski-planinari.hr\/arhiva\/wp-json\/wp\/v2\/comments?post=2763"}],"version-history":[{"count":0,"href":"https:\/\/www.slavonski-planinari.hr\/arhiva\/wp-json\/wp\/v2\/posts\/2763\/revisions"}],"wp:attachment":[{"href":"https:\/\/www.slavonski-planinari.hr\/arhiva\/wp-json\/wp\/v2\/media?parent=2763"}],"wp:term":[{"taxonomy":"category","embeddable":true,"href":"https:\/\/www.slavonski-planinari.hr\/arhiva\/wp-json\/wp\/v2\/categories?post=2763"},{"taxonomy":"post_tag","embeddable":true,"href":"https:\/\/www.slavonski-planinari.hr\/arhiva\/wp-json\/wp\/v2\/tags?post=2763"}],"curies":[{"name":"wp","href":"https:\/\/api.w.org\/{rel}","templated":true}]}}