{"id":2759,"date":"2015-12-02T14:43:00","date_gmt":"2015-12-02T13:43:00","guid":{"rendered":"https:\/\/www.slavonski-planinari.hr\/arhiva\/?p=2759"},"modified":"2023-01-10T14:44:36","modified_gmt":"2023-01-10T13:44:36","slug":"2-planinarski-divani","status":"publish","type":"post","link":"https:\/\/www.slavonski-planinari.hr\/arhiva\/2-planinarski-divani\/","title":{"rendered":"2. planinarski divani"},"content":{"rendered":"<p>[et_pb_section fb_built=&#8221;1&#8243; theme_builder_area=&#8221;post_content&#8221; _builder_version=&#8221;4.19.4&#8243; _module_preset=&#8221;default&#8221;][et_pb_row _builder_version=&#8221;4.19.4&#8243; _module_preset=&#8221;default&#8221; theme_builder_area=&#8221;post_content&#8221;][et_pb_column _builder_version=&#8221;4.19.4&#8243; _module_preset=&#8221;default&#8221; type=&#8221;4_4&#8243; theme_builder_area=&#8221;post_content&#8221;][et_pb_text _builder_version=&#8221;4.19.4&#8243; _module_preset=&#8221;default&#8221; theme_builder_area=&#8221;post_content&#8221; hover_enabled=&#8221;0&#8243; sticky_enabled=&#8221;0&#8243;]<\/p>\n<div class=\"itemIntroText\">\n<p style=\"text-align: justify;\">Pozivamo sve planinare i sve ljude dobre volje da nam se pridru\u017ee na\u00a0jedinstvenoj pinkl bal veselici &#8220;2. planinarskim divanima&#8221;.<\/p>\n<p style=\"text-align: justify;\">2. planinarski divani odr\u017eat \u0107e se dana 5. prosinca 2015. godine u prostorijama Doma \u017deljezni\u010dar, S. Radi\u0107a 15, Osijek, s po\u010detkom u 19.00 h.<\/p>\n<\/div>\n<div class=\"itemFullText\">\n<p style=\"text-align: justify;\"><span>Cijena ulaznice je 20,00 kn.\u00a0Cijena osigurava mjesto. Novac prikuplja blagajnica Nada.<\/span><\/p>\n<p style=\"text-align: justify;\">Potrebno je ponijeti hranu i pi\u0107e. Pi\u0107e \u0107e se tako\u0111er prodavati\u00a0po popularnim cijenama. Zabava je osigurana uz pratnju<br \/>renomiranog benda iz Pakraca.<\/p>\n<p style=\"text-align: justify;\">Sve sudionike o\u010dekuje\u00a0osebujni kulturno-umjetni\u010dki program!<\/p>\n<p style=\"text-align: justify;\">Svi ste pozvani, bez obzira u kojem ste PD \u010dlan!<\/p>\n<p style=\"text-align: justify;\">Dodatne informacije: Vladimir Pavi\u010di\u0107 &#8211; 0912271789<br \/>Rezervacije mjesta: Ksenija Vili\u0107 &#8211; 0981761130<\/p>\n<p style=\"text-align: justify;\"><span>\u00a0<\/span><\/p>\n<p style=\"text-align: justify;\"><img loading=\"lazy\" decoding=\"async\" src=\"https:\/\/www.slavonski-planinari.hr\/arhiva\/wp-content\/uploads\/2023\/01\/divani.jpg\" width=\"600\" height=\"450\" alt=\"\" class=\"wp-image-2761 aligncenter size-full\" srcset=\"https:\/\/www.slavonski-planinari.hr\/arhiva\/wp-content\/uploads\/2023\/01\/divani.jpg 600w, https:\/\/www.slavonski-planinari.hr\/arhiva\/wp-content\/uploads\/2023\/01\/divani-480x360.jpg 480w\" sizes=\"(min-width: 0px) and (max-width: 480px) 480px, (min-width: 481px) 600px, 100vw\" \/><\/p>\n<\/div>\n<p>[\/et_pb_text][\/et_pb_column][\/et_pb_row][\/et_pb_section]<\/p>\n","protected":false},"excerpt":{"rendered":"<p>Pozivamo sve planinare i sve ljude dobre volje da nam se pridru\u017ee na\u00a0jedinstvenoj pinkl bal veselici &#8220;2. planinarskim divanima&#8221;. 2. planinarski divani odr\u017eat \u0107e se dana 5. prosinca 2015. godine u prostorijama Doma \u017deljezni\u010dar, S. Radi\u0107a 15, Osijek, s po\u010detkom u 19.00 h. Cijena ulaznice je 20,00 kn.\u00a0Cijena osigurava mjesto. Novac prikuplja blagajnica Nada. Potrebno [&hellip;]<\/p>\n","protected":false},"author":1,"featured_media":0,"comment_status":"closed","ping_status":"open","sticky":false,"template":"","format":"standard","meta":{"_et_pb_use_builder":"on","_et_pb_old_content":"","_et_gb_content_width":"1080","footnotes":""},"categories":[29],"tags":[],"class_list":["post-2759","post","type-post","status-publish","format-standard","hentry","category-29"],"_links":{"self":[{"href":"https:\/\/www.slavonski-planinari.hr\/arhiva\/wp-json\/wp\/v2\/posts\/2759","targetHints":{"allow":["GET"]}}],"collection":[{"href":"https:\/\/www.slavonski-planinari.hr\/arhiva\/wp-json\/wp\/v2\/posts"}],"about":[{"href":"https:\/\/www.slavonski-planinari.hr\/arhiva\/wp-json\/wp\/v2\/types\/post"}],"author":[{"embeddable":true,"href":"https:\/\/www.slavonski-planinari.hr\/arhiva\/wp-json\/wp\/v2\/users\/1"}],"replies":[{"embeddable":true,"href":"https:\/\/www.slavonski-planinari.hr\/arhiva\/wp-json\/wp\/v2\/comments?post=2759"}],"version-history":[{"count":0,"href":"https:\/\/www.slavonski-planinari.hr\/arhiva\/wp-json\/wp\/v2\/posts\/2759\/revisions"}],"wp:attachment":[{"href":"https:\/\/www.slavonski-planinari.hr\/arhiva\/wp-json\/wp\/v2\/media?parent=2759"}],"wp:term":[{"taxonomy":"category","embeddable":true,"href":"https:\/\/www.slavonski-planinari.hr\/arhiva\/wp-json\/wp\/v2\/categories?post=2759"},{"taxonomy":"post_tag","embeddable":true,"href":"https:\/\/www.slavonski-planinari.hr\/arhiva\/wp-json\/wp\/v2\/tags?post=2759"}],"curies":[{"name":"wp","href":"https:\/\/api.w.org\/{rel}","templated":true}]}}