{"id":2756,"date":"2015-11-30T14:40:00","date_gmt":"2015-11-30T13:40:00","guid":{"rendered":"https:\/\/www.slavonski-planinari.hr\/arhiva\/?p=2756"},"modified":"2023-01-10T14:42:39","modified_gmt":"2023-01-10T13:42:39","slug":"prvi-zadnjega","status":"publish","type":"post","link":"https:\/\/www.slavonski-planinari.hr\/arhiva\/prvi-zadnjega\/","title":{"rendered":"Prvi zadnjega"},"content":{"rendered":"<p>[et_pb_section fb_built=&#8221;1&#8243; theme_builder_area=&#8221;post_content&#8221; _builder_version=&#8221;4.19.4&#8243; _module_preset=&#8221;default&#8221;][et_pb_row _builder_version=&#8221;4.19.4&#8243; _module_preset=&#8221;default&#8221; theme_builder_area=&#8221;post_content&#8221;][et_pb_column _builder_version=&#8221;4.19.4&#8243; _module_preset=&#8221;default&#8221; type=&#8221;4_4&#8243; theme_builder_area=&#8221;post_content&#8221;][et_pb_text _builder_version=&#8221;4.19.4&#8243; _module_preset=&#8221;default&#8221; theme_builder_area=&#8221;post_content&#8221; hover_enabled=&#8221;0&#8243; sticky_enabled=&#8221;0&#8243;]<\/p>\n<div class=\"itemIntroText\">\n<p><img loading=\"lazy\" decoding=\"async\" src=\"https:\/\/www.slavonski-planinari.hr\/arhiva\/wp-content\/uploads\/2023\/01\/gazije1.jpg\" width=\"174\" height=\"116\" alt=\"\" class=\"wp-image-1978 alignleft size-full\" \/>Hrvatsko planinarsko dru\u0161tvo &#8220;Sunovrat&#8221; \u0110ur\u0111enovac poziva vas na tradicionalni pohod &#8220;Prvi zadnjega&#8221;.<\/p>\n<p>Pohod \u0107e biti odr\u017ean 06. prosinca 2015. godine.<\/p>\n<p>Okupljanje je u planinarskoj ku\u0107i Tivanovo u Gazijama od 9:00 h, a polazak je planiran za 10:00 h.<\/p>\n<\/div>\n<div class=\"itemFullText\">\n<p>&nbsp;<\/p>\n<p>Prije samog pohoda biti \u0107e osiguran doru\u010dak za sve \u0161eta\u010de (tradicionalni kruh i mast uz topli \u010daj).<\/p>\n<p>Nakon trosatne staze biti \u0107e pripremljena zakuska te je predvi\u0111en grah i kuhano vino. Za sve dodatne informacije zovite na:<\/p>\n<ul>\n<li><span>0998755973\u00a0<\/span><\/li>\n<li><span>0911706957<\/span><\/li>\n<\/ul>\n<p style=\"text-align: right;\"><span>Radujemo se Va\u0161em dolasku!<br \/><\/span><span>HPD \u201eSunovrat\u201c<\/span><\/p>\n<\/div>\n<p>[\/et_pb_text][\/et_pb_column][\/et_pb_row][\/et_pb_section]<\/p>\n","protected":false},"excerpt":{"rendered":"<p>Hrvatsko planinarsko dru\u0161tvo &#8220;Sunovrat&#8221; \u0110ur\u0111enovac poziva vas na tradicionalni pohod &#8220;Prvi zadnjega&#8221;. Pohod \u0107e biti odr\u017ean 06. prosinca 2015. godine. Okupljanje je u planinarskoj ku\u0107i Tivanovo u Gazijama od 9:00 h, a polazak je planiran za 10:00 h. &nbsp; Prije samog pohoda biti \u0107e osiguran doru\u010dak za sve \u0161eta\u010de (tradicionalni kruh i mast uz topli [&hellip;]<\/p>\n","protected":false},"author":1,"featured_media":0,"comment_status":"closed","ping_status":"open","sticky":false,"template":"","format":"standard","meta":{"_et_pb_use_builder":"on","_et_pb_old_content":"","_et_gb_content_width":"1080","footnotes":""},"categories":[29],"tags":[],"class_list":["post-2756","post","type-post","status-publish","format-standard","hentry","category-29"],"_links":{"self":[{"href":"https:\/\/www.slavonski-planinari.hr\/arhiva\/wp-json\/wp\/v2\/posts\/2756","targetHints":{"allow":["GET"]}}],"collection":[{"href":"https:\/\/www.slavonski-planinari.hr\/arhiva\/wp-json\/wp\/v2\/posts"}],"about":[{"href":"https:\/\/www.slavonski-planinari.hr\/arhiva\/wp-json\/wp\/v2\/types\/post"}],"author":[{"embeddable":true,"href":"https:\/\/www.slavonski-planinari.hr\/arhiva\/wp-json\/wp\/v2\/users\/1"}],"replies":[{"embeddable":true,"href":"https:\/\/www.slavonski-planinari.hr\/arhiva\/wp-json\/wp\/v2\/comments?post=2756"}],"version-history":[{"count":0,"href":"https:\/\/www.slavonski-planinari.hr\/arhiva\/wp-json\/wp\/v2\/posts\/2756\/revisions"}],"wp:attachment":[{"href":"https:\/\/www.slavonski-planinari.hr\/arhiva\/wp-json\/wp\/v2\/media?parent=2756"}],"wp:term":[{"taxonomy":"category","embeddable":true,"href":"https:\/\/www.slavonski-planinari.hr\/arhiva\/wp-json\/wp\/v2\/categories?post=2756"},{"taxonomy":"post_tag","embeddable":true,"href":"https:\/\/www.slavonski-planinari.hr\/arhiva\/wp-json\/wp\/v2\/tags?post=2756"}],"curies":[{"name":"wp","href":"https:\/\/api.w.org\/{rel}","templated":true}]}}