{"id":2751,"date":"2015-11-25T14:24:00","date_gmt":"2015-11-25T13:24:00","guid":{"rendered":"https:\/\/www.slavonski-planinari.hr\/arhiva\/?p=2751"},"modified":"2023-01-10T14:27:19","modified_gmt":"2023-01-10T13:27:19","slug":"poziv-na-jubilarnu-20-fokinu-stazu","status":"publish","type":"post","link":"https:\/\/www.slavonski-planinari.hr\/arhiva\/poziv-na-jubilarnu-20-fokinu-stazu\/","title":{"rendered":"Poziv na jubilarnu 20. Fokinu stazu"},"content":{"rendered":"<p>[et_pb_section fb_built=&#8221;1&#8243; theme_builder_area=&#8221;post_content&#8221; _builder_version=&#8221;4.19.4&#8243; _module_preset=&#8221;default&#8221;][et_pb_row _builder_version=&#8221;4.19.4&#8243; _module_preset=&#8221;default&#8221; theme_builder_area=&#8221;post_content&#8221;][et_pb_column _builder_version=&#8221;4.19.4&#8243; _module_preset=&#8221;default&#8221; type=&#8221;4_4&#8243; theme_builder_area=&#8221;post_content&#8221;][et_pb_text _builder_version=&#8221;4.19.4&#8243; _module_preset=&#8221;default&#8221; theme_builder_area=&#8221;post_content&#8221; hover_enabled=&#8221;0&#8243; sticky_enabled=&#8221;0&#8243;]<\/p>\n<div class=\"itemIntroText\">\n<p style=\"text-align: justify;\">Tradicionalni memorijalni planinarski pohod<span>\u00a0<\/span><strong>FOKINOM STAZOM 1991.<\/strong>, organiziramo u subotu, 19. prosinca 2015. godine.<\/p>\n<p style=\"text-align: justify;\">Pohod se odr\u017eava u znak sje\u0107anja na Domovinski rat i pogibije na\u0161ih branitelja \u2013 Ivana Bedekovi\u0107a, Antu \u0106uri\u0107a, Franju Ga\u0161para, Marijana Kulhavog Foku, Dra\u017eena Hudeca, \u017deljka Novosela i Darka Pero\u0161a.<\/p>\n<\/div>\n<div class=\"itemFullText\">\n<p style=\"text-align: justify;\">\u00a0<span>Kao i ranijih godina, prije samog polaska na pohod, ujutro od 9 do 10 sati, u\u010desnici mogu besplatno pogledati stalni izlo\u017ebeni postav Vojne i ratne povijesti koji je uspostavljen velikim trudom na\u0161eg pakra\u010dkog profesora Marija Tu\u0161eka i \u010dlanova\u00a0<\/span><a href=\"http:\/\/www.facebook.com\/ratna.povijest.pakrac\">Kluba ratni\u010dkih vje\u0161tina Pakrac<\/a><span>.<\/span><\/p>\n<p style=\"text-align: justify;\">Izlo\u017eba je na istoj adresi kao i pro\u0161le godine (Hrvatskih velikana 3) i nalazi se u biv\u0161oj zgradi stare Varo\u0161ke ku\u0107e, tj. iznad sada\u0161nje prostorije Turisti\u010dke zajednice Pakrac, bo\u010dni ulaz desno, 1.kat, u neposrednoj blizini Trga bana Josipa Jela\u010di\u0107a.<\/p>\n<p style=\"text-align: justify;\">Polazak na pohod je u 10 sati sa uobi\u010dajenog mjesta okupljanja na Trgu bana Josipa Jela\u010di\u0107a u Pakracu. Napominjemo da se parkirna mjesta u Gradu napla\u0107uju, pa o tome valja voditi ra\u010duna. U neposrednoj blizini Trga kod kojeg se okupljamo, nalaze se i lokacije bez naplate parkinga.<\/p>\n<p style=\"text-align: justify;\">Iz Pakraca polazimo u organiziranoj koloni uhodanom trasom pohoda. Iznad crkvice Svetog Roka simpatizer planinara, na\u0161 sugra\u0111anin Sre\u0107ko Brus sa svojim prijateljima i ove \u0107e godine pod trijemom svoje ku\u0107e, u\u010desnike pohoda po\u010dastiti toplim okrepljuju\u0107im napitcima i slavonskim mesnatim prera\u0111evinama.<\/p>\n<p style=\"text-align: justify;\">Na kraju ulice Sveti Rok, kod spomen\u2013obilje\u017eja na\u0161im braniteljima, polo\u017eit \u0107emo vijence, zapaliti svije\u0107e i odati po\u010dast uz prisje\u0107anje na Domovinski rat.<\/p>\n<p style=\"text-align: justify;\">Kosom iznad sela Kraguj i preko planinarskog odmori\u0161ta Trome\u0111a uobi\u010dajenim markiranim planinarskim pravcima nastavit \u0107emo pje\u0161a\u010denje do planinarskog doma Omanovac.<\/p>\n<p style=\"text-align: justify;\"><img loading=\"lazy\" decoding=\"async\" src=\"https:\/\/www.slavonski-planinari.hr\/arhiva\/wp-content\/uploads\/2023\/01\/fokina2015c.jpg\" width=\"700\" height=\"495\" alt=\"\" class=\"wp-image-2754 aligncenter size-full\" srcset=\"https:\/\/www.slavonski-planinari.hr\/arhiva\/wp-content\/uploads\/2023\/01\/fokina2015c.jpg 700w, https:\/\/www.slavonski-planinari.hr\/arhiva\/wp-content\/uploads\/2023\/01\/fokina2015c-480x339.jpg 480w\" sizes=\"(min-width: 0px) and (max-width: 480px) 480px, (min-width: 481px) 700px, 100vw\" \/><\/p>\n<p style=\"text-align: justify;\"><span>U domu \u0107e biti prire\u0111en topli \u010daj dobrodo\u0161lice i planinarski grah koji je besplatan za sve u\u010desnike pohoda. ( Ujutro, prilikom prijave sudionika pohoda, va\u0161 vodi\u010d du\u017ean je preuzeti odre\u0111enu koli\u010dinu blokova za svoje \u010dlanove koji \u0107e ru\u010dati grah.\u00a0<\/span><span>Potrebno je da nam nekoliko dana ranije javite broj osoba koje \u017eele jesti grah za ru\u010dak kako bi smo Vam na vrijeme osigurali dovoljnu koli\u010dinu.)<\/span><\/p>\n<p style=\"text-align: justify;\">Nakon predaha iza ru\u010dka, u znak pa\u017enje i sje\u0107anja na ovaj jubilarni 20. memorijalni\u00a0planinarski pohod Fokinom stazom 1991., biti \u0107e dodjela pisanih prigodnih Zahvalnica i\u00a0Priznanja, te otvorenje novo ure\u0111enog planinarskog prostora u sklopu obli\u017enjeg gospodarskog\u00a0objekta. Planinarsku ve\u010der nastavljamo uz dru\u017eenje i \u017eivu muziku.<\/p>\n<p style=\"text-align: justify;\">U propagandnoj ponudi na\u0161eg dru\u0161tva planiramo imati prigodne majice, kape, ambleme,\u00a0knjigu o povijesti pakra\u010dkog planinarstva autora Rudolfa Ci\u0161pera, letak o povijesti Fokine staze,\u00a0prigodni pe\u010dat jubilarnog 20. pohoda, dnevnik novo uspostavljene planinarske obilaznice 20\u00a0godina memorijalnog planinarskog pohoda Fokinom stazom 1991., te druge propagandne\u00a0materijale.<\/p>\n<p style=\"text-align: justify;\">Organizirani pje\u0161a\u010dki povratak u Pakrac je u 18 sati, a okupljanje je kod\u00a0<span>putokaznog stupa na velikoj livadi kod planinarskog doma Omanovac.<\/span><\/p>\n<p style=\"text-align: justify;\">Za planinarski pohod obucite se primjereno vremenskim prilikama. Pohodu pristupate na\u00a0vlastitu odgovornost uz po\u0161tivanje pravila sigurnog boravka u planinama i treba slu\u0161ati upute\u00a0vodi\u010da.<\/p>\n<p style=\"text-align: justify;\">Zbog bolje organiziranosti pohoda najavite nam nekoliko dana ranije svoj dolazak sa\u00a0ukupnim brojnim stanjem i s brojem onih koji \u017eele ru\u010dati grah.<\/p>\n<p style=\"text-align: justify;\">Na\u0161i kontakti su:<\/p>\n<ul style=\"text-align: justify;\">\n<li><span>Kre\u0161o 098 185 01 31,\u00a0<span id=\"cloak0cb1da5b70fd9914e032e7b87419ce29\"><a href=\"mailto:cehulickreso@gmail.com\">cehulickreso@gmail.com<\/a><\/span>,<\/span><\/li>\n<li><span>Boro 098 325 508,\u00a0<span id=\"cloak1ceb90d0c1817ec44876407fe26df7b9\"><a href=\"mailto:borocerni@gmail.com\">borocerni@gmail.com<\/a><\/span>,<\/span><\/li>\n<li><span>ili nam se javite na gore navedenu dru\u0161tvenu mail adresu.<\/span><\/li>\n<\/ul>\n<p style=\"text-align: center;\"><strong>Radujemo se Va\u0161em dolasku.<\/strong><\/p>\n<p style=\"text-align: right;\">PREDSJEDNIK PD \u201cPSUNJ\u201c PAKRAC<br \/>KRE\u0160O \u010cEHULI\u0106<\/p>\n<\/div>\n<p>[\/et_pb_text][\/et_pb_column][\/et_pb_row][\/et_pb_section]<\/p>\n","protected":false},"excerpt":{"rendered":"<p>Tradicionalni memorijalni planinarski pohod\u00a0FOKINOM STAZOM 1991., organiziramo u subotu, 19. prosinca 2015. godine. Pohod se odr\u017eava u znak sje\u0107anja na Domovinski rat i pogibije na\u0161ih branitelja \u2013 Ivana Bedekovi\u0107a, Antu \u0106uri\u0107a, Franju Ga\u0161para, Marijana Kulhavog Foku, Dra\u017eena Hudeca, \u017deljka Novosela i Darka Pero\u0161a. \u00a0Kao i ranijih godina, prije samog polaska na pohod, ujutro od 9 [&hellip;]<\/p>\n","protected":false},"author":1,"featured_media":0,"comment_status":"closed","ping_status":"open","sticky":false,"template":"","format":"standard","meta":{"_et_pb_use_builder":"on","_et_pb_old_content":"","_et_gb_content_width":"1080","footnotes":""},"categories":[29],"tags":[],"class_list":["post-2751","post","type-post","status-publish","format-standard","hentry","category-29"],"_links":{"self":[{"href":"https:\/\/www.slavonski-planinari.hr\/arhiva\/wp-json\/wp\/v2\/posts\/2751","targetHints":{"allow":["GET"]}}],"collection":[{"href":"https:\/\/www.slavonski-planinari.hr\/arhiva\/wp-json\/wp\/v2\/posts"}],"about":[{"href":"https:\/\/www.slavonski-planinari.hr\/arhiva\/wp-json\/wp\/v2\/types\/post"}],"author":[{"embeddable":true,"href":"https:\/\/www.slavonski-planinari.hr\/arhiva\/wp-json\/wp\/v2\/users\/1"}],"replies":[{"embeddable":true,"href":"https:\/\/www.slavonski-planinari.hr\/arhiva\/wp-json\/wp\/v2\/comments?post=2751"}],"version-history":[{"count":0,"href":"https:\/\/www.slavonski-planinari.hr\/arhiva\/wp-json\/wp\/v2\/posts\/2751\/revisions"}],"wp:attachment":[{"href":"https:\/\/www.slavonski-planinari.hr\/arhiva\/wp-json\/wp\/v2\/media?parent=2751"}],"wp:term":[{"taxonomy":"category","embeddable":true,"href":"https:\/\/www.slavonski-planinari.hr\/arhiva\/wp-json\/wp\/v2\/categories?post=2751"},{"taxonomy":"post_tag","embeddable":true,"href":"https:\/\/www.slavonski-planinari.hr\/arhiva\/wp-json\/wp\/v2\/tags?post=2751"}],"curies":[{"name":"wp","href":"https:\/\/api.w.org\/{rel}","templated":true}]}}