{"id":2748,"date":"2015-11-20T14:22:00","date_gmt":"2015-11-20T13:22:00","guid":{"rendered":"https:\/\/www.slavonski-planinari.hr\/arhiva\/?p=2748"},"modified":"2023-01-10T14:24:22","modified_gmt":"2023-01-10T13:24:22","slug":"medunarodni-dan-planina-2015","status":"publish","type":"post","link":"https:\/\/www.slavonski-planinari.hr\/arhiva\/medunarodni-dan-planina-2015\/","title":{"rendered":"Me\u0111unarodni dan planina 2015."},"content":{"rendered":"<p>[et_pb_section fb_built=&#8221;1&#8243; theme_builder_area=&#8221;post_content&#8221; _builder_version=&#8221;4.19.4&#8243; _module_preset=&#8221;default&#8221;][et_pb_row _builder_version=&#8221;4.19.4&#8243; _module_preset=&#8221;default&#8221; theme_builder_area=&#8221;post_content&#8221;][et_pb_column _builder_version=&#8221;4.19.4&#8243; _module_preset=&#8221;default&#8221; type=&#8221;4_4&#8243; theme_builder_area=&#8221;post_content&#8221;][et_pb_text _builder_version=&#8221;4.19.4&#8243; _module_preset=&#8221;default&#8221; theme_builder_area=&#8221;post_content&#8221; hover_enabled=&#8221;0&#8243; sticky_enabled=&#8221;0&#8243;]<\/p>\n<div class=\"itemIntroText\">\n<p style=\"text-align: justify;\"><img loading=\"lazy\" decoding=\"async\" src=\"https:\/\/www.slavonski-planinari.hr\/arhiva\/wp-content\/uploads\/2023\/01\/mdp.jpg\" width=\"171\" height=\"128\" alt=\"\" class=\"wp-image-1342 alignleft size-full\" \/>Park prirode Papuk i Slavonski planinarski savez 10-ti put obilje\u017eavaju Me\u0111unarodni dan planina te vas pozivaju u nedjelju 13. Prosinca 2015. na 10. Izlet Nepoznati Papuk \u2013 Vo\u0107in \u2013 To\u010dak.<\/p>\n<p style=\"text-align: justify;\">\n<p style=\"text-align: justify;\">\n<p style=\"text-align: justify;\">\n<p style=\"text-align: justify;\">\n<p style=\"text-align: justify;\">\n<p style=\"text-align: justify;\">Okupljanje je do 9:30 sati na jezeru Vo\u0107in (na sme\u0111oj signalizaciji naziv je \u201eIzvor\u201c, 6465408E, 5052454N).<\/p>\n<p style=\"text-align: justify;\"><strong>Vrijeme hoda:<\/strong>\u00a04:30 sati (Vo\u0107in 225 m\/nm \u2013 Smiljani\u0161te \u2013 Stra\u017ea \u2013 To\u010dak 887 m\/nm \u2013 Vo\u0107in).<\/p>\n<\/div>\n<div class=\"itemFullText\">\n<p style=\"text-align: justify;\">Vrijeme hoda za lak\u0161u turu je oko 3 sata. Mogu\u0107e razgledavanje starog grada Vo\u0107in i crkve Poho\u0111enja Bla\u017eene Djevice Marije.<\/p>\n<p style=\"text-align: justify;\">Pe\u010dat manifestacije, letak, vodi\u010di izleta, HGSS osiguranje i skromni domjenak su osigurani.<\/p>\n<p style=\"text-align: justify;\">Planinarsku odje\u0107u i obu\u0107u (uklju\u010divo i protuki\u0161nu) se preporu\u010duje ponijeti.<\/p>\n<p style=\"text-align: justify;\"><strong>Hrvatski planinarski savez<\/strong><span>\u00a0<\/span>svojim desetogodi\u0161njim pokroviteljstvom podupire i ovu proslavu Me\u0111unarodnog dana planina na Papuku s ovogodi\u0161njom temom \u201ePromocija planinarskih proizvoda za bolje \u017eivotno okru\u017eenje\u201c.<\/p>\n<p style=\"text-align: justify;\">Akciji ovogodi\u0161njeg obilje\u017eavanja MDP se priklju\u010duju i planinari iz<span>\u00a0<\/span><strong>PS Vojvodine<\/strong><span>\u00a0<\/span>kao dio susreta &#8220;Po panonskim gorama&#8221;, kojemu su naizmjeni\u010dno (jednom godi\u0161nje) doma\u0107ini PSV i SPS.<\/p>\n<p style=\"text-align: justify;\">Susret se trebao odr\u017eati 19\/20 rujna ali je odgo\u0111en zbog problema na grani\u010dnim prijelazima (izbjeglice).<\/p>\n<p style=\"text-align: justify;\"><strong><span>Info<\/span><span>:<\/span><\/strong><\/p>\n<ul>\n<li style=\"text-align: justify;\"><span>PP Papuk, 034\/313030,\u00a0<span id=\"cloak53875a3d9dcc7fe49d3feac5ac4691f6\"><a href=\"mailto:kontakt@pp-papuk.hr\">kontakt@pp-papuk.hr<\/a><\/span>,<\/span><\/li>\n<li style=\"text-align: justify;\"><span>098\/416530 Miro Mesi\u0107,<\/span><\/li>\n<li style=\"text-align: justify;\"><span>Otmar Tosenberger, 091\/1814119,\u00a0<span id=\"cloak8ba768776a416610a7bf47f4b81153f0\"><a href=\"mailto:slavonski.planinari@gmail.com\">slavonski.planinari@gmail.com<\/a><\/span><\/span><\/li>\n<\/ul>\n<\/div>\n<p>[\/et_pb_text][\/et_pb_column][\/et_pb_row][\/et_pb_section]<\/p>\n","protected":false},"excerpt":{"rendered":"<p>Park prirode Papuk i Slavonski planinarski savez 10-ti put obilje\u017eavaju Me\u0111unarodni dan planina te vas pozivaju u nedjelju 13. Prosinca 2015. na 10. Izlet Nepoznati Papuk \u2013 Vo\u0107in \u2013 To\u010dak. Okupljanje je do 9:30 sati na jezeru Vo\u0107in (na sme\u0111oj signalizaciji naziv je \u201eIzvor\u201c, 6465408E, 5052454N). Vrijeme hoda:\u00a04:30 sati (Vo\u0107in 225 m\/nm \u2013 Smiljani\u0161te \u2013 [&hellip;]<\/p>\n","protected":false},"author":1,"featured_media":0,"comment_status":"closed","ping_status":"open","sticky":false,"template":"","format":"standard","meta":{"_et_pb_use_builder":"on","_et_pb_old_content":"","_et_gb_content_width":"1080","footnotes":""},"categories":[29],"tags":[],"class_list":["post-2748","post","type-post","status-publish","format-standard","hentry","category-29"],"_links":{"self":[{"href":"https:\/\/www.slavonski-planinari.hr\/arhiva\/wp-json\/wp\/v2\/posts\/2748","targetHints":{"allow":["GET"]}}],"collection":[{"href":"https:\/\/www.slavonski-planinari.hr\/arhiva\/wp-json\/wp\/v2\/posts"}],"about":[{"href":"https:\/\/www.slavonski-planinari.hr\/arhiva\/wp-json\/wp\/v2\/types\/post"}],"author":[{"embeddable":true,"href":"https:\/\/www.slavonski-planinari.hr\/arhiva\/wp-json\/wp\/v2\/users\/1"}],"replies":[{"embeddable":true,"href":"https:\/\/www.slavonski-planinari.hr\/arhiva\/wp-json\/wp\/v2\/comments?post=2748"}],"version-history":[{"count":0,"href":"https:\/\/www.slavonski-planinari.hr\/arhiva\/wp-json\/wp\/v2\/posts\/2748\/revisions"}],"wp:attachment":[{"href":"https:\/\/www.slavonski-planinari.hr\/arhiva\/wp-json\/wp\/v2\/media?parent=2748"}],"wp:term":[{"taxonomy":"category","embeddable":true,"href":"https:\/\/www.slavonski-planinari.hr\/arhiva\/wp-json\/wp\/v2\/categories?post=2748"},{"taxonomy":"post_tag","embeddable":true,"href":"https:\/\/www.slavonski-planinari.hr\/arhiva\/wp-json\/wp\/v2\/tags?post=2748"}],"curies":[{"name":"wp","href":"https:\/\/api.w.org\/{rel}","templated":true}]}}