{"id":2741,"date":"2015-11-15T14:18:00","date_gmt":"2015-11-15T13:18:00","guid":{"rendered":"https:\/\/www.slavonski-planinari.hr\/arhiva\/?p=2741"},"modified":"2023-01-10T14:20:12","modified_gmt":"2023-01-10T13:20:12","slug":"15-memorijalni-pohod-na-andinu-baraku","status":"publish","type":"post","link":"https:\/\/www.slavonski-planinari.hr\/arhiva\/15-memorijalni-pohod-na-andinu-baraku\/","title":{"rendered":"15. memorijalni pohod na An\u0111inu baraku"},"content":{"rendered":"<p>[et_pb_section fb_built=&#8221;1&#8243; theme_builder_area=&#8221;post_content&#8221; _builder_version=&#8221;4.19.4&#8243; _module_preset=&#8221;default&#8221;][et_pb_row _builder_version=&#8221;4.19.4&#8243; _module_preset=&#8221;default&#8221; theme_builder_area=&#8221;post_content&#8221;][et_pb_column _builder_version=&#8221;4.19.4&#8243; _module_preset=&#8221;default&#8221; type=&#8221;4_4&#8243; theme_builder_area=&#8221;post_content&#8221;][et_pb_text _builder_version=&#8221;4.19.4&#8243; _module_preset=&#8221;default&#8221; theme_builder_area=&#8221;post_content&#8221; hover_enabled=&#8221;0&#8243; sticky_enabled=&#8221;0&#8243;]<\/p>\n<div class=\"itemIntroText\">\n<p style=\"text-align: justify;\"><img loading=\"lazy\" decoding=\"async\" src=\"https:\/\/www.slavonski-planinari.hr\/arhiva\/wp-content\/uploads\/2023\/01\/andja_poziv2015.jpg\" width=\"233\" height=\"155\" alt=\"\" class=\"wp-image-2743 alignleft size-full\" \/>Planinarsko dru\u0161tvo &#8220;Mali\u0161\u0107ak&#8221; poziva vas na 15. memorijalni pohod na An\u0111inu baraku, u spomen poginulim hrvatskim braniteljima.<\/p>\n<p style=\"text-align: justify;\">Pohod \u0107e biti odr\u017ean 29. studenog 2015. godine. Okupljanje je ispred crkve Sv. Augustina u Velikoj od 8.30 h, a polazak je u 9.00 h.<\/p>\n<\/div>\n<div class=\"itemFullText\">\n<p style=\"text-align: justify;\"><span>Kod spomenika na An\u0111inoj baraci (o\u010dekivano oko 11.30 &#8211; 12.00h) odr\u017eati \u0107emo kratku molitvu i zapaliti svije\u0107e kako bi odali du\u017eno po\u0161tovanje poginulim braniteljima.<\/span><\/p>\n<p style=\"text-align: justify;\">Za sve sudionike \u0107e biti osigurana zakuska (tradicionalni kruh i mast)\u00a0te topli \u010daj i kuhano vino.<\/p>\n<p style=\"text-align: justify;\">Povratak u Veliku planiran je do 16.00 h.<\/p>\n<p style=\"text-align: justify;\">Za sve dodatne informacije zovite nas na:<\/p>\n<ul style=\"text-align: justify;\">\n<li><span>098\/166 1480 (Tomislav Juri\u0107)<\/span><\/li>\n<li><span>091\/118 9901 (Tomislav \u0160ebalj)<\/span><\/li>\n<\/ul>\n<p style=\"text-align: justify;\">U sklopu memorijalnog pohoda odr\u017eava se i 2. utrka na 10 kilometara od Velike do \u201eAn\u0111ine barake\u201c pod nazivom \u201ePapu\u010dki cener\u201c. Start utrke je u 10.00 h ispred zgrade Parka Prirode Papuk.<\/p>\n<p style=\"text-align: justify;\">Za dodatne informacije obratite se na\u00a0098\/171 0681 (Drago \u0160toki\u0107).<\/p>\n<p style=\"text-align: right;\">Radujemo se Va\u0161em dolasku!!!<br \/>PD \u201eMali\u0161\u0107ak\u201c<\/p>\n<\/div>\n<p>[\/et_pb_text][\/et_pb_column][\/et_pb_row][\/et_pb_section]<\/p>\n","protected":false},"excerpt":{"rendered":"<p>Planinarsko dru\u0161tvo &#8220;Mali\u0161\u0107ak&#8221; poziva vas na 15. memorijalni pohod na An\u0111inu baraku, u spomen poginulim hrvatskim braniteljima. Pohod \u0107e biti odr\u017ean 29. studenog 2015. godine. Okupljanje je ispred crkve Sv. Augustina u Velikoj od 8.30 h, a polazak je u 9.00 h. Kod spomenika na An\u0111inoj baraci (o\u010dekivano oko 11.30 &#8211; 12.00h) odr\u017eati \u0107emo kratku [&hellip;]<\/p>\n","protected":false},"author":1,"featured_media":0,"comment_status":"closed","ping_status":"open","sticky":false,"template":"","format":"standard","meta":{"_et_pb_use_builder":"on","_et_pb_old_content":"","_et_gb_content_width":"1080","footnotes":""},"categories":[29],"tags":[],"class_list":["post-2741","post","type-post","status-publish","format-standard","hentry","category-29"],"_links":{"self":[{"href":"https:\/\/www.slavonski-planinari.hr\/arhiva\/wp-json\/wp\/v2\/posts\/2741","targetHints":{"allow":["GET"]}}],"collection":[{"href":"https:\/\/www.slavonski-planinari.hr\/arhiva\/wp-json\/wp\/v2\/posts"}],"about":[{"href":"https:\/\/www.slavonski-planinari.hr\/arhiva\/wp-json\/wp\/v2\/types\/post"}],"author":[{"embeddable":true,"href":"https:\/\/www.slavonski-planinari.hr\/arhiva\/wp-json\/wp\/v2\/users\/1"}],"replies":[{"embeddable":true,"href":"https:\/\/www.slavonski-planinari.hr\/arhiva\/wp-json\/wp\/v2\/comments?post=2741"}],"version-history":[{"count":0,"href":"https:\/\/www.slavonski-planinari.hr\/arhiva\/wp-json\/wp\/v2\/posts\/2741\/revisions"}],"wp:attachment":[{"href":"https:\/\/www.slavonski-planinari.hr\/arhiva\/wp-json\/wp\/v2\/media?parent=2741"}],"wp:term":[{"taxonomy":"category","embeddable":true,"href":"https:\/\/www.slavonski-planinari.hr\/arhiva\/wp-json\/wp\/v2\/categories?post=2741"},{"taxonomy":"post_tag","embeddable":true,"href":"https:\/\/www.slavonski-planinari.hr\/arhiva\/wp-json\/wp\/v2\/tags?post=2741"}],"curies":[{"name":"wp","href":"https:\/\/api.w.org\/{rel}","templated":true}]}}