{"id":2728,"date":"2015-11-10T14:13:00","date_gmt":"2015-11-10T13:13:00","guid":{"rendered":"https:\/\/www.slavonski-planinari.hr\/arhiva\/?p=2728"},"modified":"2023-01-10T14:16:10","modified_gmt":"2023-01-10T13:16:10","slug":"odrzan-tecaj-za-markaciste-na-jankovcu","status":"publish","type":"post","link":"https:\/\/www.slavonski-planinari.hr\/arhiva\/odrzan-tecaj-za-markaciste-na-jankovcu\/","title":{"rendered":"Odr\u017ean te\u010daj za markaciste na Jankovcu"},"content":{"rendered":"<p>[et_pb_section fb_built=&#8221;1&#8243; theme_builder_area=&#8221;post_content&#8221; _builder_version=&#8221;4.19.4&#8243; _module_preset=&#8221;default&#8221;][et_pb_row _builder_version=&#8221;4.19.4&#8243; _module_preset=&#8221;default&#8221; theme_builder_area=&#8221;post_content&#8221;][et_pb_column _builder_version=&#8221;4.19.4&#8243; _module_preset=&#8221;default&#8221; type=&#8221;4_4&#8243; theme_builder_area=&#8221;post_content&#8221;][et_pb_text _builder_version=&#8221;4.19.4&#8243; _module_preset=&#8221;default&#8221; theme_builder_area=&#8221;post_content&#8221; hover_enabled=&#8221;0&#8243; sticky_enabled=&#8221;0&#8243;]<\/p>\n<div class=\"itemIntroText\">\n<p style=\"text-align: justify;\"><span>U subotu i nedjelju, 7.i 8. studenoga 2015., na Jankovcu je odr\u017eano nekoliko va\u017enih doga\u0111anja\u00a0<\/span><span>vezanih za markacisti\u010dku slu\u017ebu u HPS, s naglaskom na podru\u010dje Slavonije.<\/span><\/p>\n<p style=\"text-align: justify;\"><span>Svim doga\u0111anjima su aktivno nazo\u010dili gosti iz Planinarskog saveza Srbije: Boris Mi\u0107i\u0107 &#8211;\u00a0<\/span><span>predsjednik, Branislav Bo\u017eovi\u0107 &#8211; sekretar, Iso Plani\u0107- na\u010delnik PSS i predsjednik Planinarskog\u00a0<\/span><span>saveza Vojvodine i Uglje\u0161a Gvozden &#8211; predsjednik komisije za planinarske terene.<\/span><\/p>\n<\/div>\n<div class=\"itemFullText\">\n<p style=\"text-align: justify;\"><span>Goste je pozvala\u00a0<\/span><span>Komisija za planinarske putove HPS radi razmjene iskustava o osposobljavanju markacista te radu\u00a0<\/span><span>komisija koje vode brigu o planinarskim putovima u oba saveza.<\/span><\/p>\n<p style=\"text-align: justify;\"><span>Uz Komisiju za planinarske\u00a0<\/span><span>putove, doma\u0107ini gostima su bili i Vladimir Novak &#8211; predsjednik IO HPS te Otmar Tosenberger &#8211;\u00a0<\/span><span>predsjednik Slavonskog planinarskog saveza. Na du\u017eem neformalnom sastanku razmjenjena su\u00a0<\/span><span>iskustva o prakti\u010dnoj organizaciji oba Saveza na op\u0107em planu a naro\u010dito po pitanju planinarskih\u00a0<\/span><span>putova.<\/span><\/p>\n<p style=\"text-align: justify;\">U subotu je u dvorani &#8220;Eko to\u010dke&#8221; odr\u017ean sastanak Komisije za planinarske putove HPS s\u00a0<span>predstavnicima slavonskih planinarskih dru\u0161tava zadu\u017eenih za planinarske putove, predstavnika\u00a0<\/span><span>HGSS, Parka prirode Papuk i drugih ustanova i udruga zainteresiranih za bolju suradnju na\u00a0<\/span><span>kori\u0161tenju ozna\u010davanja planinarskih putova.<\/span><\/p>\n<p style=\"text-align: justify;\">Dvodnevni te\u010daj za markaciste je uspje\u0161no polo\u017eilo i steklo licencu 45 planinara iz 16 slavonskih\u00a0<span>dru\u0161tava i 3 iz Bjelovara. Vrijedno je istaknuti da su nakon teoretskog dijela, na pisanoj provjeri\u00a0<\/span><span>znanja polaznici to\u010dno odgovorili na prosje\u010dno 95% pitanja! Na prakti\u010dnom su dijelu svojim\u00a0<\/span><span>entuzijazmom zadivili instruktore. Diplome i iskaznice markacist HPS-a, polaznicima su uru\u010dene na\u00a0<\/span><span>slikovitom prostoru ispred planinarskog doma Jankovac.<\/span><\/p>\n<p style=\"text-align: justify;\">U nedjelju prijepodne je odr\u017eana i radionica o obradi GPS tragova, koja je, na \u017ealost, bila slabo\u00a0<span>posje\u0107ena.<\/span><\/p>\n<p style=\"text-align: justify;\">Glavni organizator doga\u0111anja je bila Komisije za planinarske putove HPS na \u010delu s pro\u010delnicom\u00a0<span>Bernardom Huzjak i povjerenicom za Slavoniju Jasnom Kosovi\u0107, uz potporu doma\u0107ina \u2013\u00a0<\/span><span>Slavonskog planinarskog saveza.<\/span><\/p>\n<p style=\"text-align: justify;\">Uz velik broj sudionika, uva\u017eene goste i izuzetno lijepo vrijeme, bio je to pravi markacisti\u010dki\u00a0<span>&#8220;festival&#8221; na Jankovcu \u2013 kolijevci slavonskog planinarstva ve\u0107 120 godina.<\/span><\/p>\n<\/div>\n<p>[\/et_pb_text][\/et_pb_column][\/et_pb_row][et_pb_row _builder_version=&#8221;4.19.4&#8243; _module_preset=&#8221;default&#8221; theme_builder_area=&#8221;post_content&#8221;][et_pb_column _builder_version=&#8221;4.19.4&#8243; _module_preset=&#8221;default&#8221; type=&#8221;4_4&#8243; theme_builder_area=&#8221;post_content&#8221;][et_pb_gallery _builder_version=&#8221;4.19.4&#8243; _module_preset=&#8221;default&#8221; theme_builder_area=&#8221;post_content&#8221; gallery_ids=&#8221;2731,2732,2733,2734,2735,2736,2737,2738,2739&#8243; posts_number=&#8221;9&#8243; show_title_and_caption=&#8221;off&#8221; hover_enabled=&#8221;0&#8243; sticky_enabled=&#8221;0&#8243;][\/et_pb_gallery][\/et_pb_column][\/et_pb_row][\/et_pb_section]<\/p>\n","protected":false},"excerpt":{"rendered":"<p>U subotu i nedjelju, 7.i 8. studenoga 2015., na Jankovcu je odr\u017eano nekoliko va\u017enih doga\u0111anja\u00a0vezanih za markacisti\u010dku slu\u017ebu u HPS, s naglaskom na podru\u010dje Slavonije. Svim doga\u0111anjima su aktivno nazo\u010dili gosti iz Planinarskog saveza Srbije: Boris Mi\u0107i\u0107 &#8211;\u00a0predsjednik, Branislav Bo\u017eovi\u0107 &#8211; sekretar, Iso Plani\u0107- na\u010delnik PSS i predsjednik Planinarskog\u00a0saveza Vojvodine i Uglje\u0161a Gvozden &#8211; predsjednik [&hellip;]<\/p>\n","protected":false},"author":1,"featured_media":0,"comment_status":"closed","ping_status":"open","sticky":false,"template":"","format":"standard","meta":{"_et_pb_use_builder":"on","_et_pb_old_content":"","_et_gb_content_width":"1080","footnotes":""},"categories":[29],"tags":[],"class_list":["post-2728","post","type-post","status-publish","format-standard","hentry","category-29"],"_links":{"self":[{"href":"https:\/\/www.slavonski-planinari.hr\/arhiva\/wp-json\/wp\/v2\/posts\/2728","targetHints":{"allow":["GET"]}}],"collection":[{"href":"https:\/\/www.slavonski-planinari.hr\/arhiva\/wp-json\/wp\/v2\/posts"}],"about":[{"href":"https:\/\/www.slavonski-planinari.hr\/arhiva\/wp-json\/wp\/v2\/types\/post"}],"author":[{"embeddable":true,"href":"https:\/\/www.slavonski-planinari.hr\/arhiva\/wp-json\/wp\/v2\/users\/1"}],"replies":[{"embeddable":true,"href":"https:\/\/www.slavonski-planinari.hr\/arhiva\/wp-json\/wp\/v2\/comments?post=2728"}],"version-history":[{"count":0,"href":"https:\/\/www.slavonski-planinari.hr\/arhiva\/wp-json\/wp\/v2\/posts\/2728\/revisions"}],"wp:attachment":[{"href":"https:\/\/www.slavonski-planinari.hr\/arhiva\/wp-json\/wp\/v2\/media?parent=2728"}],"wp:term":[{"taxonomy":"category","embeddable":true,"href":"https:\/\/www.slavonski-planinari.hr\/arhiva\/wp-json\/wp\/v2\/categories?post=2728"},{"taxonomy":"post_tag","embeddable":true,"href":"https:\/\/www.slavonski-planinari.hr\/arhiva\/wp-json\/wp\/v2\/tags?post=2728"}],"curies":[{"name":"wp","href":"https:\/\/api.w.org\/{rel}","templated":true}]}}