{"id":2722,"date":"2015-11-10T14:10:00","date_gmt":"2015-11-10T13:10:00","guid":{"rendered":"https:\/\/www.slavonski-planinari.hr\/arhiva\/?p=2722"},"modified":"2023-01-10T14:13:29","modified_gmt":"2023-01-10T13:13:29","slug":"planinarski-tjedan-u-nasicama","status":"publish","type":"post","link":"https:\/\/www.slavonski-planinari.hr\/arhiva\/planinarski-tjedan-u-nasicama\/","title":{"rendered":"Planinarski tjedan u Na\u0161icama"},"content":{"rendered":"<p>[et_pb_section fb_built=&#8221;1&#8243; theme_builder_area=&#8221;post_content&#8221; _builder_version=&#8221;4.19.4&#8243; _module_preset=&#8221;default&#8221;][et_pb_row _builder_version=&#8221;4.19.4&#8243; _module_preset=&#8221;default&#8221; theme_builder_area=&#8221;post_content&#8221;][et_pb_column _builder_version=&#8221;4.19.4&#8243; _module_preset=&#8221;default&#8221; type=&#8221;4_4&#8243; theme_builder_area=&#8221;post_content&#8221;][et_pb_text _builder_version=&#8221;4.19.4&#8243; _module_preset=&#8221;default&#8221; theme_builder_area=&#8221;post_content&#8221; hover_enabled=&#8221;0&#8243; sticky_enabled=&#8221;0&#8243;]<\/p>\n<div class=\"itemIntroText\">\n<p style=\"text-align: justify;\"><img loading=\"lazy\" decoding=\"async\" src=\"https:\/\/www.slavonski-planinari.hr\/arhiva\/wp-content\/uploads\/2023\/01\/nasice_promocija.jpg\" width=\"165\" height=\"110\" alt=\"\" class=\"wp-image-2725 alignleft size-full\" \/>U organizaciji Planinarskog Dru\u0161tva \u201eKrndija\u201c Na\u0161ice u trajanju od 2. do 8. ovog\u00a0<span>mjeseca organiziran je XIV. Planinarski tjedan.<\/span><\/p>\n<p style=\"text-align: justify;\"><span><\/span><\/p>\n<p style=\"text-align: justify;\"><span>Brojnim doga\u0111ajima, promocijama i\u00a0<\/span><span>predavanjima na\u0161i\u010dki planinari ve\u0107 \u010detrnaestu godinu zaredom pribli\u017eavaju sugra\u0111anima i\u00a0<\/span><span>gostima ovaj plemeniti i zdravi na\u010din \u017eivota.<\/span><\/p>\n<\/div>\n<div class=\"itemFullText\">\n<p style=\"text-align: justify;\">\n<p style=\"text-align: justify;\">Cilj planinarskog tjedna jest prikazati aktivnosti planinara, popularizirati i promovirati\u00a0<span>kretanje, boravak u prirodi i ljepote na\u0161ih planina. Tim povodom uprili\u010deno je u srijedu\u00a0<\/span><span>predstavljanje knjige \u0110or\u0111a Bali\u0107a \u201e<strong>Jankovac- planinarska pri\u010da<\/strong>\u201c.<\/span><\/p>\n<p style=\"text-align: justify;\"><span>Brojna publika u\u017eivala je u\u00a0<\/span><span>predstavljanju ovog mitskog mjesta koje ve\u0107 120 godina podsje\u0107a odakle je krenula slavonska\u00a0<\/span><span>planinarska pri\u010da. \u0110or\u0111e Bali\u0107 je podsjetio \u0161to i danas zna\u010di idili\u010dni Jankovac kao izleti\u0161te,\u00a0<\/span><span>turisti\u010dka atrakcija u samom srcu Papuka i omiljeno okupljali\u0161te brojnih zaljubljenika u\u00a0<\/span><span>slavonske \u0161umske pejza\u017ee.<\/span><\/p>\n<p style=\"text-align: justify;\"><span>Spomenuo je i klju\u010dne osobe u povijesti Jankovca i kako je tekao\u00a0<\/span><span>razvoj planinarstva. Na promociju su do\u0161li planinarski gosti iz Osijeka, \u0110akova i Beli\u0161\u0107a.<\/span><\/p>\n<p style=\"text-align: justify;\"><img loading=\"lazy\" decoding=\"async\" src=\"https:\/\/www.slavonski-planinari.hr\/arhiva\/wp-content\/uploads\/2023\/01\/nasice-predavanje.jpg\" width=\"721\" height=\"488\" alt=\"\" class=\"wp-image-2726 aligncenter size-full\" srcset=\"https:\/\/www.slavonski-planinari.hr\/arhiva\/wp-content\/uploads\/2023\/01\/nasice-predavanje.jpg 721w, https:\/\/www.slavonski-planinari.hr\/arhiva\/wp-content\/uploads\/2023\/01\/nasice-predavanje-480x325.jpg 480w\" sizes=\"(min-width: 0px) and (max-width: 480px) 480px, (min-width: 481px) 721px, 100vw\" \/><\/p>\n<p style=\"text-align: justify;\"><span>Idu\u0107eg dana organizirano je predavanje Alana \u010caplara, vode\u0107eg publicista Hrvatskog\u00a0<\/span><span>Planinarskog saveza, glavnog urednika \u010dasopisa \u201eHrvatski planinar\u201c, planinarskog vodi\u010da i\u00a0<\/span><span>strastvenog ljubitelja u planine.<\/span><\/p>\n<p style=\"text-align: justify;\"><span>U prepunoj Gradskoj vije\u0107nici posjetitelji su u\u017eivali u temi\u00a0<\/span><span>\u201e<strong>Alpe od A do \u017d<\/strong>\u201c, putopisnom predavanju o predivnim i najvi\u0161im Alpskim vrhuncima,\u00a0<\/span><span>penjanju na velikim visinama, slikovitim krajolicima te povijesnim i kulturnim\u00a0<\/span><span>znamenitostima Alpskih zemalja. Subota je bila rezervirana za sastanak predstavnika\u00a0<\/span><span>slavonskih planinarskih dru\u0161tava, udruga i ustanova zainteresiranih za kori\u0161tenje i odr\u017eavanje\u00a0<\/span><span>planinarskih putova i Komisije za planinarske putove HPS, koji se odr\u017eao na Jankovcu.<\/span><\/p>\n<p style=\"text-align: justify;\"><img loading=\"lazy\" decoding=\"async\" src=\"https:\/\/www.slavonski-planinari.hr\/arhiva\/wp-content\/uploads\/2023\/01\/nasice.pohod_.jpg\" width=\"721\" height=\"488\" alt=\"\" class=\"wp-image-2724 aligncenter size-full\" srcset=\"https:\/\/www.slavonski-planinari.hr\/arhiva\/wp-content\/uploads\/2023\/01\/nasice.pohod_.jpg 721w, https:\/\/www.slavonski-planinari.hr\/arhiva\/wp-content\/uploads\/2023\/01\/nasice.pohod_-480x325.jpg 480w\" sizes=\"(min-width: 0px) and (max-width: 480px) 480px, (min-width: 481px) 721px, 100vw\" \/><\/p>\n<p style=\"text-align: justify;\"><span>Tjedan je zavr\u0161io tradicionalnim odlaskom na \u201eKutjeva\u010dko Martinje\u201c gdje su planinari\u00a0<\/span><span>u\u017eivali u hodanju po Krndiji te veselju, pjesmu, plesu i dobroj vinskoj kapljici za koju su se\u00a0<\/span><span>pobrinuli dobri doma\u0107ini.<\/span><\/p>\n<p style=\"text-align: right;\">Hrvoje Tr\u017ei\u0107<\/p>\n<\/div>\n<p>[\/et_pb_text][\/et_pb_column][\/et_pb_row][\/et_pb_section]<\/p>\n","protected":false},"excerpt":{"rendered":"<p>U organizaciji Planinarskog Dru\u0161tva \u201eKrndija\u201c Na\u0161ice u trajanju od 2. do 8. ovog\u00a0mjeseca organiziran je XIV. Planinarski tjedan. Brojnim doga\u0111ajima, promocijama i\u00a0predavanjima na\u0161i\u010dki planinari ve\u0107 \u010detrnaestu godinu zaredom pribli\u017eavaju sugra\u0111anima i\u00a0gostima ovaj plemeniti i zdravi na\u010din \u017eivota. Cilj planinarskog tjedna jest prikazati aktivnosti planinara, popularizirati i promovirati\u00a0kretanje, boravak u prirodi i ljepote na\u0161ih planina. Tim [&hellip;]<\/p>\n","protected":false},"author":1,"featured_media":0,"comment_status":"closed","ping_status":"open","sticky":false,"template":"","format":"standard","meta":{"_et_pb_use_builder":"on","_et_pb_old_content":"","_et_gb_content_width":"1080","footnotes":""},"categories":[29],"tags":[],"class_list":["post-2722","post","type-post","status-publish","format-standard","hentry","category-29"],"_links":{"self":[{"href":"https:\/\/www.slavonski-planinari.hr\/arhiva\/wp-json\/wp\/v2\/posts\/2722","targetHints":{"allow":["GET"]}}],"collection":[{"href":"https:\/\/www.slavonski-planinari.hr\/arhiva\/wp-json\/wp\/v2\/posts"}],"about":[{"href":"https:\/\/www.slavonski-planinari.hr\/arhiva\/wp-json\/wp\/v2\/types\/post"}],"author":[{"embeddable":true,"href":"https:\/\/www.slavonski-planinari.hr\/arhiva\/wp-json\/wp\/v2\/users\/1"}],"replies":[{"embeddable":true,"href":"https:\/\/www.slavonski-planinari.hr\/arhiva\/wp-json\/wp\/v2\/comments?post=2722"}],"version-history":[{"count":0,"href":"https:\/\/www.slavonski-planinari.hr\/arhiva\/wp-json\/wp\/v2\/posts\/2722\/revisions"}],"wp:attachment":[{"href":"https:\/\/www.slavonski-planinari.hr\/arhiva\/wp-json\/wp\/v2\/media?parent=2722"}],"wp:term":[{"taxonomy":"category","embeddable":true,"href":"https:\/\/www.slavonski-planinari.hr\/arhiva\/wp-json\/wp\/v2\/categories?post=2722"},{"taxonomy":"post_tag","embeddable":true,"href":"https:\/\/www.slavonski-planinari.hr\/arhiva\/wp-json\/wp\/v2\/tags?post=2722"}],"curies":[{"name":"wp","href":"https:\/\/api.w.org\/{rel}","templated":true}]}}