{"id":2718,"date":"2015-11-07T14:06:00","date_gmt":"2015-11-07T13:06:00","guid":{"rendered":"https:\/\/www.slavonski-planinari.hr\/arhiva\/?p=2718"},"modified":"2023-01-10T14:08:38","modified_gmt":"2023-01-10T13:08:38","slug":"jesen-na-dilju-2015","status":"publish","type":"post","link":"https:\/\/www.slavonski-planinari.hr\/arhiva\/jesen-na-dilju-2015\/","title":{"rendered":"Jesen na Dilju 2015."},"content":{"rendered":"<p>[et_pb_section fb_built=&#8221;1&#8243; theme_builder_area=&#8221;post_content&#8221; _builder_version=&#8221;4.19.4&#8243; _module_preset=&#8221;default&#8221;][et_pb_row _builder_version=&#8221;4.19.4&#8243; _module_preset=&#8221;default&#8221; theme_builder_area=&#8221;post_content&#8221;][et_pb_column _builder_version=&#8221;4.19.4&#8243; _module_preset=&#8221;default&#8221; type=&#8221;4_4&#8243; theme_builder_area=&#8221;post_content&#8221;][et_pb_text _builder_version=&#8221;4.19.4&#8243; _module_preset=&#8221;default&#8221; theme_builder_area=&#8221;post_content&#8221; hover_enabled=&#8221;0&#8243; sticky_enabled=&#8221;0&#8243;]<\/p>\n<div class=\"itemIntroText\">\n<p style=\"text-align: justify;\"><img loading=\"lazy\" decoding=\"async\" src=\"https:\/\/www.slavonski-planinari.hr\/arhiva\/wp-content\/uploads\/2023\/01\/jesen_na_dilju_03.jpg\" width=\"149\" height=\"99\" alt=\"\" class=\"wp-image-2279 alignleft size-full\" \/>Hrvatsko planinarsko dru\u0161tvo \u201eTikvica\u201c \u017dupanja, organizira tradicionalni pohod Prezdanak-\u010cardak \u201eJesen na Dilju\u201c.<\/p>\n<p style=\"text-align: justify;\">\n<p style=\"text-align: justify;\">\n<p style=\"text-align: justify;\">Pohod \u0107e se odr\u017eati u nedjelju, 22. Studenog 2015.<\/p>\n<\/div>\n<div class=\"itemFullText\">\n<p style=\"text-align: justify;\"><span>Zainteresirana planinarska dru\u0161tva svoj dolazak, kao i broj sudionika, trebaju prijaviti na vrijeme, kako bi organizator svima osigurao ru\u010dak i pi\u0107e.\u00a0<\/span><\/p>\n<p style=\"text-align: justify;\">Kontakt broj: 099- 566 122, Marko Miki\u0107<\/p>\n<p style=\"text-align: justify;\"><strong>Pogledajte program izleta:<\/strong><\/p>\n<p style=\"text-align: justify;\">\n<p style=\"text-align: justify;\"><img loading=\"lazy\" decoding=\"async\" src=\"https:\/\/www.slavonski-planinari.hr\/arhiva\/wp-content\/uploads\/2023\/01\/jesen-dilj.jpg\" width=\"550\" height=\"768\" alt=\"\" class=\"wp-image-2720 aligncenter size-full\" srcset=\"https:\/\/www.slavonski-planinari.hr\/arhiva\/wp-content\/uploads\/2023\/01\/jesen-dilj.jpg 550w, https:\/\/www.slavonski-planinari.hr\/arhiva\/wp-content\/uploads\/2023\/01\/jesen-dilj-480x670.jpg 480w\" sizes=\"(min-width: 0px) and (max-width: 480px) 480px, (min-width: 481px) 550px, 100vw\" \/><\/p>\n<\/div>\n<p>[\/et_pb_text][\/et_pb_column][\/et_pb_row][\/et_pb_section]<\/p>\n","protected":false},"excerpt":{"rendered":"<p>Hrvatsko planinarsko dru\u0161tvo \u201eTikvica\u201c \u017dupanja, organizira tradicionalni pohod Prezdanak-\u010cardak \u201eJesen na Dilju\u201c. Pohod \u0107e se odr\u017eati u nedjelju, 22. Studenog 2015. Zainteresirana planinarska dru\u0161tva svoj dolazak, kao i broj sudionika, trebaju prijaviti na vrijeme, kako bi organizator svima osigurao ru\u010dak i pi\u0107e.\u00a0 Kontakt broj: 099- 566 122, Marko Miki\u0107 Pogledajte program izleta:<\/p>\n","protected":false},"author":1,"featured_media":0,"comment_status":"closed","ping_status":"open","sticky":false,"template":"","format":"standard","meta":{"_et_pb_use_builder":"on","_et_pb_old_content":"","_et_gb_content_width":"1080","footnotes":""},"categories":[29],"tags":[],"class_list":["post-2718","post","type-post","status-publish","format-standard","hentry","category-29"],"_links":{"self":[{"href":"https:\/\/www.slavonski-planinari.hr\/arhiva\/wp-json\/wp\/v2\/posts\/2718","targetHints":{"allow":["GET"]}}],"collection":[{"href":"https:\/\/www.slavonski-planinari.hr\/arhiva\/wp-json\/wp\/v2\/posts"}],"about":[{"href":"https:\/\/www.slavonski-planinari.hr\/arhiva\/wp-json\/wp\/v2\/types\/post"}],"author":[{"embeddable":true,"href":"https:\/\/www.slavonski-planinari.hr\/arhiva\/wp-json\/wp\/v2\/users\/1"}],"replies":[{"embeddable":true,"href":"https:\/\/www.slavonski-planinari.hr\/arhiva\/wp-json\/wp\/v2\/comments?post=2718"}],"version-history":[{"count":0,"href":"https:\/\/www.slavonski-planinari.hr\/arhiva\/wp-json\/wp\/v2\/posts\/2718\/revisions"}],"wp:attachment":[{"href":"https:\/\/www.slavonski-planinari.hr\/arhiva\/wp-json\/wp\/v2\/media?parent=2718"}],"wp:term":[{"taxonomy":"category","embeddable":true,"href":"https:\/\/www.slavonski-planinari.hr\/arhiva\/wp-json\/wp\/v2\/categories?post=2718"},{"taxonomy":"post_tag","embeddable":true,"href":"https:\/\/www.slavonski-planinari.hr\/arhiva\/wp-json\/wp\/v2\/tags?post=2718"}],"curies":[{"name":"wp","href":"https:\/\/api.w.org\/{rel}","templated":true}]}}