{"id":2710,"date":"2015-10-27T13:59:00","date_gmt":"2015-10-27T12:59:00","guid":{"rendered":"https:\/\/www.slavonski-planinari.hr\/arhiva\/?p=2710"},"modified":"2023-01-10T14:01:46","modified_gmt":"2023-01-10T13:01:46","slug":"kutjevacko-martinje-2015","status":"publish","type":"post","link":"https:\/\/www.slavonski-planinari.hr\/arhiva\/kutjevacko-martinje-2015\/","title":{"rendered":"Kutjeva\u010dko Martinje 2015."},"content":{"rendered":"<p>[et_pb_section fb_built=&#8221;1&#8243; theme_builder_area=&#8221;post_content&#8221; _builder_version=&#8221;4.19.4&#8243; _module_preset=&#8221;default&#8221;][et_pb_row _builder_version=&#8221;4.19.4&#8243; _module_preset=&#8221;default&#8221; theme_builder_area=&#8221;post_content&#8221;][et_pb_column _builder_version=&#8221;4.19.4&#8243; _module_preset=&#8221;default&#8221; type=&#8221;4_4&#8243; theme_builder_area=&#8221;post_content&#8221;][et_pb_text _builder_version=&#8221;4.19.4&#8243; _module_preset=&#8221;default&#8221; theme_builder_area=&#8221;post_content&#8221; hover_enabled=&#8221;0&#8243; sticky_enabled=&#8221;0&#8243;]<\/p>\n<div class=\"itemIntroText\">\n<p style=\"text-align: justify;\"><img loading=\"lazy\" decoding=\"async\" src=\"https:\/\/www.slavonski-planinari.hr\/arhiva\/wp-content\/uploads\/2023\/01\/vidim_logo.jpg\" width=\"164\" height=\"110\" alt=\"\" class=\"wp-image-1538 alignleft size-full\" \/>Turisti\u010dka zajednica grada Kutjeva, HPD Vidim i Udruga &#8220;Kutjeva\u010dki vinari&#8221; pozivaju vas na Kutjeva\u010dko Martinje 2015.<\/p>\n<p style=\"text-align: justify;\">18. tradicionalni izlet za planinare, izletnike i sve ljubitelje vrhunske kutjeva\u010dke vinske kapljice odr\u017eat \u0107e se\u00a0<span>7. i 8. studenog 2015. godine (subota i nedjelja)<\/span><span>\u00a0<\/span><span>.<\/span><\/p>\n<p style=\"text-align: justify;\"><span><\/span><\/p>\n<p style=\"text-align: justify;\"><span><\/span><\/p>\n<\/div>\n<div class=\"itemFullText\">\n<p style=\"text-align: justify;\">\n<p style=\"text-align: justify;\"><span><strong>Program susreta:<\/strong><\/span><\/p>\n<h3 style=\"text-align: justify;\">Subota, 07.11.2015.<\/h3>\n<ul style=\"text-align: justify;\">\n<li><span>10:00h \u2013 okupljanje planinara na Trgu gra\u0161evine<\/span><\/li>\n<li><span>11:00h \u2013 polazak na planinarski izlet po Krndiji uz vodi\u010de HPD Vidim<\/span><\/li>\n<li><span>16:30h \u2013 otvorenje programa na Trgu gra\u0161evine\u00a0<\/span><\/li>\n<li><span>17:00h SANJARI<\/span><\/li>\n<li><span>17:30h GARAVU\u0160E<\/span><\/li>\n<li><span>19:30h POSEGANA\u00a0<\/span><\/li>\n<li><span>22:00h \u2013 zabava u Vatrogasnom domu &#8211; BISERNICA<\/span><\/li>\n<\/ul>\n<h3 style=\"text-align: justify;\"><span><br \/>Nedjelja, 08.11.2015.\u00a0<\/span><\/h3>\n<ul style=\"text-align: justify;\">\n<li><span>08:30h \u2013 okupljanje planinara, doru\u010dak, pozdravni govor doma\u0107ina<\/span><\/li>\n<li><span>10:00h \u2013 polazak na planinarski izlet uz vodi\u010de HPD Vidim\u00a0<\/span><\/li>\n<li><span>11:00h \u2013 sveta misa u crkvi Ro\u0111enja BDM<\/span><\/li>\n<li><span>13:30h \u2013 okupljanje na Trgu gra\u0161evine\u00a0<\/span><\/li>\n<li><span>13:30h POLJADIJA<\/span><\/li>\n<li><span>14:00h \u2013 povorka od Trga gra\u0161evine do crkve Ro\u0111enja BDM<\/span><\/li>\n<li><span>14:30h \u2013 kr\u0161tenje mo\u0161ta ispred crkve Ro\u0111enja BDM<\/span><\/li>\n<li><span>15:00h \u2013 milenijska fotografija ispred Dvorca u Kutjevu \u2013 \u0160ime Strikoman<\/span><\/li>\n<li><span>15:30h \u2013 program na Trgu gra\u0161evine\u00a0<\/span><\/li>\n<li><span>16:00h KAS<\/span><\/li>\n<li><span>18:00h KONCERT: DRA\u017dEN ZE\u010cI\u0106<\/span><\/li>\n<\/ul>\n<p style=\"text-align: justify;\"><img loading=\"lazy\" decoding=\"async\" src=\"https:\/\/www.slavonski-planinari.hr\/arhiva\/wp-content\/uploads\/2023\/01\/martinje_karta_2015_velika.jpg\" width=\"2000\" height=\"1414\" alt=\"\" class=\"wp-image-2712 aligncenter size-full\" srcset=\"https:\/\/www.slavonski-planinari.hr\/arhiva\/wp-content\/uploads\/2023\/01\/martinje_karta_2015_velika.jpg 2000w, https:\/\/www.slavonski-planinari.hr\/arhiva\/wp-content\/uploads\/2023\/01\/martinje_karta_2015_velika-1280x905.jpg 1280w, https:\/\/www.slavonski-planinari.hr\/arhiva\/wp-content\/uploads\/2023\/01\/martinje_karta_2015_velika-980x693.jpg 980w, https:\/\/www.slavonski-planinari.hr\/arhiva\/wp-content\/uploads\/2023\/01\/martinje_karta_2015_velika-480x339.jpg 480w\" sizes=\"(min-width: 0px) and (max-width: 480px) 480px, (min-width: 481px) and (max-width: 980px) 980px, (min-width: 981px) and (max-width: 1280px) 1280px, (min-width: 1281px) 2000px, 100vw\" \/><\/p>\n<h3 style=\"text-align: justify;\">Mogu\u0107nosti smje\u0161taja:<\/h3>\n<ul style=\"text-align: justify;\">\n<li><span>Vinarija Sontacchi, Kutjevo, tel: 0995122312<\/span><\/li>\n<li><span>Vinska ku\u0107a Majeti\u0107, Venje, tel: 034\/255-450<\/span><\/li>\n<li><span>Preno\u0107i\u0161te Enjingi, Hrnjevac i Venje, tel: 034\/255-200, 034\/255-201<\/span><\/li>\n<li><span>restoran Schon Blick, Vetovo, tel: 034\/267-108<\/span><\/li>\n<li><span>Preno\u0107i\u0161te Denis, Velika, tel: 098362331<\/span><\/li>\n<li><span>Vila \u0160tefica, Velika, tel: 034\/233-501<\/span><\/li>\n<li><span>Preno\u0107i\u0161te i restoran Barun Trenk, Velika, tel: 034\/236-345<\/span><\/li>\n<li><span>Ugostiteljstvo Bagi, Po\u017eega, tel: 034\/271-688<\/span><\/li>\n<li><span>Hotel grgin dol, Po\u017eega, tel: 034\/273-222<\/span><\/li>\n<li><span>Vila Stani\u0161i\u0107, Po\u017eega, tel: 034\/312-168<\/span><\/li>\n<li><span>Calimero, Po\u017eega, tel: 034\/211-613<\/span><\/li>\n<li><span>Pansion Villa Maria, Po\u017eega, tel: 034\/271-271<\/span><\/li>\n<\/ul>\n<p style=\"text-align: justify;\"><span>\u00a0<\/span><\/p>\n<p style=\"text-align: justify;\"><span>Sportska dvorana Kutjevo nudi mogu\u0107nost smje\u0161taja za grupe isklju\u010divo uz\u00a0<\/span><span>prethodnu rezervaciju na broj:\u00a0<\/span><span>098 995 6377 \u2013 Ivica Vrani\u0107, predsjednik HPD Vidim<\/span><\/p>\n<p style=\"text-align: justify;\"><span>\u00a0<\/span><\/p>\n<p style=\"text-align: justify;\"><span>Za sva pitanja, stojimo na raspolaganju!\u00a0<\/span><\/p>\n<p style=\"text-align: right;\"><span>\u00a0<\/span><\/p>\n<p style=\"text-align: right;\"><span><strong>HPD VIDIM<\/strong><br \/><\/span><span><span id=\"cloak1b134aa84cbcc4cb81ec747c59ce8e4f\"><a href=\"mailto:hpd.vidim@gmail.com\">hpd.vidim@gmail.com<\/a><\/span><br \/><\/span><span>Ivica Vrani\u0107, predsjednik \u2013 089 995 6377<\/span><\/p>\n<p style=\"text-align: right;\"><span><strong>TURISTI\u010cKA ZAJEDNICA GRADA KUTJEVA<\/strong><br \/><\/span><span><span id=\"cloak5413a55ad32691f4ef424e42aa73d1ce\"><a href=\"mailto:tz@kutjevo.hr\">tz@kutjevo.hr<\/a><\/span><br \/><\/span><span>Ana Gali\u0107, voditeljica poslova Turisti\u010dkog ureda \u2013 099 810 0047<\/span><\/p>\n<p style=\"text-align: right;\"><strong>UDRUGA \u201eKUTJEVA\u010cKI VINARI\u201c<br \/><\/strong><span><span id=\"cloak856d18f3fbdb4f2b695d4fdf4fbbf34e\"><a href=\"mailto:udruga.kutjevo@po.t-com.hr\">udruga.kutjevo@po.t-com.hr<\/a><\/span><br \/><\/span><span>Vera Soldo \u010camak \u2013 099 701 5640<\/span><\/p>\n<\/div>\n<p>[\/et_pb_text][\/et_pb_column][\/et_pb_row][\/et_pb_section]<\/p>\n","protected":false},"excerpt":{"rendered":"<p>Turisti\u010dka zajednica grada Kutjeva, HPD Vidim i Udruga &#8220;Kutjeva\u010dki vinari&#8221; pozivaju vas na Kutjeva\u010dko Martinje 2015. 18. tradicionalni izlet za planinare, izletnike i sve ljubitelje vrhunske kutjeva\u010dke vinske kapljice odr\u017eat \u0107e se\u00a07. i 8. studenog 2015. godine (subota i nedjelja)\u00a0. Program susreta: Subota, 07.11.2015. 10:00h \u2013 okupljanje planinara na Trgu gra\u0161evine 11:00h \u2013 polazak na [&hellip;]<\/p>\n","protected":false},"author":1,"featured_media":0,"comment_status":"closed","ping_status":"open","sticky":false,"template":"","format":"standard","meta":{"_et_pb_use_builder":"on","_et_pb_old_content":"","_et_gb_content_width":"1080","footnotes":""},"categories":[29],"tags":[],"class_list":["post-2710","post","type-post","status-publish","format-standard","hentry","category-29"],"_links":{"self":[{"href":"https:\/\/www.slavonski-planinari.hr\/arhiva\/wp-json\/wp\/v2\/posts\/2710","targetHints":{"allow":["GET"]}}],"collection":[{"href":"https:\/\/www.slavonski-planinari.hr\/arhiva\/wp-json\/wp\/v2\/posts"}],"about":[{"href":"https:\/\/www.slavonski-planinari.hr\/arhiva\/wp-json\/wp\/v2\/types\/post"}],"author":[{"embeddable":true,"href":"https:\/\/www.slavonski-planinari.hr\/arhiva\/wp-json\/wp\/v2\/users\/1"}],"replies":[{"embeddable":true,"href":"https:\/\/www.slavonski-planinari.hr\/arhiva\/wp-json\/wp\/v2\/comments?post=2710"}],"version-history":[{"count":0,"href":"https:\/\/www.slavonski-planinari.hr\/arhiva\/wp-json\/wp\/v2\/posts\/2710\/revisions"}],"wp:attachment":[{"href":"https:\/\/www.slavonski-planinari.hr\/arhiva\/wp-json\/wp\/v2\/media?parent=2710"}],"wp:term":[{"taxonomy":"category","embeddable":true,"href":"https:\/\/www.slavonski-planinari.hr\/arhiva\/wp-json\/wp\/v2\/categories?post=2710"},{"taxonomy":"post_tag","embeddable":true,"href":"https:\/\/www.slavonski-planinari.hr\/arhiva\/wp-json\/wp\/v2\/tags?post=2710"}],"curies":[{"name":"wp","href":"https:\/\/api.w.org\/{rel}","templated":true}]}}