{"id":2704,"date":"2015-10-27T13:47:00","date_gmt":"2015-10-27T12:47:00","guid":{"rendered":"https:\/\/www.slavonski-planinari.hr\/arhiva\/?p=2704"},"modified":"2023-01-10T13:58:53","modified_gmt":"2023-01-10T12:58:53","slug":"promocija-knjige-jankovac-planinarska-prica-u-osijeku","status":"publish","type":"post","link":"https:\/\/www.slavonski-planinari.hr\/arhiva\/promocija-knjige-jankovac-planinarska-prica-u-osijeku\/","title":{"rendered":"Promocija knjige &#8220;Jankovac: planinarska pri\u010da&#8221; u Osijeku:"},"content":{"rendered":"<p>[et_pb_section fb_built=&#8221;1&#8243; theme_builder_area=&#8221;post_content&#8221; _builder_version=&#8221;4.19.4&#8243; _module_preset=&#8221;default&#8221;][et_pb_row _builder_version=&#8221;4.19.4&#8243; _module_preset=&#8221;default&#8221; theme_builder_area=&#8221;post_content&#8221;][et_pb_column _builder_version=&#8221;4.19.4&#8243; _module_preset=&#8221;default&#8221; type=&#8221;4_4&#8243; theme_builder_area=&#8221;post_content&#8221;][et_pb_text _builder_version=&#8221;4.19.4&#8243; _module_preset=&#8221;default&#8221; theme_builder_area=&#8221;post_content&#8221; hover_enabled=&#8221;0&#8243; sticky_enabled=&#8221;0&#8243;]<\/p>\n<div class=\"itemIntroText\">\n<p style=\"text-align: justify;\"><span><img loading=\"lazy\" decoding=\"async\" src=\"https:\/\/www.slavonski-planinari.hr\/arhiva\/wp-content\/uploads\/2023\/01\/promocija_knjige_m.jpg\" width=\"147\" height=\"110\" alt=\"\" class=\"wp-image-2708 alignleft size-full\" \/>U zanimljivom ambijentu atrija Muzeja Slavonije odr\u017eana je 15.10.2015. dobro\u00a0<\/span><span>posje\u0107ena promocija knjige \u201eJankovac: planinarska pri\u010da\u201c \u0110or\u0111a Bali\u0107a.<\/span><\/p>\n<p style=\"text-align: justify;\"><span><\/span><\/p>\n<p style=\"text-align: justify;\"><span>Knjiga je izdana\u00a0<\/span><span>u povodu 120 godina od osnivanja prvog planinarskog dru\u0161tva u Slavoniji.<\/span><\/p>\n<p style=\"text-align: justify;\"><span><\/span><\/p>\n<\/div>\n<div class=\"itemFullText\">\n<p style=\"text-align: justify;\"><span>Na promociji su\u00a0<\/span><span>o knjizi govorili: Otmar Tosenberger, predsjednik SPS, Denis Detling, v.d. direktor Muzeja\u00a0<\/span><span>Slavonije, Miro Mutter, predsjednik HPD \u201eBr\u0161ljan-Jankovac&#8221;, prof. dr. sc. Mane Medi\u0107,\u00a0<\/span><span>predstojnik Katedre za marketing Ekonomskog fakulteta u Osijeku i jedan od\u00a0<\/span><span>recenzenata ove knjige a naravno i sam autor \u0110or\u0111e Bali\u0107.<\/span><\/p>\n<p style=\"text-align: justify;\"><img loading=\"lazy\" decoding=\"async\" src=\"https:\/\/www.slavonski-planinari.hr\/arhiva\/wp-content\/uploads\/2023\/01\/promocija_knjige_1.jpg\" width=\"700\" height=\"435\" alt=\"\" class=\"wp-image-2706 aligncenter size-full\" srcset=\"https:\/\/www.slavonski-planinari.hr\/arhiva\/wp-content\/uploads\/2023\/01\/promocija_knjige_1.jpg 700w, https:\/\/www.slavonski-planinari.hr\/arhiva\/wp-content\/uploads\/2023\/01\/promocija_knjige_1-480x298.jpg 480w\" sizes=\"(min-width: 0px) and (max-width: 480px) 480px, (min-width: 481px) 700px, 100vw\" \/><\/p>\n<p style=\"text-align: justify;\"><span>Uz prikazivanje slika planine\u00a0<\/span><span>Papuk te poznatog izleti\u0161ta Jankovac na video-zidu \u010ditani su dijelove teksta iz knjige.\u00a0<\/span><\/p>\n<p style=\"text-align: justify;\"><span>Prezentacija i govornici pozdravljeni su burnim pljeskom, a posebno autor knjige.\u00a0<\/span><\/p>\n<p style=\"text-align: justify;\"><span>Poslije prezentacije i skromne zakuske mogla se kupiti knjiga i autor je napisao osobnu\u00a0<\/span><span>posvetu svakom tko je to \u017eelio.\u00a0<\/span><\/p>\n<p style=\"text-align: justify;\"><img loading=\"lazy\" decoding=\"async\" src=\"https:\/\/www.slavonski-planinari.hr\/arhiva\/wp-content\/uploads\/2023\/01\/promocija_knjige_2.jpg\" width=\"700\" height=\"435\" alt=\"\" class=\"wp-image-2707 aligncenter size-full\" srcset=\"https:\/\/www.slavonski-planinari.hr\/arhiva\/wp-content\/uploads\/2023\/01\/promocija_knjige_2.jpg 700w, https:\/\/www.slavonski-planinari.hr\/arhiva\/wp-content\/uploads\/2023\/01\/promocija_knjige_2-480x298.jpg 480w\" sizes=\"(min-width: 0px) and (max-width: 480px) 480px, (min-width: 481px) 700px, 100vw\" \/><\/p>\n<p style=\"text-align: justify;\"><span>Nakladnik knjige je Grafika d.o.o. Osijek, a sunakladnici Slavonski planinarski savez i\u00a0<\/span><span>HPD \u201eBr\u0161ljan-Jankovac\u201c.<\/span><\/p>\n<p style=\"text-align: justify;\"><span>Knjiga se mo\u017ee naru\u010diti na\u00a0<span id=\"cloak8791b2d6a4a44b4ce1a93543f405591a\"><a href=\"mailto:slavonski.planinari@gmail.com\">slavonski.planinari@gmail.com<\/a><\/span>\u00a0ili kupiti u nekim planinarskim\u00a0<\/span><span>dru\u0161tvima. Cijena je 90,00 kn<\/span><\/p>\n<\/div>\n<p>[\/et_pb_text][\/et_pb_column][\/et_pb_row][\/et_pb_section]<\/p>\n","protected":false},"excerpt":{"rendered":"<p>U zanimljivom ambijentu atrija Muzeja Slavonije odr\u017eana je 15.10.2015. dobro\u00a0posje\u0107ena promocija knjige \u201eJankovac: planinarska pri\u010da\u201c \u0110or\u0111a Bali\u0107a. Knjiga je izdana\u00a0u povodu 120 godina od osnivanja prvog planinarskog dru\u0161tva u Slavoniji. Na promociji su\u00a0o knjizi govorili: Otmar Tosenberger, predsjednik SPS, Denis Detling, v.d. direktor Muzeja\u00a0Slavonije, Miro Mutter, predsjednik HPD \u201eBr\u0161ljan-Jankovac&#8221;, prof. dr. sc. Mane Medi\u0107,\u00a0predstojnik Katedre [&hellip;]<\/p>\n","protected":false},"author":1,"featured_media":0,"comment_status":"closed","ping_status":"open","sticky":false,"template":"","format":"standard","meta":{"_et_pb_use_builder":"on","_et_pb_old_content":"","_et_gb_content_width":"1080","footnotes":""},"categories":[29],"tags":[],"class_list":["post-2704","post","type-post","status-publish","format-standard","hentry","category-29"],"_links":{"self":[{"href":"https:\/\/www.slavonski-planinari.hr\/arhiva\/wp-json\/wp\/v2\/posts\/2704","targetHints":{"allow":["GET"]}}],"collection":[{"href":"https:\/\/www.slavonski-planinari.hr\/arhiva\/wp-json\/wp\/v2\/posts"}],"about":[{"href":"https:\/\/www.slavonski-planinari.hr\/arhiva\/wp-json\/wp\/v2\/types\/post"}],"author":[{"embeddable":true,"href":"https:\/\/www.slavonski-planinari.hr\/arhiva\/wp-json\/wp\/v2\/users\/1"}],"replies":[{"embeddable":true,"href":"https:\/\/www.slavonski-planinari.hr\/arhiva\/wp-json\/wp\/v2\/comments?post=2704"}],"version-history":[{"count":0,"href":"https:\/\/www.slavonski-planinari.hr\/arhiva\/wp-json\/wp\/v2\/posts\/2704\/revisions"}],"wp:attachment":[{"href":"https:\/\/www.slavonski-planinari.hr\/arhiva\/wp-json\/wp\/v2\/media?parent=2704"}],"wp:term":[{"taxonomy":"category","embeddable":true,"href":"https:\/\/www.slavonski-planinari.hr\/arhiva\/wp-json\/wp\/v2\/categories?post=2704"},{"taxonomy":"post_tag","embeddable":true,"href":"https:\/\/www.slavonski-planinari.hr\/arhiva\/wp-json\/wp\/v2\/tags?post=2704"}],"curies":[{"name":"wp","href":"https:\/\/api.w.org\/{rel}","templated":true}]}}