{"id":2685,"date":"2015-06-05T13:27:00","date_gmt":"2015-06-05T12:27:00","guid":{"rendered":"https:\/\/www.slavonski-planinari.hr\/arhiva\/?p=2685"},"modified":"2023-01-10T13:31:48","modified_gmt":"2023-01-10T12:31:48","slug":"lipanj-u-lipiku-4","status":"publish","type":"post","link":"https:\/\/www.slavonski-planinari.hr\/arhiva\/lipanj-u-lipiku-4\/","title":{"rendered":"Lipanj u Lipiku"},"content":{"rendered":"<p>[et_pb_section fb_built=&#8221;1&#8243; theme_builder_area=&#8221;post_content&#8221; _builder_version=&#8221;4.19.4&#8243; _module_preset=&#8221;default&#8221;][et_pb_row _builder_version=&#8221;4.19.4&#8243; _module_preset=&#8221;default&#8221; theme_builder_area=&#8221;post_content&#8221;][et_pb_column _builder_version=&#8221;4.19.4&#8243; _module_preset=&#8221;default&#8221; type=&#8221;4_4&#8243; theme_builder_area=&#8221;post_content&#8221;][et_pb_text _builder_version=&#8221;4.19.4&#8243; _module_preset=&#8221;default&#8221; theme_builder_area=&#8221;post_content&#8221; hover_enabled=&#8221;0&#8243; sticky_enabled=&#8221;0&#8243;]<\/p>\n<div class=\"itemIntroText\">\n<p style=\"text-align: justify;\"><img loading=\"lazy\" decoding=\"async\" src=\"https:\/\/www.slavonski-planinari.hr\/arhiva\/wp-content\/uploads\/2023\/01\/lipa_lipik.jpg\" width=\"143\" height=\"99\" alt=\"\" class=\"wp-image-1469 alignleft size-full\" srcset=\"https:\/\/www.slavonski-planinari.hr\/arhiva\/wp-content\/uploads\/2023\/01\/lipa_lipik.jpg 309w, https:\/\/www.slavonski-planinari.hr\/arhiva\/wp-content\/uploads\/2023\/01\/lipa_lipik-300x208.jpg 300w\" sizes=\"(max-width: 143px) 100vw, 143px\" \/>Pozivamo Vas na tradicionalno okupljanje planinara u nedjelju 14.06.2015.<\/p>\n<p style=\"text-align: justify;\"><strong>Lipanj u Lipiku<\/strong><span>\u00a0<\/span>Okupljanje u LIPIKU na glavnom trgu kod vodoskoka u 9 sati. Polazak na pohod po PSUNJU u 9 i 30 sati.<\/p>\n<\/div>\n<div class=\"itemFullText\">\n<p style=\"text-align: justify;\">\u00a0&#8211; prijevoz automobilima do sela Skenderovci\u00a0 ( 3km )<br \/>\u00a0&#8211; laganim hodom preko livada do \u0160eovice, pa Cvijinom stazom do Krive breze, gdje \u0107e biti odmor uz gablec (kruh i mast) i dalje preko Begova\u010de kroz\u00a0 \u0161umu sve do izvora To\u010dak.<\/p>\n<p>\u00a0Ukupno 3 sata laganog hoda.<br \/>\u00a0\u00a0\u00a0 Na izvoru \u0107e biti dru\u017eenje uz muziku i ru\u010dak: slavonski kotli\u0107 i \u0161arane na ra\u0161ljama\u00a0\u00a0\u00a0\u00a0 Povratak: od izvora do Skenderovaca oko 30 min Pozivamo nakon pohoda u novoure\u0111enu aleju kestena u parku kod lje\u010dili\u0161ta<br \/>na manifestaciju: Zdravlje,rekreacija i zdrava prehrana, koja traje od 10- 19 h Molimo za ve\u0107e grupe da se jave 2 dana ranije radi osiguranja dovoljnih koli\u010dina hrane za sve<br \/>Informacije i prijave:<br \/>Vlasta \u0160epetavec &#8211; predsjednik 098-362181<br \/>Josip \u0160uprina &#8211; tajnik 095-9004867<br \/>\u017deljko Toma\u0161evi\u0107 &#8211; dopredsjednik na mail:<span>\u00a0<\/span><span id=\"cloakb2c4bc0de26e5342b89878c5930b39ef\"><a href=\"mailto:zeljko.tomasevic@skole.hr\">zeljko.tomasevic@skole.hr<\/a><\/span><\/p>\n<p style=\"text-align: justify;\"><img loading=\"lazy\" decoding=\"async\" src=\"https:\/\/www.slavonski-planinari.hr\/arhiva\/wp-content\/uploads\/2023\/01\/Planinarska-karta-za-web.jpg\" width=\"1191\" height=\"823\" alt=\"\" class=\"wp-image-2688 aligncenter size-full\" srcset=\"https:\/\/www.slavonski-planinari.hr\/arhiva\/wp-content\/uploads\/2023\/01\/Planinarska-karta-za-web.jpg 1191w, https:\/\/www.slavonski-planinari.hr\/arhiva\/wp-content\/uploads\/2023\/01\/Planinarska-karta-za-web-980x677.jpg 980w, https:\/\/www.slavonski-planinari.hr\/arhiva\/wp-content\/uploads\/2023\/01\/Planinarska-karta-za-web-480x332.jpg 480w\" sizes=\"(min-width: 0px) and (max-width: 480px) 480px, (min-width: 481px) and (max-width: 980px) 980px, (min-width: 981px) 1191px, 100vw\" \/><\/p>\n<\/div>\n<p>[\/et_pb_text][\/et_pb_column][\/et_pb_row][\/et_pb_section]<\/p>\n","protected":false},"excerpt":{"rendered":"<p>Pozivamo Vas na tradicionalno okupljanje planinara u nedjelju 14.06.2015. Lipanj u Lipiku\u00a0Okupljanje u LIPIKU na glavnom trgu kod vodoskoka u 9 sati. Polazak na pohod po PSUNJU u 9 i 30 sati. \u00a0&#8211; prijevoz automobilima do sela Skenderovci\u00a0 ( 3km )\u00a0&#8211; laganim hodom preko livada do \u0160eovice, pa Cvijinom stazom do Krive breze, gdje \u0107e [&hellip;]<\/p>\n","protected":false},"author":1,"featured_media":0,"comment_status":"closed","ping_status":"open","sticky":false,"template":"","format":"standard","meta":{"_et_pb_use_builder":"on","_et_pb_old_content":"","_et_gb_content_width":"1080","footnotes":""},"categories":[29],"tags":[],"class_list":["post-2685","post","type-post","status-publish","format-standard","hentry","category-29"],"_links":{"self":[{"href":"https:\/\/www.slavonski-planinari.hr\/arhiva\/wp-json\/wp\/v2\/posts\/2685","targetHints":{"allow":["GET"]}}],"collection":[{"href":"https:\/\/www.slavonski-planinari.hr\/arhiva\/wp-json\/wp\/v2\/posts"}],"about":[{"href":"https:\/\/www.slavonski-planinari.hr\/arhiva\/wp-json\/wp\/v2\/types\/post"}],"author":[{"embeddable":true,"href":"https:\/\/www.slavonski-planinari.hr\/arhiva\/wp-json\/wp\/v2\/users\/1"}],"replies":[{"embeddable":true,"href":"https:\/\/www.slavonski-planinari.hr\/arhiva\/wp-json\/wp\/v2\/comments?post=2685"}],"version-history":[{"count":0,"href":"https:\/\/www.slavonski-planinari.hr\/arhiva\/wp-json\/wp\/v2\/posts\/2685\/revisions"}],"wp:attachment":[{"href":"https:\/\/www.slavonski-planinari.hr\/arhiva\/wp-json\/wp\/v2\/media?parent=2685"}],"wp:term":[{"taxonomy":"category","embeddable":true,"href":"https:\/\/www.slavonski-planinari.hr\/arhiva\/wp-json\/wp\/v2\/categories?post=2685"},{"taxonomy":"post_tag","embeddable":true,"href":"https:\/\/www.slavonski-planinari.hr\/arhiva\/wp-json\/wp\/v2\/tags?post=2685"}],"curies":[{"name":"wp","href":"https:\/\/api.w.org\/{rel}","templated":true}]}}