{"id":2482,"date":"2015-05-29T09:59:00","date_gmt":"2015-05-29T08:59:00","guid":{"rendered":"https:\/\/www.slavonski-planinari.hr\/arhiva\/?p=2482"},"modified":"2023-01-10T10:03:01","modified_gmt":"2023-01-10T09:03:01","slug":"odrzan-5-pohod-slavonskim-planinama","status":"publish","type":"post","link":"https:\/\/www.slavonski-planinari.hr\/arhiva\/odrzan-5-pohod-slavonskim-planinama\/","title":{"rendered":"Odr\u017ean 5. Pohod slavonskim planinama"},"content":{"rendered":"<p>[et_pb_section fb_built=&#8221;1&#8243; theme_builder_area=&#8221;post_content&#8221; _builder_version=&#8221;4.19.4&#8243; _module_preset=&#8221;default&#8221;][et_pb_row _builder_version=&#8221;4.19.4&#8243; _module_preset=&#8221;default&#8221; theme_builder_area=&#8221;post_content&#8221;][et_pb_column _builder_version=&#8221;4.19.4&#8243; _module_preset=&#8221;default&#8221; type=&#8221;4_4&#8243; theme_builder_area=&#8221;post_content&#8221;][et_pb_text _builder_version=&#8221;4.19.4&#8243; _module_preset=&#8221;default&#8221; theme_builder_area=&#8221;post_content&#8221; hover_enabled=&#8221;0&#8243; sticky_enabled=&#8221;0&#8243;]<\/p>\n<div class=\"itemIntroText\">\n<p style=\"text-align: justify;\"><img loading=\"lazy\" decoding=\"async\" src=\"https:\/\/www.slavonski-planinari.hr\/arhiva\/wp-content\/uploads\/2023\/01\/prije-starta-na-Jankovcu.jpg\" width=\"164\" height=\"123\" alt=\"\" class=\"wp-image-2485 alignleft size-full\" \/>Slavonski planinarski savez ve\u0107 petu godinu za redom odr\u017eava pohod na kojem se kroz dva dana hoda pre\u0111e po jedna dionica Slavonskog planinarskog puta.<\/p>\n<p style=\"text-align: justify;\">Ove godine bila je to peta dionica, nazvana Papuk. To je ujedno i zadnja dionica prvog ciklusa ovog pohoda koji je zapo\u010deo 2011. godine.<\/p>\n<p style=\"text-align: justify;\">Pohod se odr\u017eao 16. i 17.05.2015., uz sudjelovanje 61 planinara\u00a0 iz 15 planinarskih dru\u0161tava. Prisutne je ispred SPS-a pozdravio Berislav Tkalac i predstavio glavne vodi\u010de pohoda. Bili su to ovoga puta \u017darko Ro\u010dek iz Pakraca i Slavka Pokorny iz Daruvara. Sva tri navedena planinara povjerenici su Komisije za SPP i planinarske putove SPS-a.<\/p>\n<\/div>\n<div class=\"itemFullText\">\n<p style=\"text-align: justify;\">\n<p style=\"text-align: justify;\">Pohod je zapo\u010deo je na Jankovcu (KT 28), a zavr\u0161io na Petrovom vrhu (KT 1). Prvi dan se hodalo preko Iva\u010dke glave (KT 29), do vrha Papuka (KT 30), gdje smo na \u201eulazu zve\u010deva\u010dkom\u201c imali du\u017ei odmor za ru\u010dak i okrepu. Zatim se hodanje nastavilo preko Loma (KT 31) do Novog Zve\u010deva (KT 32), gdje nas je \u010dekao besplatan fi\u0161 paprika\u0161 i no\u0107enje.<\/p>\n<p style=\"text-align: justify;\">Ukupna du\u017eina ove etape je 24,5 kilometra, a grupa je to pre\u0161la za predvi\u0111enih 8-9 sati hoda. Sveukupna dionica cijelog pohoda iznosi 52 kilometra i hoda se 19 sati. Smje\u0161taj za sve sudionike pohoda bio je organiziran u ribarskoj ku\u0107i na malom jezeru, uz dodatak velikog vojnog \u0161atora. Istu ve\u010der je na terasi ku\u0107e uprili\u010dena mala sve\u010danost dodjele novog priznanja i plakete Kamilo Firinger, koju je grafi\u010dki priredio i zaslu\u017eenim pojedincima predao predsjednik SPS-a Otmar Tosenberger. Isto tako i priznanja dru\u0161tvima koja su bili nosioci prijelaznog pehara koji od sada nosi ime Kamila Firingera.<\/p>\n<p style=\"text-align: justify;\">Drugi dan pohoda i\u0161ao je svojim ustaljenim tokom preko Ljuto\u010da (KT 33) sa stankom na Me\u0111i. Od Me\u0111e o\u0161trim usponom do Crnog vrha i preko Vranog kamena (KT 34 i 35) do doma na Petrovom vrhu. Vremenski uvjeti su bili idealni za ovakvo dugo hodanje, a dru\u0161tvo kao i uvijek odli\u010dno raspolo\u017eeno i bez prijekorno u svim elementima planinarskog pona\u0161anja.<\/p>\n<p style=\"text-align: justify;\">Slijede\u0107e godine ulazimo u drugi petogodi\u0161nji ciklus.<\/p>\n<p style=\"text-align: right;\">Berislav Tkalac.<\/p>\n<\/div>\n<p>[\/et_pb_text][\/et_pb_column][\/et_pb_row][\/et_pb_section]<\/p>\n","protected":false},"excerpt":{"rendered":"<p>Slavonski planinarski savez ve\u0107 petu godinu za redom odr\u017eava pohod na kojem se kroz dva dana hoda pre\u0111e po jedna dionica Slavonskog planinarskog puta. Ove godine bila je to peta dionica, nazvana Papuk. To je ujedno i zadnja dionica prvog ciklusa ovog pohoda koji je zapo\u010deo 2011. godine. Pohod se odr\u017eao 16. i 17.05.2015., uz [&hellip;]<\/p>\n","protected":false},"author":1,"featured_media":0,"comment_status":"closed","ping_status":"open","sticky":false,"template":"","format":"standard","meta":{"_et_pb_use_builder":"on","_et_pb_old_content":"","_et_gb_content_width":"1080","footnotes":""},"categories":[29],"tags":[],"class_list":["post-2482","post","type-post","status-publish","format-standard","hentry","category-29"],"_links":{"self":[{"href":"https:\/\/www.slavonski-planinari.hr\/arhiva\/wp-json\/wp\/v2\/posts\/2482","targetHints":{"allow":["GET"]}}],"collection":[{"href":"https:\/\/www.slavonski-planinari.hr\/arhiva\/wp-json\/wp\/v2\/posts"}],"about":[{"href":"https:\/\/www.slavonski-planinari.hr\/arhiva\/wp-json\/wp\/v2\/types\/post"}],"author":[{"embeddable":true,"href":"https:\/\/www.slavonski-planinari.hr\/arhiva\/wp-json\/wp\/v2\/users\/1"}],"replies":[{"embeddable":true,"href":"https:\/\/www.slavonski-planinari.hr\/arhiva\/wp-json\/wp\/v2\/comments?post=2482"}],"version-history":[{"count":0,"href":"https:\/\/www.slavonski-planinari.hr\/arhiva\/wp-json\/wp\/v2\/posts\/2482\/revisions"}],"wp:attachment":[{"href":"https:\/\/www.slavonski-planinari.hr\/arhiva\/wp-json\/wp\/v2\/media?parent=2482"}],"wp:term":[{"taxonomy":"category","embeddable":true,"href":"https:\/\/www.slavonski-planinari.hr\/arhiva\/wp-json\/wp\/v2\/categories?post=2482"},{"taxonomy":"post_tag","embeddable":true,"href":"https:\/\/www.slavonski-planinari.hr\/arhiva\/wp-json\/wp\/v2\/tags?post=2482"}],"curies":[{"name":"wp","href":"https:\/\/api.w.org\/{rel}","templated":true}]}}