{"id":2474,"date":"2015-05-19T09:56:00","date_gmt":"2015-05-19T08:56:00","guid":{"rendered":"https:\/\/www.slavonski-planinari.hr\/arhiva\/?p=2474"},"modified":"2023-01-10T09:59:34","modified_gmt":"2023-01-10T08:59:34","slug":"susret-planinara-pjesnika-i-slikara-na-sovskom-jezeru-2","status":"publish","type":"post","link":"https:\/\/www.slavonski-planinari.hr\/arhiva\/susret-planinara-pjesnika-i-slikara-na-sovskom-jezeru-2\/","title":{"rendered":"Susret planinara pjesnika i slikara na Sovskom jezeru"},"content":{"rendered":"<p>[et_pb_section fb_built=&#8221;1&#8243; theme_builder_area=&#8221;post_content&#8221; _builder_version=&#8221;4.19.4&#8243; _module_preset=&#8221;default&#8221;][et_pb_row _builder_version=&#8221;4.19.4&#8243; _module_preset=&#8221;default&#8221; theme_builder_area=&#8221;post_content&#8221;][et_pb_column _builder_version=&#8221;4.19.4&#8243; _module_preset=&#8221;default&#8221; type=&#8221;4_4&#8243; theme_builder_area=&#8221;post_content&#8221;][et_pb_text _builder_version=&#8221;4.19.4&#8243; _module_preset=&#8221;default&#8221; theme_builder_area=&#8221;post_content&#8221; hover_enabled=&#8221;0&#8243; sticky_enabled=&#8221;0&#8243;]<\/p>\n<div class=\"itemIntroText\">\n<p style=\"text-align: justify;\"><span>HPD &#8220;Sokolovac&#8221; Po\u017eega, poziva planinarska dru\u0161tva, planinare pjesnike i slikare te sve ostale ljubitelje prirode na tradicionalnu manifestaciju \u201eSusret planinara pjesnika i slikara\u201c na Sovskom jezeru, dana 24. svibnja 2015. godine (nedjelja) sa po\u010detkom u 10:00 sati.<\/span><\/p>\n<p style=\"text-align: justify;\">Recitiranje pjesama planinara pjesnika i u\u010denika, te predstavljanje slikarske kolonije zapo\u010det \u0107e u 12:00 sati. Nakon predstavljanja pjesama slijedit \u0107e ru\u010dak.\u00a0<\/p>\n<\/div>\n<div class=\"itemFullText\">\n<p style=\"text-align: justify;\"><span>Pozivamo sva planinarska dru\u0161tva, planinare sklone pisanju i slikanju, ali i sve ljubitelje prirode, slikarstva i poezije da u nedjelju, 24. svibnja posjete Sovsko jezero.\u00a0<\/span><\/p>\n<p style=\"text-align: justify;\"><img loading=\"lazy\" decoding=\"async\" src=\"https:\/\/www.slavonski-planinari.hr\/arhiva\/wp-content\/uploads\/2023\/01\/sovsko_jezero_4.jpg\" width=\"709\" height=\"403\" alt=\"\" class=\"wp-image-2479 aligncenter size-full\" srcset=\"https:\/\/www.slavonski-planinari.hr\/arhiva\/wp-content\/uploads\/2023\/01\/sovsko_jezero_4.jpg 709w, https:\/\/www.slavonski-planinari.hr\/arhiva\/wp-content\/uploads\/2023\/01\/sovsko_jezero_4-480x273.jpg 480w\" sizes=\"(min-width: 0px) and (max-width: 480px) 480px, (min-width: 481px) 709px, 100vw\" \/><\/p>\n<p style=\"text-align: justify;\"><img loading=\"lazy\" decoding=\"async\" src=\"https:\/\/www.slavonski-planinari.hr\/arhiva\/wp-content\/uploads\/2023\/01\/sovsko_jezero_1.jpg\" width=\"709\" height=\"338\" alt=\"\" class=\"wp-image-2476 aligncenter size-full\" srcset=\"https:\/\/www.slavonski-planinari.hr\/arhiva\/wp-content\/uploads\/2023\/01\/sovsko_jezero_1.jpg 709w, https:\/\/www.slavonski-planinari.hr\/arhiva\/wp-content\/uploads\/2023\/01\/sovsko_jezero_1-480x229.jpg 480w\" sizes=\"(min-width: 0px) and (max-width: 480px) 480px, (min-width: 481px) 709px, 100vw\" \/><\/p>\n<p style=\"text-align: justify;\"><img loading=\"lazy\" decoding=\"async\" src=\"https:\/\/www.slavonski-planinari.hr\/arhiva\/wp-content\/uploads\/2023\/01\/sovsko_jezero_2.jpg\" width=\"709\" height=\"476\" alt=\"\" class=\"wp-image-2477 aligncenter size-full\" srcset=\"https:\/\/www.slavonski-planinari.hr\/arhiva\/wp-content\/uploads\/2023\/01\/sovsko_jezero_2.jpg 709w, https:\/\/www.slavonski-planinari.hr\/arhiva\/wp-content\/uploads\/2023\/01\/sovsko_jezero_2-480x322.jpg 480w\" sizes=\"(min-width: 0px) and (max-width: 480px) 480px, (min-width: 481px) 709px, 100vw\" \/><\/p>\n<p style=\"text-align: justify;\"><img loading=\"lazy\" decoding=\"async\" src=\"https:\/\/www.slavonski-planinari.hr\/arhiva\/wp-content\/uploads\/2023\/01\/sovsko_jezero_3.jpg\" width=\"709\" height=\"403\" alt=\"\" class=\"wp-image-2478 aligncenter size-full\" srcset=\"https:\/\/www.slavonski-planinari.hr\/arhiva\/wp-content\/uploads\/2023\/01\/sovsko_jezero_3.jpg 709w, https:\/\/www.slavonski-planinari.hr\/arhiva\/wp-content\/uploads\/2023\/01\/sovsko_jezero_3-480x273.jpg 480w\" sizes=\"(min-width: 0px) and (max-width: 480px) 480px, (min-width: 481px) 709px, 100vw\" \/><\/p>\n<p style=\"text-align: justify;\">\n<p style=\"text-align: justify;\">\n<p style=\"text-align: justify;\">\n<\/div>\n<p>[\/et_pb_text][\/et_pb_column][\/et_pb_row][\/et_pb_section]<\/p>\n","protected":false},"excerpt":{"rendered":"<p>HPD &#8220;Sokolovac&#8221; Po\u017eega, poziva planinarska dru\u0161tva, planinare pjesnike i slikare te sve ostale ljubitelje prirode na tradicionalnu manifestaciju \u201eSusret planinara pjesnika i slikara\u201c na Sovskom jezeru, dana 24. svibnja 2015. godine (nedjelja) sa po\u010detkom u 10:00 sati. Recitiranje pjesama planinara pjesnika i u\u010denika, te predstavljanje slikarske kolonije zapo\u010det \u0107e u 12:00 sati. Nakon predstavljanja pjesama [&hellip;]<\/p>\n","protected":false},"author":1,"featured_media":0,"comment_status":"closed","ping_status":"open","sticky":false,"template":"","format":"standard","meta":{"_et_pb_use_builder":"on","_et_pb_old_content":"","_et_gb_content_width":"1080","footnotes":""},"categories":[29],"tags":[],"class_list":["post-2474","post","type-post","status-publish","format-standard","hentry","category-29"],"_links":{"self":[{"href":"https:\/\/www.slavonski-planinari.hr\/arhiva\/wp-json\/wp\/v2\/posts\/2474","targetHints":{"allow":["GET"]}}],"collection":[{"href":"https:\/\/www.slavonski-planinari.hr\/arhiva\/wp-json\/wp\/v2\/posts"}],"about":[{"href":"https:\/\/www.slavonski-planinari.hr\/arhiva\/wp-json\/wp\/v2\/types\/post"}],"author":[{"embeddable":true,"href":"https:\/\/www.slavonski-planinari.hr\/arhiva\/wp-json\/wp\/v2\/users\/1"}],"replies":[{"embeddable":true,"href":"https:\/\/www.slavonski-planinari.hr\/arhiva\/wp-json\/wp\/v2\/comments?post=2474"}],"version-history":[{"count":0,"href":"https:\/\/www.slavonski-planinari.hr\/arhiva\/wp-json\/wp\/v2\/posts\/2474\/revisions"}],"wp:attachment":[{"href":"https:\/\/www.slavonski-planinari.hr\/arhiva\/wp-json\/wp\/v2\/media?parent=2474"}],"wp:term":[{"taxonomy":"category","embeddable":true,"href":"https:\/\/www.slavonski-planinari.hr\/arhiva\/wp-json\/wp\/v2\/categories?post=2474"},{"taxonomy":"post_tag","embeddable":true,"href":"https:\/\/www.slavonski-planinari.hr\/arhiva\/wp-json\/wp\/v2\/tags?post=2474"}],"curies":[{"name":"wp","href":"https:\/\/api.w.org\/{rel}","templated":true}]}}