{"id":2461,"date":"2015-05-12T09:37:00","date_gmt":"2015-05-12T08:37:00","guid":{"rendered":"https:\/\/www.slavonski-planinari.hr\/arhiva\/?p=2461"},"modified":"2023-01-10T09:43:42","modified_gmt":"2023-01-10T08:43:42","slug":"5-pohod-slavonskim-planinama-dionica-papuk-16-i-17-svibnja-2015","status":"publish","type":"post","link":"https:\/\/www.slavonski-planinari.hr\/arhiva\/5-pohod-slavonskim-planinama-dionica-papuk-16-i-17-svibnja-2015\/","title":{"rendered":"5. Pohod slavonskim planinama &#8211; dionica Papuk, 16 i 17. svibnja 2015."},"content":{"rendered":"<p>[et_pb_section fb_built=&#8221;1&#8243; theme_builder_area=&#8221;post_content&#8221; _builder_version=&#8221;4.19.4&#8243; _module_preset=&#8221;default&#8221;][et_pb_row _builder_version=&#8221;4.19.4&#8243; _module_preset=&#8221;default&#8221; theme_builder_area=&#8221;post_content&#8221;][et_pb_column _builder_version=&#8221;4.19.4&#8243; _module_preset=&#8221;default&#8221; type=&#8221;4_4&#8243; theme_builder_area=&#8221;post_content&#8221;][et_pb_text _builder_version=&#8221;4.19.4&#8243; _module_preset=&#8221;default&#8221; theme_builder_area=&#8221;post_content&#8221; hover_enabled=&#8221;0&#8243; sticky_enabled=&#8221;0&#8243;]<\/p>\n<div class=\"itemIntroText\">\n<p style=\"text-align: justify;\">Dragi prijatelji, planinarke i planinari, p<span>ozivamo vas na peti &#8220;Pohod slavonskim planinama&#8221;.\u00a0<\/span><\/p>\n<p style=\"text-align: justify;\"><span>Nastavljamo tamo gdje smo stali prije godinu dana. Pozivamo i sve koji nisu bili s\u00a0<\/span><span>nama na prvom, drugom, tre\u0107em ili \u010detvrtom Pohodu da nam se pridru\u017ee &#8211; trasom SPP-a,\u00a0<\/span><span>Papukom od Jankovca preko Zve\u010deva do pl. doma Petrov vrh kod Daruvara.<\/span><\/p>\n<\/div>\n<div class=\"itemFullText\">\n<p style=\"text-align: justify;\"><span>Time zavr\u0161avamo prvi ciklus i bit \u0107e posebno zadovoljstvo onima koji su svih ovih godina\u00a0<\/span><span>pohodili ovu akciju i pri tome ispunili karton Pohoda sa svih prigodnih 5 pe\u010data. Njih\u00a0<\/span><span>nekolicinu o\u010dekuje tim povodom priznanje u za uspomenu.<\/span><\/p>\n<p style=\"text-align: justify;\">Idu\u0107e godine, tre\u0107eg vikenda u svibnju, kre\u0107emo s drugim ciklusom. Razmislite malo o\u00a0<span>svemu \u0161to je iza nas i pomozite svojim prijedlozima i kritikama da bi u drugom ciklusu bilo\u00a0<\/span><span>bolje i da nas bude vi\u0161e. Najbolje vrijeme da malo o svemu popri\u010damo \u0107e biti na kraju prvog\u00a0<\/span><span>dana, na ve\u010der, na Zve\u010devu.<\/span><\/p>\n<p style=\"text-align: justify;\"><span>Za sve koji ne\u0107e biti tamo ili im je lak\u0161e ne\u0161to napisati stoji\u00a0<\/span><span>otvorena e-mail adresa na\u0161eg Saveza:\u00a0<span id=\"cloak10f2ff27836f63fe6dd38802c75ea4d5\"><a href=\"mailto:slavonski.planinari@gmail.com\">slavonski.planinari@gmail.com<\/a><\/span><\/span><\/p>\n<p style=\"text-align: justify;\"><img loading=\"lazy\" decoding=\"async\" src=\"https:\/\/www.slavonski-planinari.hr\/arhiva\/wp-content\/uploads\/2023\/01\/borovik_2014.jpg\" width=\"599\" height=\"251\" alt=\"\" class=\"wp-image-2463 aligncenter size-full\" srcset=\"https:\/\/www.slavonski-planinari.hr\/arhiva\/wp-content\/uploads\/2023\/01\/borovik_2014.jpg 599w, https:\/\/www.slavonski-planinari.hr\/arhiva\/wp-content\/uploads\/2023\/01\/borovik_2014-480x201.jpg 480w\" sizes=\"(min-width: 0px) and (max-width: 480px) 480px, (min-width: 481px) 599px, 100vw\" \/><\/p>\n<p style=\"text-align: justify;\">Prije \u010detiri godine zapo\u010deta akcija organiziranog obilaska Slavonskog planinarskog puta\u00a0<span>kroz 5 godi\u0161njih pohoda, nastavlja se dionicom po Papuku 16.\/17. svibnja 2015.<\/span><\/p>\n<p style=\"text-align: justify;\">Prvi Pohod odr\u017ean je 21\/ 22. svibnja. 2011. Dvodnevni pohod slavonskim planinama odr\u017eava se svake\u00a0<span>godine tre\u0107eg vikenda u svibnju i svaki put se obilazi jedna dionica SPP-a. Na taj na\u010din za pet godina obi\u0111e\u00a0<\/span><span>se cijela trasa SPP-a. Nakon toga se nastavlja novi petogodi\u0161nji &#8220;ciklus&#8221;.<\/span><\/p>\n<p style=\"text-align: justify;\">Za one kojima je cjelodnevno hodanje prenaporno, mogu\u0107a je &#8220;poludnevna&#8221;\u00a0<span>varijanta.\u00a0<\/span><span>Organizator je Slavonski planinarski savez u suradnji s lokalnim dru\u0161tvima,\u00a0<\/span><span>Stanicom vodi\u010da Slavonija i nadle\u017enim stanicama HGSS.\u00a0<\/span><span>Na Pohodu \u0107e se mo\u0107i kupiti dnevnik SPP, &#8220;Karton pohoda&#8221;, dnevnik obilaznice &#8220;Pet utvrda\u00a0<\/span><span>Po\u017ee\u0161ke gore&#8221;, majice, bed\u017eevi, naljepnice &#8230; Sudionici svih pet Pohoda, ovjerenih u &#8220;Kartonu\u00a0<\/span><span>pohoda&#8221; dobivaju spomenicu. Pohod za svaku godinu ima i svoj prigodni pe\u010dat.<\/span><\/p>\n<p style=\"text-align: justify;\"><img loading=\"lazy\" decoding=\"async\" src=\"https:\/\/www.slavonski-planinari.hr\/arhiva\/wp-content\/uploads\/2023\/01\/gazije_2014.jpg\" width=\"809\" height=\"552\" alt=\"\" class=\"wp-image-2464 aligncenter size-full\" srcset=\"https:\/\/www.slavonski-planinari.hr\/arhiva\/wp-content\/uploads\/2023\/01\/gazije_2014.jpg 809w, https:\/\/www.slavonski-planinari.hr\/arhiva\/wp-content\/uploads\/2023\/01\/gazije_2014-480x328.jpg 480w\" sizes=\"(min-width: 0px) and (max-width: 480px) 480px, (min-width: 481px) 809px, 100vw\" \/><\/p>\n<p style=\"text-align: justify;\">Ovogodi\u0161nji Pohod je u znaku 120 obljetnice planinarstva u Slavoniji.<\/p>\n<p style=\"text-align: justify;\"><span>Vi\u0161e informacija potra\u017eite\u00a0<\/span><a href=\"https:\/\/www.slavonski-planinari.hr\/arhiva\/wp-content\/uploads\/2023\/01\/Poziv-i-program-5-pohoda-SP1.pdf\">ovdje&#8230;<\/a><\/p>\n<\/div>\n<p>[\/et_pb_text][\/et_pb_column][\/et_pb_row][\/et_pb_section]<\/p>\n","protected":false},"excerpt":{"rendered":"<p>Dragi prijatelji, planinarke i planinari, pozivamo vas na peti &#8220;Pohod slavonskim planinama&#8221;.\u00a0 Nastavljamo tamo gdje smo stali prije godinu dana. Pozivamo i sve koji nisu bili s\u00a0nama na prvom, drugom, tre\u0107em ili \u010detvrtom Pohodu da nam se pridru\u017ee &#8211; trasom SPP-a,\u00a0Papukom od Jankovca preko Zve\u010deva do pl. doma Petrov vrh kod Daruvara. Time zavr\u0161avamo prvi [&hellip;]<\/p>\n","protected":false},"author":1,"featured_media":0,"comment_status":"closed","ping_status":"open","sticky":false,"template":"","format":"standard","meta":{"_et_pb_use_builder":"on","_et_pb_old_content":"","_et_gb_content_width":"1080","footnotes":""},"categories":[29],"tags":[],"class_list":["post-2461","post","type-post","status-publish","format-standard","hentry","category-29"],"_links":{"self":[{"href":"https:\/\/www.slavonski-planinari.hr\/arhiva\/wp-json\/wp\/v2\/posts\/2461","targetHints":{"allow":["GET"]}}],"collection":[{"href":"https:\/\/www.slavonski-planinari.hr\/arhiva\/wp-json\/wp\/v2\/posts"}],"about":[{"href":"https:\/\/www.slavonski-planinari.hr\/arhiva\/wp-json\/wp\/v2\/types\/post"}],"author":[{"embeddable":true,"href":"https:\/\/www.slavonski-planinari.hr\/arhiva\/wp-json\/wp\/v2\/users\/1"}],"replies":[{"embeddable":true,"href":"https:\/\/www.slavonski-planinari.hr\/arhiva\/wp-json\/wp\/v2\/comments?post=2461"}],"version-history":[{"count":0,"href":"https:\/\/www.slavonski-planinari.hr\/arhiva\/wp-json\/wp\/v2\/posts\/2461\/revisions"}],"wp:attachment":[{"href":"https:\/\/www.slavonski-planinari.hr\/arhiva\/wp-json\/wp\/v2\/media?parent=2461"}],"wp:term":[{"taxonomy":"category","embeddable":true,"href":"https:\/\/www.slavonski-planinari.hr\/arhiva\/wp-json\/wp\/v2\/categories?post=2461"},{"taxonomy":"post_tag","embeddable":true,"href":"https:\/\/www.slavonski-planinari.hr\/arhiva\/wp-json\/wp\/v2\/tags?post=2461"}],"curies":[{"name":"wp","href":"https:\/\/api.w.org\/{rel}","templated":true}]}}