{"id":2433,"date":"2015-04-16T14:30:00","date_gmt":"2015-04-16T13:30:00","guid":{"rendered":"https:\/\/www.slavonski-planinari.hr\/arhiva\/?p=2433"},"modified":"2023-01-09T14:35:34","modified_gmt":"2023-01-09T13:35:34","slug":"beliscanski-podravski-pjesacki-put-4","status":"publish","type":"post","link":"https:\/\/www.slavonski-planinari.hr\/arhiva\/beliscanski-podravski-pjesacki-put-4\/","title":{"rendered":"Beli\u0161\u0107anski podravski pje\u0161a\u010dki put"},"content":{"rendered":"<p>[et_pb_section fb_built=&#8221;1&#8243; theme_builder_area=&#8221;post_content&#8221; _builder_version=&#8221;4.19.4&#8243; _module_preset=&#8221;default&#8221;][et_pb_row _builder_version=&#8221;4.19.4&#8243; _module_preset=&#8221;default&#8221; theme_builder_area=&#8221;post_content&#8221;][et_pb_column _builder_version=&#8221;4.19.4&#8243; _module_preset=&#8221;default&#8221; type=&#8221;4_4&#8243; theme_builder_area=&#8221;post_content&#8221;][et_pb_text _builder_version=&#8221;4.19.4&#8243; _module_preset=&#8221;default&#8221; theme_builder_area=&#8221;post_content&#8221; hover_enabled=&#8221;0&#8243; sticky_enabled=&#8221;0&#8243;]<\/p>\n<div class=\"itemIntroText\">\n<p style=\"text-align: justify;\"><span>Najve\u0107e okupljanje planinara na na\u0161em podru\u010dju, Beli\u0161\u0107anski podravski pje\u0161a\u010dki put, zapo\u010delo je u subotu 11.04.2015. godine u prijepodnevnim satima, trajao tijekom cijelog dana, uz \u0161etnju, a nastavio se u nedjelju, posjetom Beli\u0161\u0107u i Valpovu i njihovim znamenitostima.\u00a0<\/span><\/p>\n<p style=\"text-align: justify;\">Okupljanje planinara zapo\u010delo je jo\u0161 u petak, kad su nam stigli gosti iz \u00a0BiH \u2013 iz Maglaja, za koje smo osigurali smje\u0161taj.<\/p>\n<p style=\"text-align: justify;\"><span>Okupljanje je organizirano ispred prostorija Kajak kluba, gdje smo do\u010dekali svje\u017eim pecivom, toplim \u010dajem i rakijom \u0161ljivovicom.<\/span><\/p>\n<\/div>\n<div class=\"itemFullText\">\n<p style=\"text-align: justify;\"><img loading=\"lazy\" decoding=\"async\" src=\"https:\/\/www.slavonski-planinari.hr\/arhiva\/wp-content\/uploads\/2023\/01\/belisce_001.jpg\" width=\"599\" height=\"341\" alt=\"\" class=\"wp-image-2435 aligncenter size-full\" srcset=\"https:\/\/www.slavonski-planinari.hr\/arhiva\/wp-content\/uploads\/2023\/01\/belisce_001.jpg 599w, https:\/\/www.slavonski-planinari.hr\/arhiva\/wp-content\/uploads\/2023\/01\/belisce_001-480x273.jpg 480w\" sizes=\"(min-width: 0px) and (max-width: 480px) 480px, (min-width: 481px) 599px, 100vw\" \/>\u00a0<\/p>\n<p style=\"text-align: justify;\"><span>Odazivali su nam planinari iz \u00a0Slavonije i iz susjedne \u00a0BIH.\u00a0<\/span>\u00a0<\/p>\n<p style=\"text-align: justify;\"><img loading=\"lazy\" decoding=\"async\" src=\"https:\/\/www.slavonski-planinari.hr\/arhiva\/wp-content\/uploads\/2023\/01\/belisce_002.jpg\" width=\"599\" height=\"341\" alt=\"\" class=\"wp-image-2436 aligncenter size-full\" srcset=\"https:\/\/www.slavonski-planinari.hr\/arhiva\/wp-content\/uploads\/2023\/01\/belisce_002.jpg 599w, https:\/\/www.slavonski-planinari.hr\/arhiva\/wp-content\/uploads\/2023\/01\/belisce_002-480x273.jpg 480w\" sizes=\"(min-width: 0px) and (max-width: 480px) 480px, (min-width: 481px) 599px, 100vw\" \/>\u00a0<\/p>\n<p style=\"text-align: justify;\"><span>Pridru\u017eili su nam se izvi\u0111a\u010di &#8220;Iovallios&#8221; Valpovo te dva razreda u\u010denika iz Osnovne \u0161kole Beli\u0161\u0107a sa svojim u\u010diteljicama.<\/span><\/p>\n<p style=\"text-align: justify;\"><img loading=\"lazy\" decoding=\"async\" src=\"https:\/\/www.slavonski-planinari.hr\/arhiva\/wp-content\/uploads\/2023\/01\/belisce_003.jpg\" width=\"599\" height=\"341\" alt=\"\" class=\"wp-image-2437 aligncenter size-full\" srcset=\"https:\/\/www.slavonski-planinari.hr\/arhiva\/wp-content\/uploads\/2023\/01\/belisce_003.jpg 599w, https:\/\/www.slavonski-planinari.hr\/arhiva\/wp-content\/uploads\/2023\/01\/belisce_003-480x273.jpg 480w\" sizes=\"(min-width: 0px) and (max-width: 480px) 480px, (min-width: 481px) 599px, 100vw\" \/><\/p>\n<p style=\"text-align: justify;\">\u00a0Skupu je bilo nazo\u010dno vi\u0161e do 200 sudionika.<\/p>\n<p style=\"text-align: justify;\"><img loading=\"lazy\" decoding=\"async\" src=\"https:\/\/www.slavonski-planinari.hr\/arhiva\/wp-content\/uploads\/2023\/01\/belisce_005.jpg\" width=\"599\" height=\"341\" alt=\"\" class=\"wp-image-2439 aligncenter size-full\" srcset=\"https:\/\/www.slavonski-planinari.hr\/arhiva\/wp-content\/uploads\/2023\/01\/belisce_005.jpg 599w, https:\/\/www.slavonski-planinari.hr\/arhiva\/wp-content\/uploads\/2023\/01\/belisce_005-480x273.jpg 480w\" sizes=\"(min-width: 0px) and (max-width: 480px) 480px, (min-width: 481px) 599px, 100vw\" \/><\/p>\n<p style=\"text-align: justify;\">Planinari okupljeni podno mosta 107 Hrvatske brigade, ovaj su put brda i planine odlu\u010dili zamijeniti ravnicom.<\/p>\n<p style=\"text-align: justify;\">Pozdravne rije\u010di dobrodo\u0161lice uputio je predsjednika dru\u0161tva Zdenka Kova\u010da te zamjenik gradona\u010delnika Beli\u0161\u0107a Domagoj Var\u017ei\u0107.\u00a0<\/p>\n<p style=\"text-align: justify;\"><img loading=\"lazy\" decoding=\"async\" src=\"https:\/\/www.slavonski-planinari.hr\/arhiva\/wp-content\/uploads\/2023\/01\/belisce_004.jpg\" width=\"599\" height=\"341\" alt=\"\" class=\"wp-image-2438 aligncenter size-full\" srcset=\"https:\/\/www.slavonski-planinari.hr\/arhiva\/wp-content\/uploads\/2023\/01\/belisce_004.jpg 599w, https:\/\/www.slavonski-planinari.hr\/arhiva\/wp-content\/uploads\/2023\/01\/belisce_004-480x273.jpg 480w\" sizes=\"(min-width: 0px) and (max-width: 480px) 480px, (min-width: 481px) 599px, 100vw\" \/><\/p>\n<p style=\"text-align: justify;\">Nakon pozdravnih rije\u010di dobrodo\u0161lice uputili smo se na pje\u0161a\u010dke ture uz obalu rijeke Drave od kojih je kra\u0107a trajala 3, a du\u017ea oko 6 sati.<\/p>\n<p style=\"text-align: justify;\">Hodali smo su uz obalu Drave do\u0161li do mjesta gdje se mo\u017ee spustiti u korito Drave ( zahvaljuju\u0107i niskom vodostaju ) i hodati stotinjak metara po dravskom pijesku..\u00a0<\/p>\n<p style=\"text-align: justify;\"><img loading=\"lazy\" decoding=\"async\" src=\"https:\/\/www.slavonski-planinari.hr\/arhiva\/wp-content\/uploads\/2023\/01\/belisce_006.jpg\" width=\"599\" height=\"341\" alt=\"\" class=\"wp-image-2440 aligncenter size-full\" srcset=\"https:\/\/www.slavonski-planinari.hr\/arhiva\/wp-content\/uploads\/2023\/01\/belisce_006.jpg 599w, https:\/\/www.slavonski-planinari.hr\/arhiva\/wp-content\/uploads\/2023\/01\/belisce_006-480x273.jpg 480w\" sizes=\"(min-width: 0px) and (max-width: 480px) 480px, (min-width: 481px) 599px, 100vw\" \/><\/p>\n<p style=\"text-align: justify;\">To je predivan \u00a0prizor i osje\u0107aj \u00a0kao da si u pustinjskoj oazi.\u00a0<\/p>\n<p style=\"text-align: justify;\">Tu smo se razdvojili, grupa je krenula kra\u0107om stazom do odmori\u0161ta kod sveti\u0161ta Sv. Ana, a druga du\u017eom stazom do na\u0161eg odmori\u0161ta u blizini vodocrpili\u0161ta kod Gata. Nakon odmora na na\u0161em odmori\u0161tu \u00a0krenuli smo kroz \u0161umu i uz baru Jugova\u010du, te do sveti\u0161ta Sv. Ana \u00a0i vratili se na \u00a0&#8211; Kajak klub.\u00a0<\/p>\n<p style=\"text-align: justify;\"><img loading=\"lazy\" decoding=\"async\" src=\"https:\/\/www.slavonski-planinari.hr\/arhiva\/wp-content\/uploads\/2023\/01\/belisce_007.jpg\" width=\"599\" height=\"341\" alt=\"\" class=\"wp-image-2441 aligncenter size-full\" srcset=\"https:\/\/www.slavonski-planinari.hr\/arhiva\/wp-content\/uploads\/2023\/01\/belisce_007.jpg 599w, https:\/\/www.slavonski-planinari.hr\/arhiva\/wp-content\/uploads\/2023\/01\/belisce_007-480x273.jpg 480w\" sizes=\"(min-width: 0px) and (max-width: 480px) 480px, (min-width: 481px) 599px, 100vw\" \/><\/p>\n<p style=\"text-align: justify;\">Sudionike pohoda pratili su pripadnici HGSS-a \u00a0Osijek.<\/p>\n<p style=\"text-align: justify;\">Nakon povratka u prostoru Kajak kluba nastavili smo dru\u017eenje uz planinarski grah, osvje\u017eavaju\u0107a pi\u0107a, te kola\u010de koje su i ovog puta pripremile na\u0161e planinarke.<\/p>\n<p style=\"text-align: justify;\"><img loading=\"lazy\" decoding=\"async\" src=\"https:\/\/www.slavonski-planinari.hr\/arhiva\/wp-content\/uploads\/2023\/01\/belisce_008.jpg\" width=\"599\" height=\"341\" alt=\"\" class=\"wp-image-2442 aligncenter size-full\" srcset=\"https:\/\/www.slavonski-planinari.hr\/arhiva\/wp-content\/uploads\/2023\/01\/belisce_008.jpg 599w, https:\/\/www.slavonski-planinari.hr\/arhiva\/wp-content\/uploads\/2023\/01\/belisce_008-480x273.jpg 480w\" sizes=\"(min-width: 0px) and (max-width: 480px) 480px, (min-width: 481px) 599px, 100vw\" \/><\/p>\n<p style=\"text-align: justify;\">\u0160lag na predivan dan prepun dojmova bio je planinarska veselica u ve\u010dernjim satima u subotu te prilika koja im se pru\u017eila u nedjelju, obilazak grada Beli\u0161\u0107a i Valpva. Posjetili su \u00a0valpova\u010dki dvorc Normann-Prandau sa srednjovjekovnom kulom i valpova\u010dkim perivojem.\u00a0<\/p>\n<p style=\"text-align: justify;\"><img loading=\"lazy\" decoding=\"async\" src=\"https:\/\/www.slavonski-planinari.hr\/arhiva\/wp-content\/uploads\/2023\/01\/belisce_009.jpg\" width=\"599\" height=\"341\" alt=\"\" class=\"wp-image-2443 aligncenter size-full\" srcset=\"https:\/\/www.slavonski-planinari.hr\/arhiva\/wp-content\/uploads\/2023\/01\/belisce_009.jpg 599w, https:\/\/www.slavonski-planinari.hr\/arhiva\/wp-content\/uploads\/2023\/01\/belisce_009-480x273.jpg 480w\" sizes=\"(min-width: 0px) and (max-width: 480px) 480px, (min-width: 481px) 599px, 100vw\" \/><\/p>\n<p style=\"text-align: justify;\">Otpratili smo planinare iz BiH u poslijepodnevnim satima.<\/p>\n<p style=\"text-align: justify;\"><img loading=\"lazy\" decoding=\"async\" src=\"https:\/\/www.slavonski-planinari.hr\/arhiva\/wp-content\/uploads\/2023\/01\/belisce_010.jpg\" width=\"521\" height=\"777\" alt=\"\" class=\"wp-image-2444 aligncenter size-full\" srcset=\"https:\/\/www.slavonski-planinari.hr\/arhiva\/wp-content\/uploads\/2023\/01\/belisce_010.jpg 521w, https:\/\/www.slavonski-planinari.hr\/arhiva\/wp-content\/uploads\/2023\/01\/belisce_010-480x716.jpg 480w\" sizes=\"(min-width: 0px) and (max-width: 480px) 480px, (min-width: 481px) 521px, 100vw\" \/><\/p>\n<p style=\"text-align: justify;\">Kak smo ranije imali najavu za posjet na\u0161oj stazi oko 16 sati sti\u017eu nam gosti iz Pakraca.<\/p>\n<p style=\"text-align: justify;\"><img loading=\"lazy\" decoding=\"async\" src=\"https:\/\/www.slavonski-planinari.hr\/arhiva\/wp-content\/uploads\/2023\/01\/belisce_011.jpg\" width=\"599\" height=\"341\" alt=\"\" class=\"wp-image-2445 aligncenter size-full\" srcset=\"https:\/\/www.slavonski-planinari.hr\/arhiva\/wp-content\/uploads\/2023\/01\/belisce_011.jpg 599w, https:\/\/www.slavonski-planinari.hr\/arhiva\/wp-content\/uploads\/2023\/01\/belisce_011-480x273.jpg 480w\" sizes=\"(min-width: 0px) and (max-width: 480px) 480px, (min-width: 481px) 599px, 100vw\" \/><\/p>\n<p style=\"text-align: justify;\">Pakra\u010dani pri \u00a0povratku iz Kopa\u010dkog rita dolaze do Sv. Ana i s njima smo pro\u0161li kra\u0107i dio staze.<\/p>\n<p style=\"text-align: justify;\"><img loading=\"lazy\" decoding=\"async\" src=\"https:\/\/www.slavonski-planinari.hr\/arhiva\/wp-content\/uploads\/2023\/01\/belisce_012.jpg\" width=\"599\" height=\"341\" alt=\"\" class=\"wp-image-2446 aligncenter size-full\" srcset=\"https:\/\/www.slavonski-planinari.hr\/arhiva\/wp-content\/uploads\/2023\/01\/belisce_012.jpg 599w, https:\/\/www.slavonski-planinari.hr\/arhiva\/wp-content\/uploads\/2023\/01\/belisce_012-480x273.jpg 480w\" sizes=\"(min-width: 0px) and (max-width: 480px) 480px, (min-width: 481px) 599px, 100vw\" \/><\/p>\n<p style=\"text-align: justify;\">Hodali \u00a0pije\u0161\u010danim sprudom na Dravi, te kroz \u0161umu na na\u0161e odmori\u0161te. Uz kratku stanku na odmori\u0161tu \u00a0kre\u0107emo kroz \u0161umu i uz baru Jugova\u010du , pa uz \u017eitna polja do sveti\u0161ta Sv. Ana<\/p>\n<p style=\"text-align: justify;\"><img loading=\"lazy\" decoding=\"async\" src=\"https:\/\/www.slavonski-planinari.hr\/arhiva\/wp-content\/uploads\/2023\/01\/belisce_013.jpg\" width=\"599\" height=\"341\" alt=\"\" class=\"wp-image-2447 aligncenter size-full\" srcset=\"https:\/\/www.slavonski-planinari.hr\/arhiva\/wp-content\/uploads\/2023\/01\/belisce_013.jpg 599w, https:\/\/www.slavonski-planinari.hr\/arhiva\/wp-content\/uploads\/2023\/01\/belisce_013-480x273.jpg 480w\" sizes=\"(min-width: 0px) and (max-width: 480px) 480px, (min-width: 481px) 599px, 100vw\" \/><\/p>\n<p style=\"text-align: justify;\">Pozdravljamo se s na\u0161im gostima uz sretan put i do\u0111ite nam opet.<\/p>\n<p style=\"text-align: right;\"><span>Mila Andri\u0107<\/span><\/p>\n<\/div>\n<p>[\/et_pb_text][\/et_pb_column][\/et_pb_row][\/et_pb_section]<\/p>\n","protected":false},"excerpt":{"rendered":"<p>Najve\u0107e okupljanje planinara na na\u0161em podru\u010dju, Beli\u0161\u0107anski podravski pje\u0161a\u010dki put, zapo\u010delo je u subotu 11.04.2015. godine u prijepodnevnim satima, trajao tijekom cijelog dana, uz \u0161etnju, a nastavio se u nedjelju, posjetom Beli\u0161\u0107u i Valpovu i njihovim znamenitostima.\u00a0 Okupljanje planinara zapo\u010delo je jo\u0161 u petak, kad su nam stigli gosti iz \u00a0BiH \u2013 iz Maglaja, za [&hellip;]<\/p>\n","protected":false},"author":1,"featured_media":0,"comment_status":"closed","ping_status":"open","sticky":false,"template":"","format":"standard","meta":{"_et_pb_use_builder":"on","_et_pb_old_content":"","_et_gb_content_width":"1080","footnotes":""},"categories":[29],"tags":[],"class_list":["post-2433","post","type-post","status-publish","format-standard","hentry","category-29"],"_links":{"self":[{"href":"https:\/\/www.slavonski-planinari.hr\/arhiva\/wp-json\/wp\/v2\/posts\/2433","targetHints":{"allow":["GET"]}}],"collection":[{"href":"https:\/\/www.slavonski-planinari.hr\/arhiva\/wp-json\/wp\/v2\/posts"}],"about":[{"href":"https:\/\/www.slavonski-planinari.hr\/arhiva\/wp-json\/wp\/v2\/types\/post"}],"author":[{"embeddable":true,"href":"https:\/\/www.slavonski-planinari.hr\/arhiva\/wp-json\/wp\/v2\/users\/1"}],"replies":[{"embeddable":true,"href":"https:\/\/www.slavonski-planinari.hr\/arhiva\/wp-json\/wp\/v2\/comments?post=2433"}],"version-history":[{"count":0,"href":"https:\/\/www.slavonski-planinari.hr\/arhiva\/wp-json\/wp\/v2\/posts\/2433\/revisions"}],"wp:attachment":[{"href":"https:\/\/www.slavonski-planinari.hr\/arhiva\/wp-json\/wp\/v2\/media?parent=2433"}],"wp:term":[{"taxonomy":"category","embeddable":true,"href":"https:\/\/www.slavonski-planinari.hr\/arhiva\/wp-json\/wp\/v2\/categories?post=2433"},{"taxonomy":"post_tag","embeddable":true,"href":"https:\/\/www.slavonski-planinari.hr\/arhiva\/wp-json\/wp\/v2\/tags?post=2433"}],"curies":[{"name":"wp","href":"https:\/\/api.w.org\/{rel}","templated":true}]}}