{"id":2430,"date":"2015-04-08T14:27:00","date_gmt":"2015-04-08T13:27:00","guid":{"rendered":"https:\/\/www.slavonski-planinari.hr\/arhiva\/?p=2430"},"modified":"2023-01-09T14:30:19","modified_gmt":"2023-01-09T13:30:19","slug":"beliscanski-podravski-pjesacki-put-2015","status":"publish","type":"post","link":"https:\/\/www.slavonski-planinari.hr\/arhiva\/beliscanski-podravski-pjesacki-put-2015\/","title":{"rendered":"Beli\u0161\u0107anski podravski pje\u0161a\u010dki put 2015."},"content":{"rendered":"<p>[et_pb_section fb_built=&#8221;1&#8243; theme_builder_area=&#8221;post_content&#8221; _builder_version=&#8221;4.19.4&#8243; _module_preset=&#8221;default&#8221;][et_pb_row _builder_version=&#8221;4.19.4&#8243; _module_preset=&#8221;default&#8221; theme_builder_area=&#8221;post_content&#8221;][et_pb_column _builder_version=&#8221;4.19.4&#8243; _module_preset=&#8221;default&#8221; type=&#8221;4_4&#8243; theme_builder_area=&#8221;post_content&#8221;][et_pb_text _builder_version=&#8221;4.19.4&#8243; _module_preset=&#8221;default&#8221; theme_builder_area=&#8221;post_content&#8221; hover_enabled=&#8221;0&#8243; sticky_enabled=&#8221;0&#8243;]<\/p>\n<div class=\"itemIntroText\">\n<p style=\"text-align: justify;\"><span><img loading=\"lazy\" decoding=\"async\" src=\"https:\/\/www.slavonski-planinari.hr\/arhiva\/wp-content\/uploads\/2023\/01\/hpd_belisce.jpg\" width=\"139\" height=\"96\" alt=\"\" class=\"wp-image-1450 alignleft size-full\" srcset=\"https:\/\/www.slavonski-planinari.hr\/arhiva\/wp-content\/uploads\/2023\/01\/hpd_belisce.jpg 309w, https:\/\/www.slavonski-planinari.hr\/arhiva\/wp-content\/uploads\/2023\/01\/hpd_belisce-300x208.jpg 300w\" sizes=\"(max-width: 139px) 100vw, 139px\" \/>Dragi prijatelji,\u00a0<\/span><span>HPD Beli\u0161\u0107e Vas poziva da sudjelujete na Beli\u0161\u0107anskom podravskom pje\u0161a\u010dkom put (BPPP).<\/span><\/p>\n<p style=\"text-align: justify;\"><span><\/span><\/p>\n<p style=\"text-align: justify;\"><span><\/span><\/p>\n<p style=\"text-align: justify;\"><span><\/span><\/p>\n<p style=\"text-align: justify;\"><span><\/span><\/p>\n<p style=\"text-align: justify;\"><span><\/span><\/p>\n<p style=\"text-align: justify;\"><span>Program:<\/span><\/p>\n<p style=\"text-align: justify;\"><strong>Subota \u2013 11. 04. 2015.g.<\/strong><\/p>\n<ul style=\"text-align: justify;\">\n<li><span>08:00 &#8211; \u00a09:00 sati &#8211;\u00a0<\/span><span>Okupljanje planinara kod \u201eKAJAK KLUBA\u201c Beli\u0161\u0107e uz prigodnu okrijepu;<\/span><\/li>\n<li><span>09:00 &#8211; 14:00 sati &#8211;\u00a0<\/span><span>Pozdrav doma\u0107ina i polazak na stazu\u00a0<\/span><span>(kra\u0107a 3 sata, du\u017ea 6 sati) uz doma\u0107e vodi\u010de;<\/span><\/li>\n<li><span>14:00 &#8211; 16:00 sati &#8211;\u00a0<\/span><span>Ru\u010dak \u2013 grah (porcija 20 kn.)<\/span><\/li>\n<li><span>16:00 &#8211; 24:00 sata &#8211;\u00a0<\/span><span>Planinarska veselica uz glazbu i bogat izbor pi\u0107a\u00a0<\/span><\/li>\n<\/ul>\n<\/div>\n<div class=\"itemFullText\">\n<p style=\"text-align: justify;\"><span>Pored navedenog ponudit \u0107emo i dodatne zanimljive sadr\u017eaje.<\/span><\/p>\n<p style=\"text-align: justify;\"><span>S veseljem i zadovoljstvom o\u010dekujemo Va\u0161u prijavu i \u00a0dolazak!<\/span><\/p>\n<p style=\"text-align: justify;\"><strong><span>Kontakt osobe:<\/span><\/strong><\/p>\n<p style=\"text-align: justify;\">Zdenko Kova\u010d \u2013 098 464 968<br \/><span>Nada Donkovi\u0107 \u2013 098 822 572<br \/><\/span><span>e-mail:\u00a0<span id=\"cloakd0c12896a3734a289931a90e65a7bd2d\"><a href=\"mailto:hpd.belisce@gmail.com\">hpd.belisce@gmail.com<\/a><\/span><br \/><\/span><span>www.hpd-belisce.hr<\/span><\/p>\n<\/div>\n<p>[\/et_pb_text][\/et_pb_column][\/et_pb_row][\/et_pb_section]<\/p>\n","protected":false},"excerpt":{"rendered":"<p>Dragi prijatelji,\u00a0HPD Beli\u0161\u0107e Vas poziva da sudjelujete na Beli\u0161\u0107anskom podravskom pje\u0161a\u010dkom put (BPPP). Program: Subota \u2013 11. 04. 2015.g. 08:00 &#8211; \u00a09:00 sati &#8211;\u00a0Okupljanje planinara kod \u201eKAJAK KLUBA\u201c Beli\u0161\u0107e uz prigodnu okrijepu; 09:00 &#8211; 14:00 sati &#8211;\u00a0Pozdrav doma\u0107ina i polazak na stazu\u00a0(kra\u0107a 3 sata, du\u017ea 6 sati) uz doma\u0107e vodi\u010de; 14:00 &#8211; 16:00 sati &#8211;\u00a0Ru\u010dak [&hellip;]<\/p>\n","protected":false},"author":1,"featured_media":0,"comment_status":"closed","ping_status":"open","sticky":false,"template":"","format":"standard","meta":{"_et_pb_use_builder":"on","_et_pb_old_content":"","_et_gb_content_width":"1080","footnotes":""},"categories":[29],"tags":[],"class_list":["post-2430","post","type-post","status-publish","format-standard","hentry","category-29"],"_links":{"self":[{"href":"https:\/\/www.slavonski-planinari.hr\/arhiva\/wp-json\/wp\/v2\/posts\/2430","targetHints":{"allow":["GET"]}}],"collection":[{"href":"https:\/\/www.slavonski-planinari.hr\/arhiva\/wp-json\/wp\/v2\/posts"}],"about":[{"href":"https:\/\/www.slavonski-planinari.hr\/arhiva\/wp-json\/wp\/v2\/types\/post"}],"author":[{"embeddable":true,"href":"https:\/\/www.slavonski-planinari.hr\/arhiva\/wp-json\/wp\/v2\/users\/1"}],"replies":[{"embeddable":true,"href":"https:\/\/www.slavonski-planinari.hr\/arhiva\/wp-json\/wp\/v2\/comments?post=2430"}],"version-history":[{"count":0,"href":"https:\/\/www.slavonski-planinari.hr\/arhiva\/wp-json\/wp\/v2\/posts\/2430\/revisions"}],"wp:attachment":[{"href":"https:\/\/www.slavonski-planinari.hr\/arhiva\/wp-json\/wp\/v2\/media?parent=2430"}],"wp:term":[{"taxonomy":"category","embeddable":true,"href":"https:\/\/www.slavonski-planinari.hr\/arhiva\/wp-json\/wp\/v2\/categories?post=2430"},{"taxonomy":"post_tag","embeddable":true,"href":"https:\/\/www.slavonski-planinari.hr\/arhiva\/wp-json\/wp\/v2\/tags?post=2430"}],"curies":[{"name":"wp","href":"https:\/\/api.w.org\/{rel}","templated":true}]}}