{"id":2426,"date":"2015-04-08T14:25:00","date_gmt":"2015-04-08T13:25:00","guid":{"rendered":"https:\/\/www.slavonski-planinari.hr\/arhiva\/?p=2426"},"modified":"2023-01-09T14:27:04","modified_gmt":"2023-01-09T13:27:04","slug":"in-memoriam-duro-turkovic","status":"publish","type":"post","link":"https:\/\/www.slavonski-planinari.hr\/arhiva\/in-memoriam-duro-turkovic\/","title":{"rendered":"In memoriam &#8211; \u0110uro Turkovi\u0107"},"content":{"rendered":"<p>[et_pb_section fb_built=&#8221;1&#8243; theme_builder_area=&#8221;post_content&#8221; _builder_version=&#8221;4.19.4&#8243; _module_preset=&#8221;default&#8221;][et_pb_row _builder_version=&#8221;4.19.4&#8243; _module_preset=&#8221;default&#8221; theme_builder_area=&#8221;post_content&#8221;][et_pb_column _builder_version=&#8221;4.19.4&#8243; _module_preset=&#8221;default&#8221; type=&#8221;4_4&#8243; theme_builder_area=&#8221;post_content&#8221;][et_pb_text _builder_version=&#8221;4.19.4&#8243; _module_preset=&#8221;default&#8221; theme_builder_area=&#8221;post_content&#8221; hover_enabled=&#8221;0&#8243; sticky_enabled=&#8221;0&#8243;]<\/p>\n<div class=\"itemIntroText\">\n<p style=\"text-align: justify;\"><img loading=\"lazy\" decoding=\"async\" src=\"https:\/\/www.slavonski-planinari.hr\/arhiva\/wp-content\/uploads\/2023\/01\/djuro_turkovic.jpg\" width=\"136\" height=\"171\" alt=\"\" class=\"wp-image-2428 alignleft size-full\" \/>Dragi na\u0161 Ture!<\/p>\n<p style=\"text-align: justify;\">Od kog se danas opra\u0161tamo? &#8211; Od Tureta, od Branka ili od \u0110ure?<\/p>\n<p style=\"text-align: justify;\">Bolji poznavatelji prepoznaju istoga \u010dovjeka, vje\u010dito veselog, dru\u017eeljubivog planinara (po potrebi iz Osijeka ili Na\u0161ica, ali uvijek Slavonca) ili raspjevanog pjeva\u010da u Zrinjskom ili nadaleko poznatog poslovo\u0111u iz Planike u Osijeku.<\/p>\n<p style=\"text-align: justify;\">Po\u010detkom daleke 1932. godine, to\u010dnije 5. sije\u010dnja u Na\u0161icama rodio se \u0110uro Turkovi\u0107. \u0160kolovao se, stekao obitelj, prvo zaposlenje , sve u Na\u0161icama. Tako\u0111er, krajem 1962. je me\u0111u osniva\u010dima \u2013 obnoviteljima Planinarskog dru\u0161tva \u201cKrndija\u201c u Na\u0161icama.<\/p>\n<\/div>\n<div class=\"itemFullText\">\n<p style=\"text-align: justify;\"><span>Poslovo\u0111a predavaonice cipela Planika u Osijeku postaje 1967,g, i na tom je radnom mjestu do umirovljenja. Dvije je godine svaki dan putovao na posao u Osijek, a od 1969g. je sa porodicom stanovnik Osijeka. Na\u0161icama se je stalno vra\u0107ao. Da je autobus planinara iz Osijeka preko Na\u0161ica krenuo na put oko svijeta, Ture bi autobus zastavio u Na\u0161icama jer on mora\u2026- ne\u0161to? \u00a0Rijetko vi\u0111ena privr\u017eenost rodnom kraju.<\/span><\/p>\n<p style=\"text-align: justify;\"><span>U Na\u0161icama je pri osnivanju Planinarskog dru\u0161tva, izabran za tajnika dru\u0161tva, te ubrzo i za \u010dlana Planinarskog odbora Slavonije.<\/span><\/p>\n<p style=\"text-align: justify;\">Po preseljenju u Osijek u\u010dlanjuje se u Planinarsko dru\u0161tvo Jankovac, a ve\u0107 po\u010detkom 1971. godine sa grupom prijatelja-planinara iz Jankovca formira novo Planinarsko dru\u0161tvo Zanatlija. U razdoblju 1979 \u2013 1980 obavljao je du\u017enost blagajnika, a kasnije u mandatu 1980 \u2013 1984 je \u00a0i predsjednik dru\u0161tva.<\/p>\n<p style=\"text-align: justify;\">Od prvog dana u planinarenja \u017eelio je obi\u0107i \u0161to vi\u0161e planina iz svih krajeva. Me\u0111u prvima transverzalama obi\u0161ao je Planinarski put Medvednicom. Upravo zahvaljuju\u0107i tom pohodu, u budu\u0107em planinarskom \u017eivotu posebno su ga zanimale transverzale. Obi\u0161ao ih je preko 40: sve slavonske, velebitsku, ostale po Hrvatskoj, te ostalih susjednih dr\u017eava.<\/p>\n<p style=\"text-align: justify;\">Prilikom obilaska planinarskih staza i pohoda upoznao je mnogo planinarki i planinara s kojima je proveo lijepe i ugodne trenutke. Kada ga upoznajete, obi\u010dno se predstavlja sa vi\u0161e imena- na\u0161i\u010dki Branko, osje\u010dki \u0110uro i planinarski Ture. Prepoznatljiv je bio po \u0161aljivim pjesni\u010dkim napjevima i recitalima koje nabraja u valovima na op\u0107e veselje sudionika pohoda. Na stazi ste ga mogli uo\u010diti po \u00a0zanimljivom Kekecovom \u0161e\u0161iru punom planinarskih zna\u010daka i \u0161tapu tko zna kada nabavljenom, i\u0161aranom mno\u0161tvom \u010dudnih oznaka, vjerojatno samo njemu prepoznatljivim.<\/p>\n<p style=\"text-align: justify;\">Razne dosjetke iz njega frcaju kao iz logorske vatre. Zapo\u010detu pjesmu u hodu ili u smiraju ubrzo prihva\u0107a ve\u0107ina planinara, onako bez pratnje instrumenata, spontano i veselo. To pjeva na\u0161 Branko, \u0110uro, Ture..<\/p>\n<p style=\"text-align: justify;\">Planinare\u0107i u grupi nikada nije \u017eurio, moto mu je &#8211; polako, dan duga\u010dak gazda malo plati.<\/p>\n<p style=\"text-align: justify;\">Bio je planinarski vodi\u010d dru\u0161tvenih izleta i markacista.<\/p>\n<p style=\"text-align: justify;\">Jedan je od pokreta\u010da bratimljenja planinarskih dru\u0161tava \u00a0Zanatlija Zagreb, Viso\u010dica iz Visokog, Zorka iz Subotice, sa Zanatlijama iz Osijeka.<\/p>\n<p style=\"text-align: justify;\">Godinama je uredno vodio planinarski dnevnik, tako da njegovu planinarsku arhivu krasi pet popunjenih dnevnika sa opisima planinarskih izleta.<\/p>\n<p style=\"text-align: justify;\">Za svoju nesebi\u010dnu plodnu aktivnost me\u0111u planinarima dobio je brojna priznanja \u2013 kao planinar u Na\u0161icama bron\u010dani znak HPS 1968.g. i srebrni znak 1973. g., a kao \u010dlan Zanatlija \u2013 zlatni znak HPS 1976. g., Plaketu HPS 1996.g., srebrni znak PSJ 1982.g. i zlatni znak PSJ 1988. g.<\/p>\n<p style=\"text-align: justify;\">Najve\u0107e priznanje svog mati\u010dnog dru\u0161tva Zanatlija \u2013 Po\u010dasni predsjednik dru\u0161tva. dobiva 1988 g. Zadnje planinarsko priznanje primio je 2013. godine od Slavonskog planinarskog saveza- priznanje \u201e\u0110uro Pilar\u201c za \u017eivotno djelo.<\/p>\n<p style=\"text-align: justify;\">Sve dok \u00a0je zdravlje dozvoljavalo, umirovljeni\u010dke dane je provodio u planini dru\u017ee\u0107i se sa planinarima, \u0161ire\u0107i mladolikost u du\u0161i \u0161eretski upozoravaju\u0107i na \u00a0umije\u0107a kojima je i ranije razveseljavao generacije planinara.<\/p>\n<p style=\"text-align: justify;\">Dragi prijatelju, sada kada si ugasio posljednju, ovaj puta \u017eivotnu svije\u0107u, i krenuo na put na koji \u0107emo prije ili kasnije svi krenuti, markiraj ga da kad do\u0111emo ne lutamo i do\u010dekaj nas kako si to uvijek \u010dinio.<\/p>\n<p style=\"text-align: justify;\">Neka ti je vje\u010dna slava i Hvala.<\/p>\n<\/div>\n<p>[\/et_pb_text][\/et_pb_column][\/et_pb_row][\/et_pb_section]<\/p>\n","protected":false},"excerpt":{"rendered":"<p>Dragi na\u0161 Ture! Od kog se danas opra\u0161tamo? &#8211; Od Tureta, od Branka ili od \u0110ure? Bolji poznavatelji prepoznaju istoga \u010dovjeka, vje\u010dito veselog, dru\u017eeljubivog planinara (po potrebi iz Osijeka ili Na\u0161ica, ali uvijek Slavonca) ili raspjevanog pjeva\u010da u Zrinjskom ili nadaleko poznatog poslovo\u0111u iz Planike u Osijeku. Po\u010detkom daleke 1932. godine, to\u010dnije 5. sije\u010dnja u [&hellip;]<\/p>\n","protected":false},"author":1,"featured_media":0,"comment_status":"closed","ping_status":"open","sticky":false,"template":"","format":"standard","meta":{"_et_pb_use_builder":"on","_et_pb_old_content":"","_et_gb_content_width":"1080","footnotes":""},"categories":[29],"tags":[],"class_list":["post-2426","post","type-post","status-publish","format-standard","hentry","category-29"],"_links":{"self":[{"href":"https:\/\/www.slavonski-planinari.hr\/arhiva\/wp-json\/wp\/v2\/posts\/2426","targetHints":{"allow":["GET"]}}],"collection":[{"href":"https:\/\/www.slavonski-planinari.hr\/arhiva\/wp-json\/wp\/v2\/posts"}],"about":[{"href":"https:\/\/www.slavonski-planinari.hr\/arhiva\/wp-json\/wp\/v2\/types\/post"}],"author":[{"embeddable":true,"href":"https:\/\/www.slavonski-planinari.hr\/arhiva\/wp-json\/wp\/v2\/users\/1"}],"replies":[{"embeddable":true,"href":"https:\/\/www.slavonski-planinari.hr\/arhiva\/wp-json\/wp\/v2\/comments?post=2426"}],"version-history":[{"count":0,"href":"https:\/\/www.slavonski-planinari.hr\/arhiva\/wp-json\/wp\/v2\/posts\/2426\/revisions"}],"wp:attachment":[{"href":"https:\/\/www.slavonski-planinari.hr\/arhiva\/wp-json\/wp\/v2\/media?parent=2426"}],"wp:term":[{"taxonomy":"category","embeddable":true,"href":"https:\/\/www.slavonski-planinari.hr\/arhiva\/wp-json\/wp\/v2\/categories?post=2426"},{"taxonomy":"post_tag","embeddable":true,"href":"https:\/\/www.slavonski-planinari.hr\/arhiva\/wp-json\/wp\/v2\/tags?post=2426"}],"curies":[{"name":"wp","href":"https:\/\/api.w.org\/{rel}","templated":true}]}}