{"id":2421,"date":"2015-03-18T14:22:00","date_gmt":"2015-03-18T13:22:00","guid":{"rendered":"https:\/\/www.slavonski-planinari.hr\/arhiva\/?p=2421"},"modified":"2023-01-09T14:24:59","modified_gmt":"2023-01-09T13:24:59","slug":"papucki-jaglaci","status":"publish","type":"post","link":"https:\/\/www.slavonski-planinari.hr\/arhiva\/papucki-jaglaci\/","title":{"rendered":"Papu\u010dki jaglaci"},"content":{"rendered":"<p>[et_pb_section fb_built=&#8221;1&#8243; theme_builder_area=&#8221;post_content&#8221; _builder_version=&#8221;4.19.4&#8243; _module_preset=&#8221;default&#8221;][et_pb_row _builder_version=&#8221;4.19.4&#8243; _module_preset=&#8221;default&#8221; theme_builder_area=&#8221;post_content&#8221;][et_pb_column _builder_version=&#8221;4.19.4&#8243; _module_preset=&#8221;default&#8221; type=&#8221;4_4&#8243; theme_builder_area=&#8221;post_content&#8221;][et_pb_text _builder_version=&#8221;4.19.4&#8243; _module_preset=&#8221;default&#8221; theme_builder_area=&#8221;post_content&#8221; hover_enabled=&#8221;0&#8243; sticky_enabled=&#8221;0&#8243;]<\/p>\n<div class=\"itemIntroText\">\n<p><img loading=\"lazy\" decoding=\"async\" src=\"https:\/\/www.slavonski-planinari.hr\/arhiva\/wp-content\/uploads\/2023\/01\/jaglaci_logo.png\" width=\"75\" height=\"120\" alt=\"\" class=\"wp-image-2424 alignleft size-full\" \/>Hrvatsko planinarski dru\u0161tvo &#8220;Sokolovac&#8221; vas poziva:<\/p>\n<p style=\"text-align: justify;\"><span>Planinarska dru\u0161tva u RH i inozemstvu na tradicionalnu Planinarsku manifestaciju \u201e33. Papu\u010dki jaglaci, 2015.\u201c<\/span><\/p>\n<p style=\"text-align: justify;\">Na tradicionalnoj planinarskoj priredbi \u201e33. Papu\u010dki jaglaci\u201c \u00a0koja se odr\u017eava u nedjelju, 22. o\u017eujka 2015. godine, po\u017ee\u0161ki planinari ponovo svojim prijateljima i ljubiteljima prirode otvaraju svoj Planinarski dom &#8221;Lapjak&#8221; u Velikoj. Iako dom nije u cijelosti obnovljen, ve\u0107 samo krovi\u0161te i ve\u0107i dio prizemlja, taj doga\u0111aj plijeni pozornost koliko planinara, toliko i svih gra\u0111ana koji dolaze u Veliku i u Park prirode Papuk.\u00a0<\/p>\n<\/div>\n<div class=\"itemFullText\">\n<p style=\"text-align: justify;\">\n<p style=\"text-align: justify;\">Kako zbog prirodnih ljepota i zna\u010dajnih krajobraza Papuk pohodi vi\u0161e od dvije tisu\u0107e planinara iz cijele Hrvatske i inozemstva, ovim putem pozivamo planinarska dru\u0161tva u RH i inozemstvu da se u ovu tradicionalnu manifestaciju uklju\u010de kao na\u0161i planinarski gosti.<\/p>\n<p style=\"text-align: justify;\"><span>Okupljanje izletnika je ispred planinarskog doma &#8220;Lapjak&#8221; u Velikoj od 8 sati, gdje \u0107e se nakon rije\u010di dobrodo\u0161lice doma\u0107ina u 9 sati, krenuti na pohod, nama i na\u0161im gostima, dobro znanim i utabanim stazama. Staze su razli\u010dite du\u017eine i te\u017eine, te su kao takve prilago\u0111ene kako rekreativcima tako i iskusnim planinarima.\u00a0<\/span><\/p>\n<p style=\"text-align: justify;\"><span>Nakon povratka sa izleta pozivamo sve izletnike da nam se pridru\u017ee na tradicionalnom ru\u010dku i glazbenom programu.<\/span><\/p>\n<p style=\"text-align: justify;\"><strong><span>U nastavku je popis \u0161est planinarskih staza:<\/span><\/strong><\/p>\n<p style=\"text-align: justify;\"><span>1. \u201eStaza jaglaca \u2013 Tauberove stijene\u201c &#8211; vodi\u010di iz HPD \u201eSokolovac\u201c Po\u017eega (trajanje: 3 sata)<\/span><\/p>\n<p style=\"text-align: justify;\">2. Planinarska ku\u0107a \u201eTri\u0161njica\u201c &#8211; vodi\u010di iz HPD \u201eSokolovac\u201c Po\u017eega (trajanje: 4 sata)<\/p>\n<p style=\"text-align: justify;\">3. \u201eNepoznata trasa\u201c &#8211; vodi\u010di iz Parka prirode \u201ePapuk\u201c (trajanje: 4 sata)<\/p>\n<p style=\"text-align: justify;\">4. \u201eMali\u0161\u0107ak\u201c &#8211; vodi\u010di iz PD \u201eMali\u0161\u0107ak\u201c Velika (trajanje: 6 sati)<\/p>\n<p style=\"text-align: justify;\">5. \u201eJankovac\u201c &#8211; vodi\u010di iz HPD \u201eSokolovac\u201c Po\u017eega (trajanje: 6 sati)<\/p>\n<p style=\"text-align: justify;\">6. \u201eIva\u010dka glava\u201c \u2013 vodi\u010di iz HPD \u201eSokolovac\u201c Po\u017eega (trajanje: 7 sati)<\/p>\n<p style=\"text-align: justify;\"><img loading=\"lazy\" decoding=\"async\" src=\"https:\/\/www.slavonski-planinari.hr\/arhiva\/wp-content\/uploads\/2023\/01\/jaglaci-1.jpg\" width=\"800\" height=\"1132\" alt=\"\" class=\"wp-image-2423 aligncenter size-full\" srcset=\"https:\/\/www.slavonski-planinari.hr\/arhiva\/wp-content\/uploads\/2023\/01\/jaglaci-1.jpg 800w, https:\/\/www.slavonski-planinari.hr\/arhiva\/wp-content\/uploads\/2023\/01\/jaglaci-1-480x679.jpg 480w\" sizes=\"(min-width: 0px) and (max-width: 480px) 480px, (min-width: 481px) 800px, 100vw\" \/><\/p>\n<\/div>\n<p>[\/et_pb_text][\/et_pb_column][\/et_pb_row][\/et_pb_section]<\/p>\n","protected":false},"excerpt":{"rendered":"<p>Hrvatsko planinarski dru\u0161tvo &#8220;Sokolovac&#8221; vas poziva: Planinarska dru\u0161tva u RH i inozemstvu na tradicionalnu Planinarsku manifestaciju \u201e33. Papu\u010dki jaglaci, 2015.\u201c Na tradicionalnoj planinarskoj priredbi \u201e33. Papu\u010dki jaglaci\u201c \u00a0koja se odr\u017eava u nedjelju, 22. o\u017eujka 2015. godine, po\u017ee\u0161ki planinari ponovo svojim prijateljima i ljubiteljima prirode otvaraju svoj Planinarski dom &#8221;Lapjak&#8221; u Velikoj. Iako dom nije u [&hellip;]<\/p>\n","protected":false},"author":1,"featured_media":0,"comment_status":"closed","ping_status":"open","sticky":false,"template":"","format":"standard","meta":{"_et_pb_use_builder":"on","_et_pb_old_content":"","_et_gb_content_width":"1080","footnotes":""},"categories":[29],"tags":[],"class_list":["post-2421","post","type-post","status-publish","format-standard","hentry","category-29"],"_links":{"self":[{"href":"https:\/\/www.slavonski-planinari.hr\/arhiva\/wp-json\/wp\/v2\/posts\/2421","targetHints":{"allow":["GET"]}}],"collection":[{"href":"https:\/\/www.slavonski-planinari.hr\/arhiva\/wp-json\/wp\/v2\/posts"}],"about":[{"href":"https:\/\/www.slavonski-planinari.hr\/arhiva\/wp-json\/wp\/v2\/types\/post"}],"author":[{"embeddable":true,"href":"https:\/\/www.slavonski-planinari.hr\/arhiva\/wp-json\/wp\/v2\/users\/1"}],"replies":[{"embeddable":true,"href":"https:\/\/www.slavonski-planinari.hr\/arhiva\/wp-json\/wp\/v2\/comments?post=2421"}],"version-history":[{"count":0,"href":"https:\/\/www.slavonski-planinari.hr\/arhiva\/wp-json\/wp\/v2\/posts\/2421\/revisions"}],"wp:attachment":[{"href":"https:\/\/www.slavonski-planinari.hr\/arhiva\/wp-json\/wp\/v2\/media?parent=2421"}],"wp:term":[{"taxonomy":"category","embeddable":true,"href":"https:\/\/www.slavonski-planinari.hr\/arhiva\/wp-json\/wp\/v2\/categories?post=2421"},{"taxonomy":"post_tag","embeddable":true,"href":"https:\/\/www.slavonski-planinari.hr\/arhiva\/wp-json\/wp\/v2\/tags?post=2421"}],"curies":[{"name":"wp","href":"https:\/\/api.w.org\/{rel}","templated":true}]}}