{"id":2411,"date":"2015-03-16T14:14:00","date_gmt":"2015-03-16T13:14:00","guid":{"rendered":"https:\/\/www.slavonski-planinari.hr\/arhiva\/?p=2411"},"modified":"2023-01-09T14:16:58","modified_gmt":"2023-01-09T13:16:58","slug":"otvorena-premijerna-izlozba-slavonijom-zbrdazdola","status":"publish","type":"post","link":"https:\/\/www.slavonski-planinari.hr\/arhiva\/otvorena-premijerna-izlozba-slavonijom-zbrdazdola\/","title":{"rendered":"Otvorena premijerna izlo\u017eba Slavonijom ZbrdaZdola"},"content":{"rendered":"<p>[et_pb_section fb_built=&#8221;1&#8243; theme_builder_area=&#8221;post_content&#8221; _builder_version=&#8221;4.19.4&#8243; _module_preset=&#8221;default&#8221;][et_pb_row _builder_version=&#8221;4.19.4&#8243; _module_preset=&#8221;default&#8221; theme_builder_area=&#8221;post_content&#8221;][et_pb_column _builder_version=&#8221;4.19.4&#8243; _module_preset=&#8221;default&#8221; type=&#8221;4_4&#8243; theme_builder_area=&#8221;post_content&#8221;][et_pb_text _builder_version=&#8221;4.19.4&#8243; _module_preset=&#8221;default&#8221; theme_builder_area=&#8221;post_content&#8221; hover_enabled=&#8221;0&#8243; sticky_enabled=&#8221;0&#8243;]<\/p>\n<div class=\"itemIntroText\">\n<p><span><img loading=\"lazy\" decoding=\"async\" src=\"https:\/\/www.slavonski-planinari.hr\/arhiva\/wp-content\/uploads\/2023\/01\/izlozba_m.jpg\" width=\"100\" height=\"68\" alt=\"\" class=\"wp-image-2413 alignleft size-full\" \/>Po\u017ee\u0161ka gimnazija je u petak, 6. o\u017eujka 2015. godine, bila doma\u0107in premijernog otvorenja izlo\u017ebe Slavonijom ZbrdaZdola gdje je prikazano 40 najboljih fotografija (po 10 od svake teme) prikupljenih na web-u SPSa tijekom 2014. godine.\u00a0<\/span><span>Prisutne su pozdravili ravnatelj Gimnazije dipl.ing.Pavle Buci\u0107 i predsjednik HPD Sokolovac Predrag Livak, a predsjednik Slavonskog planinarskog saveza, Otmar Tosenberger, podijelio priznanja najboljima i otvorio izlo\u017ebu.<\/span><\/p>\n<\/div>\n<div class=\"itemFullText\">\n<p><img loading=\"lazy\" decoding=\"async\" src=\"https:\/\/www.slavonski-planinari.hr\/arhiva\/wp-content\/uploads\/2023\/01\/izlozba_v.jpg\" width=\"609\" height=\"377\" alt=\"\" class=\"wp-image-2414 aligncenter size-full\" srcset=\"https:\/\/www.slavonski-planinari.hr\/arhiva\/wp-content\/uploads\/2023\/01\/izlozba_v.jpg 609w, https:\/\/www.slavonski-planinari.hr\/arhiva\/wp-content\/uploads\/2023\/01\/izlozba_v-480x297.jpg 480w\" sizes=\"(min-width: 0px) and (max-width: 480px) 480px, (min-width: 481px) 609px, 100vw\" \/><\/p>\n<p><span>Izlo\u017eba \u0107e u knji\u017enici Gimnazije biti postavljena do 21.03.2015., a poslije toga seli u Pakrac.<\/span><\/p>\n<\/div>\n<p>[\/et_pb_text][\/et_pb_column][\/et_pb_row][\/et_pb_section]<\/p>\n","protected":false},"excerpt":{"rendered":"<p>Po\u017ee\u0161ka gimnazija je u petak, 6. o\u017eujka 2015. godine, bila doma\u0107in premijernog otvorenja izlo\u017ebe Slavonijom ZbrdaZdola gdje je prikazano 40 najboljih fotografija (po 10 od svake teme) prikupljenih na web-u SPSa tijekom 2014. godine.\u00a0Prisutne su pozdravili ravnatelj Gimnazije dipl.ing.Pavle Buci\u0107 i predsjednik HPD Sokolovac Predrag Livak, a predsjednik Slavonskog planinarskog saveza, Otmar Tosenberger, podijelio priznanja [&hellip;]<\/p>\n","protected":false},"author":1,"featured_media":0,"comment_status":"closed","ping_status":"open","sticky":false,"template":"","format":"standard","meta":{"_et_pb_use_builder":"on","_et_pb_old_content":"","_et_gb_content_width":"1080","footnotes":""},"categories":[29],"tags":[],"class_list":["post-2411","post","type-post","status-publish","format-standard","hentry","category-29"],"_links":{"self":[{"href":"https:\/\/www.slavonski-planinari.hr\/arhiva\/wp-json\/wp\/v2\/posts\/2411","targetHints":{"allow":["GET"]}}],"collection":[{"href":"https:\/\/www.slavonski-planinari.hr\/arhiva\/wp-json\/wp\/v2\/posts"}],"about":[{"href":"https:\/\/www.slavonski-planinari.hr\/arhiva\/wp-json\/wp\/v2\/types\/post"}],"author":[{"embeddable":true,"href":"https:\/\/www.slavonski-planinari.hr\/arhiva\/wp-json\/wp\/v2\/users\/1"}],"replies":[{"embeddable":true,"href":"https:\/\/www.slavonski-planinari.hr\/arhiva\/wp-json\/wp\/v2\/comments?post=2411"}],"version-history":[{"count":0,"href":"https:\/\/www.slavonski-planinari.hr\/arhiva\/wp-json\/wp\/v2\/posts\/2411\/revisions"}],"wp:attachment":[{"href":"https:\/\/www.slavonski-planinari.hr\/arhiva\/wp-json\/wp\/v2\/media?parent=2411"}],"wp:term":[{"taxonomy":"category","embeddable":true,"href":"https:\/\/www.slavonski-planinari.hr\/arhiva\/wp-json\/wp\/v2\/categories?post=2411"},{"taxonomy":"post_tag","embeddable":true,"href":"https:\/\/www.slavonski-planinari.hr\/arhiva\/wp-json\/wp\/v2\/tags?post=2411"}],"curies":[{"name":"wp","href":"https:\/\/api.w.org\/{rel}","templated":true}]}}