{"id":2398,"date":"2015-03-16T13:29:00","date_gmt":"2015-03-16T12:29:00","guid":{"rendered":"https:\/\/www.slavonski-planinari.hr\/arhiva\/?p=2398"},"modified":"2023-01-09T13:48:06","modified_gmt":"2023-01-09T12:48:06","slug":"2398-2","status":"publish","type":"post","link":"https:\/\/www.slavonski-planinari.hr\/arhiva\/2398-2\/","title":{"rendered":"Odr\u017eana Skup\u0161tina Slavonskog planinarskog saveza"},"content":{"rendered":"<p>[et_pb_section fb_built=&#8221;1&#8243; theme_builder_area=&#8221;post_content&#8221; _builder_version=&#8221;4.19.4&#8243; _module_preset=&#8221;default&#8221;][et_pb_row _builder_version=&#8221;4.19.4&#8243; _module_preset=&#8221;default&#8221; theme_builder_area=&#8221;post_content&#8221;][et_pb_column _builder_version=&#8221;4.19.4&#8243; _module_preset=&#8221;default&#8221; type=&#8221;4_4&#8243; theme_builder_area=&#8221;post_content&#8221;][et_pb_text _builder_version=&#8221;4.19.4&#8243; _module_preset=&#8221;default&#8221; theme_builder_area=&#8221;post_content&#8221; hover_enabled=&#8221;0&#8243; sticky_enabled=&#8221;0&#8243;]<\/p>\n<div class=\"itemIntroText\">\n<p style=\"text-align: justify;\"><span><img loading=\"lazy\" decoding=\"async\" src=\"https:\/\/www.slavonski-planinari.hr\/arhiva\/wp-content\/uploads\/2023\/01\/skupstina_SPS_2015_m.jpg\" width=\"115\" height=\"79\" alt=\"\" class=\"wp-image-2407 alignleft size-full\" \/>U subotu, 7. o\u017eujka 2015., u planinarskom domu Lapjak kod Velike, odr\u017eana je izvje\u0161tajna Godi\u0161nja skup\u0161tina Slavonskog planinarskog saveza.\u00a0<\/span><span>Uz standardne izvje\u0161tajne i planske to\u010dke dnevnog reda, izdvajamo nekoliko odluka koje \u0107e zanimati i planinare izvan Slavonije.<\/span><\/p>\n<\/div>\n<div class=\"itemFullText\">\n<p style=\"text-align: justify;\">\n<p style=\"text-align: justify;\">Kroz povijest planinarstva Slavonije zna\u010dajnu ulogu povezivanja \u010dine godi\u0161nja okupljanja koja su imala razli\u010dite nazive: Dan, Slet, Skup. Skup\u0161tinarima je prezentiran povijesni pregled i ponu\u0111ena odluka o rednom broju i nazivu tih okupljanja u budu\u0107e. Nakon burne rasprave usvojeno je da od ove godine brojimo 65. DAN SLAVONSKIH PLANINARA. Ovogodi\u0161nji doma\u0107ini su HPD &#8220;Br\u0161ljan-Jankovac&#8221; i HPD &#8220;Zanatlija&#8221; iz Osijeka-a 2016. HPD Orahovica.<\/p>\n<p style=\"text-align: justify;\"><span>O obilje\u017eavanju 120. obljetnice planinarstva u Slavoniji godina planinarstva u Slavoniji \u00a0informirao je \u0110or\u0111e Bali\u0107, inicijator niza aktivnosti uz tu prigodu. Glavna doga\u0111anja \u0107e se odvijati na Jankovcu, od 4. do 11.srpnja 2015. U nedjelju, 5.srpnja, \u0107e biti odr\u017ean 65. Dan Slavonskih planinara, u danima koji slijede foto i pjesni\u010dkara radionica, slikarska kolonija te stru\u010dni skup &#8220;Jankovac &#8211; nekada i sada&#8221;. Zavr\u0161ni doga\u0111aji \u0107e se doga\u0111ati u subotu, 11.srpnja: sve\u010dane sjednice HPD &#8220;Br\u0161ljan-Jankovac&#8221; i Slavonskog planinarskog saveza, otkrivanje spomen obilje\u017eja ljudima koji su trajno obilje\u017eili povijest izleti\u0161ta Jankovac i glazbeno-scensko uprizorenje na autenti\u010dnim prostorima &#8220;O Jankov\u010de mili&#8221;. Bit \u0107e jo\u0161 i drugih zanimljivih doga\u0111anja kroz godinu, izdavanje vi\u0161e publicisti\u010dkih radova i drugih promotivnih aktivnosti. Sve \u010dlanice Slavonskog planinarskog saveza \u0107e provoditi svoje akcije uznaku obljetnice zaklju\u010dno s Danom Hrvatskih planinara 2016., na Omanovcu iznad Pakraca.<\/span><\/p>\n<p style=\"text-align: justify;\"><img loading=\"lazy\" decoding=\"async\" src=\"https:\/\/www.slavonski-planinari.hr\/arhiva\/wp-content\/uploads\/2023\/01\/skupstina_SPS_2015.jpg\" width=\"720\" height=\"480\" alt=\"\" class=\"wp-image-2406 aligncenter size-full\" srcset=\"https:\/\/www.slavonski-planinari.hr\/arhiva\/wp-content\/uploads\/2023\/01\/skupstina_SPS_2015.jpg 720w, https:\/\/www.slavonski-planinari.hr\/arhiva\/wp-content\/uploads\/2023\/01\/skupstina_SPS_2015-480x320.jpg 480w\" sizes=\"(min-width: 0px) and (max-width: 480px) 480px, (min-width: 481px) 720px, 100vw\" \/><\/p>\n<p style=\"text-align: justify;\">Na Skup\u0161tini je done\u0161en Pravilnik o Slavonskom planinarskom putu po kojemu je upravljanje i organizacija odr\u017eavanja pripalo isklju\u010divo Savezu a provodi se preko Komisije za Slavonski planinarski put i druge planinarske putove. Do sada SPP nije postojao u Registru putova HPS kao cjelovita obilaznica nego kao dionice koje odr\u017eavaju pojedina dru\u0161tva. To je u praksi stvaralo razli\u010dite pote\u0161ko\u0107e formalne i prakti\u010dne prirode. Put \u0107e i dalje odr\u017eavati markacisti i planinari slavonskih dru\u0161tava ali pod neposrednim vodstvom Komisije za SPP i PP SPS. Zna\u010dajna novost je i to da se dnevnici SPP iz 2000.(18 KT) i 2003.(20 KT) od 1.1.2016. ne\u0107e vi\u0161e neposredno priznavati za ovjeru i dobivanje zna\u010dke. Od tada \u0107e vrijediti isklju\u010divo dnevnici iz 2011.(35 KT) a sva starija izdanja \u0107e biti priznata kao dokaz za obilazak KT ovjeren u njima, neovisno o drugom rednom broju KT.<\/p>\n<p style=\"text-align: justify;\"><strong><span>Dodijeljena su priznanja zaslu\u017enim pojedincima i dru\u0161tvima, a dobili su ih:\u00a0<\/span><\/strong><\/p>\n<ul style=\"text-align: justify;\">\n<li><span>Priznanje \u0110uro Pilar (za \u017eivotno djelo):<\/span><\/li>\n<ul>\n<li><span>Antun Lovri\u0107, HPD Sokolovac Po\u017eega,<\/span><\/li>\n<li><span>Zlatko Brki\u0107, HPD Sokol Feri\u010danci, posthumno<\/span><\/li>\n<\/ul>\n<\/ul>\n<p style=\"text-align: justify;\"><img loading=\"lazy\" decoding=\"async\" src=\"https:\/\/www.slavonski-planinari.hr\/arhiva\/wp-content\/uploads\/2023\/01\/Priznanje_uro_Pilar_Antun_Lovr.jpg\" width=\"364\" height=\"329\" alt=\"\" class=\"wp-image-2404 aligncenter size-full\" srcset=\"https:\/\/www.slavonski-planinari.hr\/arhiva\/wp-content\/uploads\/2023\/01\/Priznanje_uro_Pilar_Antun_Lovr.jpg 364w, https:\/\/www.slavonski-planinari.hr\/arhiva\/wp-content\/uploads\/2023\/01\/Priznanje_uro_Pilar_Antun_Lovr-300x271.jpg 300w\" sizes=\"(max-width: 364px) 100vw, 364px\" \/><\/p>\n<p style=\"text-align: justify;\"><img loading=\"lazy\" decoding=\"async\" src=\"https:\/\/www.slavonski-planinari.hr\/arhiva\/wp-content\/uploads\/2023\/01\/Priznanje_uro_Pilar_Zlatko_Brki_posthumno.jpg\" width=\"489\" height=\"403\" alt=\"\" class=\"wp-image-2405 aligncenter size-full\" srcset=\"https:\/\/www.slavonski-planinari.hr\/arhiva\/wp-content\/uploads\/2023\/01\/Priznanje_uro_Pilar_Zlatko_Brki_posthumno.jpg 489w, https:\/\/www.slavonski-planinari.hr\/arhiva\/wp-content\/uploads\/2023\/01\/Priznanje_uro_Pilar_Zlatko_Brki_posthumno-480x396.jpg 480w\" sizes=\"(min-width: 0px) and (max-width: 480px) 480px, (min-width: 481px) 489px, 100vw\" \/>\u00a0<\/p>\n<p style=\"text-align: justify;\"><strong><span>Priznanje Julije Kempf (novo visoko priznanje dru\u0161tvima):<\/span><\/strong><\/p>\n<ul style=\"text-align: justify;\">\n<li><span>HPD Br\u0161ljan-Jankovac Osijek i HPD Sokolovac Po\u017eega biti \u0107e dodijeljeno 11.07.2015. na Jankovcu<\/span><\/li>\n<\/ul>\n<p style=\"text-align: justify;\"><img loading=\"lazy\" decoding=\"async\" src=\"https:\/\/www.slavonski-planinari.hr\/arhiva\/wp-content\/uploads\/2023\/01\/Prijelazni_pehar_za_HPD_Brljan_Jankovac.jpg\" width=\"325\" height=\"468\" alt=\"\" class=\"wp-image-2401 aligncenter size-full\" srcset=\"https:\/\/www.slavonski-planinari.hr\/arhiva\/wp-content\/uploads\/2023\/01\/Prijelazni_pehar_za_HPD_Brljan_Jankovac.jpg 325w, https:\/\/www.slavonski-planinari.hr\/arhiva\/wp-content\/uploads\/2023\/01\/Prijelazni_pehar_za_HPD_Brljan_Jankovac-208x300.jpg 208w\" sizes=\"(max-width: 325px) 100vw, 325px\" \/><\/p>\n<p style=\"text-align: justify;\"><strong><span>Priznanje Dragutin Lerman (za uspjehe u visokogorskom planinarenju):\u00a0<\/span><\/strong><\/p>\n<ul style=\"text-align: justify;\">\n<li><span>Dario \u0160vajda, HPD HZZO Po\u017eega<\/span><\/li>\n<\/ul>\n<p style=\"text-align: justify;\"><img loading=\"lazy\" decoding=\"async\" src=\"https:\/\/www.slavonski-planinari.hr\/arhiva\/wp-content\/uploads\/2023\/01\/Priznanje_Dragutin_Lerman_Dario_vajda.jpg\" width=\"400\" height=\"362\" alt=\"\" class=\"wp-image-2402 aligncenter size-full\" srcset=\"https:\/\/www.slavonski-planinari.hr\/arhiva\/wp-content\/uploads\/2023\/01\/Priznanje_Dragutin_Lerman_Dario_vajda.jpg 400w, https:\/\/www.slavonski-planinari.hr\/arhiva\/wp-content\/uploads\/2023\/01\/Priznanje_Dragutin_Lerman_Dario_vajda-300x272.jpg 300w\" sizes=\"(max-width: 400px) 100vw, 400px\" \/><\/p>\n<p style=\"text-align: justify;\"><strong>Priznanje Antun Petkovi\u0107 (za organizacijski rad):<\/strong><\/p>\n<ul style=\"text-align: justify;\">\n<li><span>Jasna Kosovi\u0107, HPS i HPD \u201eZagreb-Matica\u201c\u00a0<\/span><\/li>\n<li><span>Vlado Obad, HPD Zanatlija Osijek<\/span><\/li>\n<li><span>Stanica vodi\u010da Slavonija<\/span><\/li>\n<\/ul>\n<p style=\"text-align: justify;\"><strong><span>Priznanje Kamilo Firinger za obilazak SPP:<\/span><\/strong><\/p>\n<ul style=\"text-align: justify;\">\n<li><span>priznanje pojedincima (novo priznanje za 5 obilazaka SPP ili obilazak u neprekinutoj turi)<\/span><\/li>\n<ul>\n<li><span>Darko Prusina, HPD Zanatlija Osijek \u2013 26.9.2014. ovjerio 10- ti dnevnik SPP<\/span><\/li>\n<li><span>\u017deljko Vinkovi\u0107 i Milan Abramovi\u0107 \u2013 od 21.5 \u2013 28.5. 2011. prvi obi\u0161li cijelu novu trasu u jednoj turi (pohodu)<\/span><\/li>\n<\/ul>\n<li><span>prijelazni pehar SPP za dru\u0161tvo s najve\u0107im brojem ovjerenih dnevnika SPP u 2014.\u00a0<\/span><\/li>\n<ul>\n<li><span>HPD Br\u0161ljan-Jankovac.<\/span><\/li>\n<\/ul>\n<\/ul>\n<p style=\"text-align: justify;\"><img loading=\"lazy\" decoding=\"async\" src=\"https:\/\/www.slavonski-planinari.hr\/arhiva\/wp-content\/uploads\/2023\/01\/Priznanje_Kamilo_Firinger_Darko_Prusina.jpg\" width=\"452\" height=\"379\" alt=\"\" class=\"wp-image-2403 aligncenter size-full\" srcset=\"https:\/\/www.slavonski-planinari.hr\/arhiva\/wp-content\/uploads\/2023\/01\/Priznanje_Kamilo_Firinger_Darko_Prusina.jpg 452w, https:\/\/www.slavonski-planinari.hr\/arhiva\/wp-content\/uploads\/2023\/01\/Priznanje_Kamilo_Firinger_Darko_Prusina-300x252.jpg 300w\" sizes=\"(max-width: 452px) 100vw, 452px\" \/><\/p>\n<\/div>\n<p>[\/et_pb_text][\/et_pb_column][\/et_pb_row][\/et_pb_section]<\/p>\n","protected":false},"excerpt":{"rendered":"<p>U subotu, 7. o\u017eujka 2015., u planinarskom domu Lapjak kod Velike, odr\u017eana je izvje\u0161tajna Godi\u0161nja skup\u0161tina Slavonskog planinarskog saveza.\u00a0Uz standardne izvje\u0161tajne i planske to\u010dke dnevnog reda, izdvajamo nekoliko odluka koje \u0107e zanimati i planinare izvan Slavonije. Kroz povijest planinarstva Slavonije zna\u010dajnu ulogu povezivanja \u010dine godi\u0161nja okupljanja koja su imala razli\u010dite nazive: Dan, Slet, Skup. Skup\u0161tinarima [&hellip;]<\/p>\n","protected":false},"author":1,"featured_media":0,"comment_status":"closed","ping_status":"open","sticky":false,"template":"","format":"standard","meta":{"_et_pb_use_builder":"on","_et_pb_old_content":"","_et_gb_content_width":"1080","footnotes":""},"categories":[29],"tags":[],"class_list":["post-2398","post","type-post","status-publish","format-standard","hentry","category-29"],"_links":{"self":[{"href":"https:\/\/www.slavonski-planinari.hr\/arhiva\/wp-json\/wp\/v2\/posts\/2398","targetHints":{"allow":["GET"]}}],"collection":[{"href":"https:\/\/www.slavonski-planinari.hr\/arhiva\/wp-json\/wp\/v2\/posts"}],"about":[{"href":"https:\/\/www.slavonski-planinari.hr\/arhiva\/wp-json\/wp\/v2\/types\/post"}],"author":[{"embeddable":true,"href":"https:\/\/www.slavonski-planinari.hr\/arhiva\/wp-json\/wp\/v2\/users\/1"}],"replies":[{"embeddable":true,"href":"https:\/\/www.slavonski-planinari.hr\/arhiva\/wp-json\/wp\/v2\/comments?post=2398"}],"version-history":[{"count":0,"href":"https:\/\/www.slavonski-planinari.hr\/arhiva\/wp-json\/wp\/v2\/posts\/2398\/revisions"}],"wp:attachment":[{"href":"https:\/\/www.slavonski-planinari.hr\/arhiva\/wp-json\/wp\/v2\/media?parent=2398"}],"wp:term":[{"taxonomy":"category","embeddable":true,"href":"https:\/\/www.slavonski-planinari.hr\/arhiva\/wp-json\/wp\/v2\/categories?post=2398"},{"taxonomy":"post_tag","embeddable":true,"href":"https:\/\/www.slavonski-planinari.hr\/arhiva\/wp-json\/wp\/v2\/tags?post=2398"}],"curies":[{"name":"wp","href":"https:\/\/api.w.org\/{rel}","templated":true}]}}