{"id":2393,"date":"2015-03-06T13:23:00","date_gmt":"2015-03-06T12:23:00","guid":{"rendered":"https:\/\/www.slavonski-planinari.hr\/arhiva\/?p=2393"},"modified":"2023-01-09T13:26:56","modified_gmt":"2023-01-09T12:26:56","slug":"zbrdazdola-izlozba-sezone-2014","status":"publish","type":"post","link":"https:\/\/www.slavonski-planinari.hr\/arhiva\/zbrdazdola-izlozba-sezone-2014\/","title":{"rendered":"ZBRDAZDOLA izlo\u017eba sezone 2014"},"content":{"rendered":"<p>[et_pb_section fb_built=&#8221;1&#8243; theme_builder_area=&#8221;post_content&#8221; _builder_version=&#8221;4.19.4&#8243; _module_preset=&#8221;default&#8221; custom_padding=&#8221;||435px|||&#8221;][et_pb_row _builder_version=&#8221;4.19.4&#8243; _module_preset=&#8221;default&#8221; theme_builder_area=&#8221;post_content&#8221;][et_pb_column _builder_version=&#8221;4.19.4&#8243; _module_preset=&#8221;default&#8221; type=&#8221;4_4&#8243; theme_builder_area=&#8221;post_content&#8221;][et_pb_text _builder_version=&#8221;4.19.4&#8243; _module_preset=&#8221;default&#8221; theme_builder_area=&#8221;post_content&#8221; hover_enabled=&#8221;0&#8243; sticky_enabled=&#8221;0&#8243;]<\/p>\n<div class=\"itemIntroText\">\n<p style=\"text-align: justify;\"><span><img loading=\"lazy\" decoding=\"async\" src=\"https:\/\/www.slavonski-planinari.hr\/arhiva\/wp-content\/uploads\/2023\/01\/izlozba_2014.jpg\" width=\"154\" height=\"81\" alt=\"\" class=\"wp-image-2395 alignleft size-full\" \/>Premijerna postava putuju\u0107e izlo\u017eba Slavonijom ZbrdaZdola za sezonu 2014\u00a0<\/span><span>u knji\u017enici Po\u017ee\u0161ke gimnazije, Dr. Franje Tu\u0111mana 4a, od 06. do 21.03.2015.\u00a0<\/span><\/p>\n<p style=\"text-align: justify;\"><span>Razgledavanje \u0107e biti mogu\u0107e i u subotu, 07.03. do 12 sati kako bi ju mogli vidjeti delegati iz slavonskih dru\u0161tava koji dolaze na Godi\u0161nju skup\u0161tinu SPS u Velikoj.\u00a0<\/span><\/p>\n<\/div>\n<div class=\"itemFullText\">\n<p style=\"text-align: justify;\"><span>Poslije Po\u017eege izlo\u017eba kre\u0107e na &#8220;turneju&#8221; po Slavoniji prema iskazanom interesu i tehni\u010dkim mogu\u0107nostima planinarskih dru\u0161tava.<\/span><\/p>\n<p style=\"text-align: justify;\"><a href=\"https:\/\/www.slavonski-planinari.hr\/arhiva\/wp-content\/uploads\/2023\/01\/Pozivnica_Zbrda_zdola_Pozega.pdf\" target=\"_blank\" rel=\"noopener\"><span>Pozivnica izlo\u017eba&#8230;<\/span><\/a><\/p>\n<\/div>\n<p>[\/et_pb_text][\/et_pb_column][\/et_pb_row][\/et_pb_section]<\/p>\n","protected":false},"excerpt":{"rendered":"<p>Premijerna postava putuju\u0107e izlo\u017eba Slavonijom ZbrdaZdola za sezonu 2014\u00a0u knji\u017enici Po\u017ee\u0161ke gimnazije, Dr. Franje Tu\u0111mana 4a, od 06. do 21.03.2015.\u00a0 Razgledavanje \u0107e biti mogu\u0107e i u subotu, 07.03. do 12 sati kako bi ju mogli vidjeti delegati iz slavonskih dru\u0161tava koji dolaze na Godi\u0161nju skup\u0161tinu SPS u Velikoj.\u00a0 Poslije Po\u017eege izlo\u017eba kre\u0107e na &#8220;turneju&#8221; po [&hellip;]<\/p>\n","protected":false},"author":1,"featured_media":0,"comment_status":"closed","ping_status":"open","sticky":false,"template":"","format":"standard","meta":{"_et_pb_use_builder":"on","_et_pb_old_content":"","_et_gb_content_width":"1080","footnotes":""},"categories":[29],"tags":[],"class_list":["post-2393","post","type-post","status-publish","format-standard","hentry","category-29"],"_links":{"self":[{"href":"https:\/\/www.slavonski-planinari.hr\/arhiva\/wp-json\/wp\/v2\/posts\/2393","targetHints":{"allow":["GET"]}}],"collection":[{"href":"https:\/\/www.slavonski-planinari.hr\/arhiva\/wp-json\/wp\/v2\/posts"}],"about":[{"href":"https:\/\/www.slavonski-planinari.hr\/arhiva\/wp-json\/wp\/v2\/types\/post"}],"author":[{"embeddable":true,"href":"https:\/\/www.slavonski-planinari.hr\/arhiva\/wp-json\/wp\/v2\/users\/1"}],"replies":[{"embeddable":true,"href":"https:\/\/www.slavonski-planinari.hr\/arhiva\/wp-json\/wp\/v2\/comments?post=2393"}],"version-history":[{"count":0,"href":"https:\/\/www.slavonski-planinari.hr\/arhiva\/wp-json\/wp\/v2\/posts\/2393\/revisions"}],"wp:attachment":[{"href":"https:\/\/www.slavonski-planinari.hr\/arhiva\/wp-json\/wp\/v2\/media?parent=2393"}],"wp:term":[{"taxonomy":"category","embeddable":true,"href":"https:\/\/www.slavonski-planinari.hr\/arhiva\/wp-json\/wp\/v2\/categories?post=2393"},{"taxonomy":"post_tag","embeddable":true,"href":"https:\/\/www.slavonski-planinari.hr\/arhiva\/wp-json\/wp\/v2\/tags?post=2393"}],"curies":[{"name":"wp","href":"https:\/\/api.w.org\/{rel}","templated":true}]}}