{"id":2380,"date":"2015-02-26T13:01:00","date_gmt":"2015-02-26T12:01:00","guid":{"rendered":"https:\/\/www.slavonski-planinari.hr\/arhiva\/?p=2380"},"modified":"2023-01-09T13:04:31","modified_gmt":"2023-01-09T12:04:31","slug":"pd-psunj-pakrac","status":"publish","type":"post","link":"https:\/\/www.slavonski-planinari.hr\/arhiva\/pd-psunj-pakrac\/","title":{"rendered":"PD \u201ePSUNJ\u201c Pakrac"},"content":{"rendered":"<p>[et_pb_section fb_built=&#8221;1&#8243; theme_builder_area=&#8221;post_content&#8221; _builder_version=&#8221;4.19.4&#8243; _module_preset=&#8221;default&#8221;][et_pb_row _builder_version=&#8221;4.19.4&#8243; _module_preset=&#8221;default&#8221; theme_builder_area=&#8221;post_content&#8221;][et_pb_column _builder_version=&#8221;4.19.4&#8243; _module_preset=&#8221;default&#8221; type=&#8221;4_4&#8243; theme_builder_area=&#8221;post_content&#8221;][et_pb_text _builder_version=&#8221;4.19.4&#8243; _module_preset=&#8221;default&#8221; theme_builder_area=&#8221;post_content&#8221; hover_enabled=&#8221;0&#8243; sticky_enabled=&#8221;0&#8243;]<\/p>\n<p style=\"text-align: justify;\"><strong>PD \u201ePSUNJ\u201c Pakrac<\/strong><span>\u00a0<\/span><strong>O nama<\/strong><br \/>Na\u0161e planinarsko dru\u0161tvo osnovano je pedeset godina nakon osnutka prvog planinarskog dru\u0161tva u Zagrebu i trideset godina nakon\u00a0 prvog planinarskog dru\u0161tva u Slavoniji. Iako se slu\u017ebeno vodi da je planinarsko dru\u0161tvo u Pakracu osnovano\u00a029.sije\u010dnja 1928.kao podru\u017enica HPD u Zagrebu, planinarstvo u ovom kraju po\u010delo se razvijati ranije. Naime, ideja o udru\u017eenju koje \u0107e promicati zdrav odnos prema kretanju po prirodi potje\u010de iz kraja 19. i po\u010detka 20. stolje\u0107a i nastala je u okviru gra\u0111anskog stale\u017ea koji je u tom razdoblju Pakracu davao pe\u010dat naprednog grada. Postojala su dva planinarska udru\u017eenja, jedno pod imenom Planinarski klub Omanovac i drugo pod imenom Planinarsko dru\u0161tvo \u201e\u010caklovac&#8221;. Godine\u00a01930. do\u0161lo je do njihova ujedinjenja\u00a0 u jedno dru\u0161tvo koje je djelovalo do\u00a01935.\u00a0godine pod imenom \u201e\u010caklovac&#8221;. Na sjednici dru\u0161tva\u00a010.velja\u010de 1935. donijeta je odluka o promjeni naziva dru\u0161tva u\u00a0PD \u201ePsunj&#8221;\u00a0kao i odluka o izgradnji planinarskog doma na Velikoj Poljani.<\/p>\n<p style=\"text-align: justify;\">Po izgradnji doma isti je nazvan Dom Josipa Svobode i postao je izleti\u0161te za planinare iz \u010ditave Slavonije pa i \u0161ire. U ratnom vihoru\u00a01940.-1945. uni\u0161ten je dom Josipa Svobode a tada je prestao i rad Podru\u017enice\u00a0 Psunj u Pakracu.<\/p>\n<p style=\"text-align: justify;\">1953.god. odr\u017eana je obnoviteljska skup\u0161tina Podru\u017enice planinarskog dru\u0161tva Psunj i tada je promijenjeno ime u dru\u0161tvo gra\u0111ana Brezovo polje.<br \/>U ljeti\u00a01955.\u00a0godine zapo\u010dela je gradnja planinarskog doma na Omanovcu i trajala do\u00a01963.godine, sve\u010dano otvorenje doma uslijedilo je7. i 8. rujna iste godine. Godinu dana kasnije na skup\u0161tini dru\u0161tva vra\u0107eno je staro ime PD Psunj.<\/p>\n<p style=\"text-align: justify;\">Neka zla sre\u0107a pratila je planinare i s ovim domom, u no\u0107i 16\/17 listopada 1974. buknuo je po\u017ear koji je uni\u0161tio ve\u0107i dio doma. Za dvije godine na temeljima starog doma, ne\u0161to pro\u0161irenim, izgra\u0111en je novi dom Omanovac i otvoren na susretu planinara Hrvatske koji je ovdje organiziran\u00a01977. godine.<\/p>\n<p style=\"text-align: justify;\">Domovinski rat, odnosno napad srbo\u010detnika na grad Pakrac u kolovozu 1991.godine u\u010dinio je pristup planinarskom domu\u00a0 nemogu\u0107im i ponovo je prekinuo rad dru\u0161tva sve do 1996. godine kada se na Obnoviteljskoj skup\u0161tini 8.velja\u010de ponovo donosi\u00a0 odluka da se pokrene rad PD Psunj i pristupi djelomi\u010dnoj obnovi\u00a0 Doma.<br \/>Trenuta\u010dno na\u0161e dru\u0161tvo uspje\u0161no radi kroz vi\u0161e sekcija:<br \/>&#8211; Sekcija za propagandu i izlete<br \/>&#8211; Sekcija za markaciju<br \/>&#8211; Sekcija za gospodarstvo<br \/>&#8211; Visokogorska sekcija<\/p>\n<p style=\"text-align: justify;\">Uspjeli smo obnoviti na\u0161 planinarski dom \u201eOmanovac&#8221;\u00a0 te ga dali u zakup.<\/p>\n<p style=\"text-align: justify;\">Obnovili smo oko150 Kmplaninarskih staza koje uspje\u0161no odr\u017eavamo. U gradu Pakracu imamo i dru\u0161tvene prostorije koje nam slu\u017ee za sastanke i dru\u017eenje. Broj \u010dlanova se kre\u0107e oko 120 koji varira iz godine u godinu. Uspje\u0161no sura\u0111ujemo sa susjednim planinarskim dru\u0161tvima s kojima dijelimo na\u0161 Psunj i Papuk. Za na\u0161 dugogodi\u0161nji rad dru\u0161tvo je dobilo mnogobrojna priznanja od Grada Pakraca i HPS-a<br \/>&#8211;\u00a0Pe\u010dat Grada Pakraca\u00a01999.g<br \/>&#8211;\u00a0Zlatni znak HPS-a\u00a0\u00a01973. g<br \/>&#8211; Naj uspje\u0161nije planinarsko dru\u0161tvo\u00a01997. g ADRESA:<br \/>Hrvatskih velikana 3, 34550 Pakrac<br \/><span id=\"cloak9a3095daaa689494601ba7b0e924aec9\"><a href=\"mailto:pakrac@pdpsunj.hr\">pakrac@pdpsunj.hr<\/a><\/span><span>\u00a0<\/span>KONTAKT:<br \/>Kre\u0161o \u010cehuli\u0107 &#8211; (predsjednik)\u00a0 &#8211; mob. 0981850131<br \/>Vladimir Tessari &#8211; (dopredsjednik)\u00a0 &#8211; mob. 098563903<\/p>\n<p>[\/et_pb_text][\/et_pb_column][\/et_pb_row][\/et_pb_section]<\/p>\n","protected":false},"excerpt":{"rendered":"<p>PD \u201ePSUNJ\u201c Pakrac\u00a0O namaNa\u0161e planinarsko dru\u0161tvo osnovano je pedeset godina nakon osnutka prvog planinarskog dru\u0161tva u Zagrebu i trideset godina nakon\u00a0 prvog planinarskog dru\u0161tva u Slavoniji. Iako se slu\u017ebeno vodi da je planinarsko dru\u0161tvo u Pakracu osnovano\u00a029.sije\u010dnja 1928.kao podru\u017enica HPD u Zagrebu, planinarstvo u ovom kraju po\u010delo se razvijati ranije. Naime, ideja o udru\u017eenju koje [&hellip;]<\/p>\n","protected":false},"author":1,"featured_media":0,"comment_status":"closed","ping_status":"open","sticky":false,"template":"","format":"standard","meta":{"_et_pb_use_builder":"on","_et_pb_old_content":"","_et_gb_content_width":"1080","footnotes":""},"categories":[29],"tags":[],"class_list":["post-2380","post","type-post","status-publish","format-standard","hentry","category-29"],"_links":{"self":[{"href":"https:\/\/www.slavonski-planinari.hr\/arhiva\/wp-json\/wp\/v2\/posts\/2380","targetHints":{"allow":["GET"]}}],"collection":[{"href":"https:\/\/www.slavonski-planinari.hr\/arhiva\/wp-json\/wp\/v2\/posts"}],"about":[{"href":"https:\/\/www.slavonski-planinari.hr\/arhiva\/wp-json\/wp\/v2\/types\/post"}],"author":[{"embeddable":true,"href":"https:\/\/www.slavonski-planinari.hr\/arhiva\/wp-json\/wp\/v2\/users\/1"}],"replies":[{"embeddable":true,"href":"https:\/\/www.slavonski-planinari.hr\/arhiva\/wp-json\/wp\/v2\/comments?post=2380"}],"version-history":[{"count":0,"href":"https:\/\/www.slavonski-planinari.hr\/arhiva\/wp-json\/wp\/v2\/posts\/2380\/revisions"}],"wp:attachment":[{"href":"https:\/\/www.slavonski-planinari.hr\/arhiva\/wp-json\/wp\/v2\/media?parent=2380"}],"wp:term":[{"taxonomy":"category","embeddable":true,"href":"https:\/\/www.slavonski-planinari.hr\/arhiva\/wp-json\/wp\/v2\/categories?post=2380"},{"taxonomy":"post_tag","embeddable":true,"href":"https:\/\/www.slavonski-planinari.hr\/arhiva\/wp-json\/wp\/v2\/tags?post=2380"}],"curies":[{"name":"wp","href":"https:\/\/api.w.org\/{rel}","templated":true}]}}