{"id":2377,"date":"2015-02-26T12:59:00","date_gmt":"2015-02-26T11:59:00","guid":{"rendered":"https:\/\/www.slavonski-planinari.hr\/arhiva\/?p=2377"},"modified":"2023-01-09T13:01:18","modified_gmt":"2023-01-09T12:01:18","slug":"pd-alpino-slavonija","status":"publish","type":"post","link":"https:\/\/www.slavonski-planinari.hr\/arhiva\/pd-alpino-slavonija\/","title":{"rendered":"PD &#8220;Alpino-Slavonija&#8221;"},"content":{"rendered":"<p>[et_pb_section fb_built=&#8221;1&#8243; theme_builder_area=&#8221;post_content&#8221; _builder_version=&#8221;4.19.4&#8243; _module_preset=&#8221;default&#8221; custom_padding=&#8221;||88px|||&#8221;][et_pb_row _builder_version=&#8221;4.19.4&#8243; _module_preset=&#8221;default&#8221; theme_builder_area=&#8221;post_content&#8221;][et_pb_column _builder_version=&#8221;4.19.4&#8243; _module_preset=&#8221;default&#8221; type=&#8221;4_4&#8243; theme_builder_area=&#8221;post_content&#8221;][et_pb_text _builder_version=&#8221;4.19.4&#8243; _module_preset=&#8221;default&#8221; theme_builder_area=&#8221;post_content&#8221; hover_enabled=&#8221;0&#8243; sticky_enabled=&#8221;0&#8243;]<\/p>\n<p><strong>PD &#8220;Alpino-Slavonija&#8221;<\/strong><\/p>\n<p align=\"JUSTIFY\">Osnovani smo 12. velja\u010de 2013. u Osijeku, sjedi\u0161te M. Gupca 37, Osijek.<\/p>\n<p align=\"JUSTIFY\">\u010clanova 25\/15 (25 ukupno, markicu ove 2014. godine uzelo petnaestak \u010dlanova).<\/p>\n<p align=\"JUSTIFY\">Zna\u010dajni usponi pod zastavom Alpina: ELBRUS, MONT BLANC, GROSSGLOCKNER ( tri puta), DOLOMITI-MARMOLADA ( nekoliko vrhova ).<\/p>\n<p align=\"JUSTIFY\"><a name=\"_GoBack\"><\/a>Okupljeni smo oko \u201eAlpina\u201c sa \u017eeljom da ljubav ka visokogorstvu povezanu sa na\u0161im iskustvom prije osnivanja \u201eAlpina\u201c sjedinimo u udrugu kojoj \u0107e &#8220;specijalnost&#8221; biti visoko gorje i alpinizam. Radimo na \u0161irenju i popularizaciji ovih atraktivnih grana planinarstva. Odr\u017eavamo treninge i upu\u0107ujemo zainteresirane u bitne elemente navedenoga. Dru\u017eimo se sa planinarima iz \u010ditave regije i trudimo se predstaviti Udrugu, grad i Slavoniju u lijepom svjetlu.<\/p>\n<p><span><strong>\u00a0<\/strong><\/span><\/p>\n<p><span><strong>Kontakt podaci:<\/strong><\/span><\/p>\n<p>e-mail:<span>\u00a0<\/span><span><span lang=\"zxx\"><span id=\"cloak4c97885dee8f425322a682cd2e92c935\"><a href=\"mailto:neskender@gmail.com\">neskender@gmail.com<\/a><\/span><\/span><\/span><\/p>\n<p>092 2201 434 Nedeljko Skender (predsjednik)<\/p>\n<p>0<span>91 958 31 69\u00a0<\/span>Mladen Luki\u0107 (potpredsjednik)<\/p>\n<p>Mario I\u0161tokovi\u0107 (tajnik)<\/p>\n<p>[\/et_pb_text][\/et_pb_column][\/et_pb_row][\/et_pb_section]<\/p>\n","protected":false},"excerpt":{"rendered":"<p>PD &#8220;Alpino-Slavonija&#8221; Osnovani smo 12. velja\u010de 2013. u Osijeku, sjedi\u0161te M. Gupca 37, Osijek. \u010clanova 25\/15 (25 ukupno, markicu ove 2014. godine uzelo petnaestak \u010dlanova). Zna\u010dajni usponi pod zastavom Alpina: ELBRUS, MONT BLANC, GROSSGLOCKNER ( tri puta), DOLOMITI-MARMOLADA ( nekoliko vrhova ). Okupljeni smo oko \u201eAlpina\u201c sa \u017eeljom da ljubav ka visokogorstvu povezanu sa na\u0161im [&hellip;]<\/p>\n","protected":false},"author":1,"featured_media":0,"comment_status":"closed","ping_status":"open","sticky":false,"template":"","format":"standard","meta":{"_et_pb_use_builder":"on","_et_pb_old_content":"","_et_gb_content_width":"1080","footnotes":""},"categories":[29],"tags":[],"class_list":["post-2377","post","type-post","status-publish","format-standard","hentry","category-29"],"_links":{"self":[{"href":"https:\/\/www.slavonski-planinari.hr\/arhiva\/wp-json\/wp\/v2\/posts\/2377","targetHints":{"allow":["GET"]}}],"collection":[{"href":"https:\/\/www.slavonski-planinari.hr\/arhiva\/wp-json\/wp\/v2\/posts"}],"about":[{"href":"https:\/\/www.slavonski-planinari.hr\/arhiva\/wp-json\/wp\/v2\/types\/post"}],"author":[{"embeddable":true,"href":"https:\/\/www.slavonski-planinari.hr\/arhiva\/wp-json\/wp\/v2\/users\/1"}],"replies":[{"embeddable":true,"href":"https:\/\/www.slavonski-planinari.hr\/arhiva\/wp-json\/wp\/v2\/comments?post=2377"}],"version-history":[{"count":0,"href":"https:\/\/www.slavonski-planinari.hr\/arhiva\/wp-json\/wp\/v2\/posts\/2377\/revisions"}],"wp:attachment":[{"href":"https:\/\/www.slavonski-planinari.hr\/arhiva\/wp-json\/wp\/v2\/media?parent=2377"}],"wp:term":[{"taxonomy":"category","embeddable":true,"href":"https:\/\/www.slavonski-planinari.hr\/arhiva\/wp-json\/wp\/v2\/categories?post=2377"},{"taxonomy":"post_tag","embeddable":true,"href":"https:\/\/www.slavonski-planinari.hr\/arhiva\/wp-json\/wp\/v2\/tags?post=2377"}],"curies":[{"name":"wp","href":"https:\/\/api.w.org\/{rel}","templated":true}]}}