{"id":2373,"date":"2015-02-07T12:57:00","date_gmt":"2015-02-07T11:57:00","guid":{"rendered":"https:\/\/www.slavonski-planinari.hr\/arhiva\/?p=2373"},"modified":"2023-01-09T12:59:34","modified_gmt":"2023-01-09T11:59:34","slug":"planinarska-predavanja-na-filozofskom-fakultetu-u-osijeku","status":"publish","type":"post","link":"https:\/\/www.slavonski-planinari.hr\/arhiva\/planinarska-predavanja-na-filozofskom-fakultetu-u-osijeku\/","title":{"rendered":"Planinarska predavanja na filozofskom fakultetu u Osijeku"},"content":{"rendered":"<p>[et_pb_section fb_built=&#8221;1&#8243; theme_builder_area=&#8221;post_content&#8221; _builder_version=&#8221;4.19.4&#8243; _module_preset=&#8221;default&#8221; custom_padding=&#8221;||214px|||&#8221;][et_pb_row _builder_version=&#8221;4.19.4&#8243; _module_preset=&#8221;default&#8221; theme_builder_area=&#8221;post_content&#8221;][et_pb_column _builder_version=&#8221;4.19.4&#8243; _module_preset=&#8221;default&#8221; type=&#8221;4_4&#8243; theme_builder_area=&#8221;post_content&#8221;][et_pb_text _builder_version=&#8221;4.19.4&#8243; _module_preset=&#8221;default&#8221; theme_builder_area=&#8221;post_content&#8221; hover_enabled=&#8221;0&#8243; sticky_enabled=&#8221;0&#8243;]<\/p>\n<div class=\"itemIntroText\">\n<p style=\"text-align: justify;\">Zapo\u010deo je ovogodi\u0161nji ciklus tradicionalnih planinarskih predavanja u organizaciji HPD Zanatlija Osijek. Predavanja se odr\u017eavaju srijedom, u sve\u010danoj dvorani Filozofskog fakulteta, ulica Lorenza Jaegera 9, s po\u010detkom u 19 sati, tijekom velja\u010de 2015.<br \/>&#8220;Sezonu&#8221; je otvorio Matej Perkov, 4.velja\u010de, sa zanimljivim predavanjem o svojim usponima na Monte Rosu i Mt. Blanc ostvarenim na pomalo neuobi\u010dajen na\u010din.<\/p>\n<\/div>\n<div class=\"itemFullText\">\n<p style=\"text-align: justify;\">Na kraju predavanja, Matej je ponudio na prodaju svoju knjigu o planinarskim do\u017eivljajima. Prihodom od te prodaje financirat \u0107e svoja budu\u0107a putovanja.<\/p>\n<p style=\"text-align: justify;\">Slijede\u0107i gost- predava\u010d je Iso Plani\u0107 iz Planinarskog saveza Vojvodine, kojega smo imali prilike upoznati na dva zanimljiva predavanja pro\u0161le godine u ovo vrijeme. Tema je Ekspedicija na Alpamayo, vje\u010dno zale\u0111enu planinu u Andama na koju su se popeli pro\u0161log ljeta tehnikom lednog penjanjanja direktim smjerom. Predavanje \u0107e se odr\u017eati u srijedu, 11. velja\u010de u 19 sati. Nakon toga, 18. velja\u010de, o svojem putovanju u Jordan pri\u010dat \u0107e Roberta David a 25. velja\u010de, o iskustvima u Rumunjskoj pri\u010dat \u0107e nam Vlado Obad.<\/p>\n<p style=\"text-align: justify;\">Svi ste pozvani !<\/p>\n<p style=\"text-align: justify;\">\n<p style=\"text-align: justify;\">Vi\u0161e informacija &#8211;<span>\u00a0<\/span><a href=\"https:\/\/www.slavonski-planinari.hr\/arhiva\/wp-content\/uploads\/2023\/01\/1-1.pdf\">Link<\/a>.<\/p>\n<\/div>\n<p>[\/et_pb_text][\/et_pb_column][\/et_pb_row][\/et_pb_section]<\/p>\n","protected":false},"excerpt":{"rendered":"<p>Zapo\u010deo je ovogodi\u0161nji ciklus tradicionalnih planinarskih predavanja u organizaciji HPD Zanatlija Osijek. Predavanja se odr\u017eavaju srijedom, u sve\u010danoj dvorani Filozofskog fakulteta, ulica Lorenza Jaegera 9, s po\u010detkom u 19 sati, tijekom velja\u010de 2015.&#8221;Sezonu&#8221; je otvorio Matej Perkov, 4.velja\u010de, sa zanimljivim predavanjem o svojim usponima na Monte Rosu i Mt. Blanc ostvarenim na pomalo neuobi\u010dajen na\u010din. [&hellip;]<\/p>\n","protected":false},"author":1,"featured_media":0,"comment_status":"closed","ping_status":"open","sticky":false,"template":"","format":"standard","meta":{"_et_pb_use_builder":"on","_et_pb_old_content":"","_et_gb_content_width":"1080","footnotes":""},"categories":[29],"tags":[],"class_list":["post-2373","post","type-post","status-publish","format-standard","hentry","category-29"],"_links":{"self":[{"href":"https:\/\/www.slavonski-planinari.hr\/arhiva\/wp-json\/wp\/v2\/posts\/2373","targetHints":{"allow":["GET"]}}],"collection":[{"href":"https:\/\/www.slavonski-planinari.hr\/arhiva\/wp-json\/wp\/v2\/posts"}],"about":[{"href":"https:\/\/www.slavonski-planinari.hr\/arhiva\/wp-json\/wp\/v2\/types\/post"}],"author":[{"embeddable":true,"href":"https:\/\/www.slavonski-planinari.hr\/arhiva\/wp-json\/wp\/v2\/users\/1"}],"replies":[{"embeddable":true,"href":"https:\/\/www.slavonski-planinari.hr\/arhiva\/wp-json\/wp\/v2\/comments?post=2373"}],"version-history":[{"count":0,"href":"https:\/\/www.slavonski-planinari.hr\/arhiva\/wp-json\/wp\/v2\/posts\/2373\/revisions"}],"wp:attachment":[{"href":"https:\/\/www.slavonski-planinari.hr\/arhiva\/wp-json\/wp\/v2\/media?parent=2373"}],"wp:term":[{"taxonomy":"category","embeddable":true,"href":"https:\/\/www.slavonski-planinari.hr\/arhiva\/wp-json\/wp\/v2\/categories?post=2373"},{"taxonomy":"post_tag","embeddable":true,"href":"https:\/\/www.slavonski-planinari.hr\/arhiva\/wp-json\/wp\/v2\/tags?post=2373"}],"curies":[{"name":"wp","href":"https:\/\/api.w.org\/{rel}","templated":true}]}}