{"id":2358,"date":"2015-02-04T12:29:00","date_gmt":"2015-02-04T11:29:00","guid":{"rendered":"https:\/\/www.slavonski-planinari.hr\/arhiva\/?p=2358"},"modified":"2023-01-09T12:38:54","modified_gmt":"2023-01-09T11:38:54","slug":"planinarska-noc-muzeja-u-pakracu","status":"publish","type":"post","link":"https:\/\/www.slavonski-planinari.hr\/arhiva\/planinarska-noc-muzeja-u-pakracu\/","title":{"rendered":"Planinarska No\u0107 muzeja u Pakracu"},"content":{"rendered":"<p>[et_pb_section fb_built=&#8221;1&#8243; theme_builder_area=&#8221;post_content&#8221; _builder_version=&#8221;4.19.4&#8243; _module_preset=&#8221;default&#8221;][et_pb_row _builder_version=&#8221;4.19.4&#8243; _module_preset=&#8221;default&#8221; theme_builder_area=&#8221;post_content&#8221;][et_pb_column _builder_version=&#8221;4.19.4&#8243; _module_preset=&#8221;default&#8221; type=&#8221;4_4&#8243; theme_builder_area=&#8221;post_content&#8221;][et_pb_text _builder_version=&#8221;4.19.4&#8243; _module_preset=&#8221;default&#8221; theme_builder_area=&#8221;post_content&#8221; hover_enabled=&#8221;0&#8243; sticky_enabled=&#8221;0&#8243;]<\/p>\n<div class=\"itemIntroText\">\n<p style=\"text-align: justify;\">\u201ePANINARSTVO U PAKRACU\u201c U 10. NO\u0106I MUZEJA<\/p>\n<p>Manifestacija No\u0107 muzeja u Muzeju grada Pakraca privukla je sino\u0107 mnoge Pakra\u010dane i posjetitelje susjednih gradova Lipika, Daruvara, Novske, N.Gradi\u0161ke koji su mogli u\u017eivati u bogatom sedmosatnom programu posve\u0107enom planinarstvu u Pakracu, a koji je realiziran u suradnji s Planinarskim dru\u0161tvom &#8220;Psunj&#8221; Pakrac. Po\u010detak ove manifestacije zapo\u010deo je otvaranjem izlo\u017ebe fotografija Slavonskog planinarskog saveza &#8220;Slavonijom zbrda-zdola&#8221; i povije\u0161\u0107u Slavonskog planinarskog saveza. Za na\u0161e sugra\u0111ane najzanimljivija je svakako povijesno vrijedna izlo\u017eba &#8220;Planinarstvo u Pakracu&#8221;.<\/p>\n<\/div>\n<div class=\"itemFullText\">\n<p style=\"text-align: justify;\">&#8220;Ove smo godine no\u0107 muzeja posvetili pakra\u010dkom planinarstvu zato \u0161to je Planinarsko dru\u0161tvo jedno od najstarijih u Pakracu, osnovano jo\u0161 davne 1928. godine. Osim \u0161to ima bogatu povijest, mnogi \u010dlanovi dru\u0161tva bili su ugledni gra\u0111ani Pakraca koji su svojim radom ostavili neizbrisiv trag u \u017eivotu grada, a to isto \u010dine i dana\u0161nji \u010dlanovi. \u017deljeli smo prikazati nastanak, povijest te sve aktivnosti koje su planinari dosada napravili i \u0161to sve planiraju u budu\u0107nosti&#8221;, rekla je na otvaranju izlo\u017ebe Jelena Hihlik, ravnateljica pakra\u010dkog muzeja.<\/p>\n<p style=\"text-align: justify;\">Posjetiteljima je dobrodo\u0161licu za\u017eelio i Kre\u0161imir \u010cehuli\u0107, predsjednik PD &#8220;Psunj&#8221; Pakrac te istaknuo kako je ova manifestacija ujedno i obilje\u017eavanje 87. godi\u0161njice postojanja njihovog dru\u0161tva.<br \/>Izlo\u017ebu je otvorio pakra\u010dki gradona\u010delnik Davor Hu\u0161ka rekav\u0161i kako su \u010dlanovi pakra\u010dkog planinarskog dru\u0161tva dali ogroman doprinos dru\u0161tvenom \u017eivotu zajednice, a tom prilikom i \u010destitao na ovogodi\u0161njem progla\u0161enju Omanovca najboljim planinarskim domom u Hrvatskoj \u0161to, kako je rekao Hu\u0161ka, govori o radu i aktivnostima koji ovo dru\u0161tvo provodi.<\/p>\n<p style=\"text-align: justify;\">Kako je re\u010deno na otvaranju, gra\u0111ani \u0107e ovu vrijednu izlo\u017ebu mo\u0107i vidjeti do 27. velja\u010de.<\/p>\n<p style=\"text-align: justify;\">Organizatori su tijekom no\u0107i u pakra\u010dkom muzeju mislili na sve uzraste posjetitelja. Tako je za najmla\u0111e odr\u017eana radionica i muzejska zagonetka kroz koju su se mali Pakra\u010dani i Lipi\u010dani upoznali s biljnim i \u017eivotinjskim vrstama ovoga podru\u010dja, a posebno zanimljiva za posjetitelje bila je projekcija povijesnog 8mm filma (obra\u0111ena i digitalizirana) iz 1969. godine sedmog sleta planinara Slavonije na Omanovcu, ali i prezentacija rada i opreme visokogorske planinarske sekcije. U prostoriji za proekciju cijelu no\u0107 su se prikazivali filmovi sa izleta i rada dru\u0161tva. Svakako je najvredniji dokument knjiga zapisnika sastanaka iz 1937. kad je predsjednik dru\u0161tva bio mr. Josip Svobida a tajnik Ivo Vani\u010dek.<\/p>\n<p style=\"text-align: justify;\">Posjetitelji su posebno u\u017eivali u planinarskoj zabavi s donacijskom tombolom i glazbom u\u017eivo kojom su organizatori htjeli o\u017eivjeti nekada\u0161nje dobro poznate planinarske zabave uz neizostavnu ponudu doma\u0107ih delicija, kuhanog vina \u010daja, \u0161pricera i \u201eGambrinus\u201c piva 60_tih godina. Odli\u010dnog raspolo\u017eenja nije nedostajalo sve do 1 sat poslije pono\u0107i.<\/p>\n<p style=\"text-align: justify;\">U isto vrijeme preko puta, u &#8220;staroj gradskoj vije\u0107nici&#8221; (prostoru iznad Turisti\u010dke zajednice) bila je postavljena izlo\u017eba stalnog muzejskog postava vojne i ratne povijesti koju je prikupio Pakra\u010danin Mario Tu\u0161ek.<\/p>\n<p style=\"text-align: justify;\">Tako smo ujedno i proslavili na\u0161 87.ro\u0111endan naime dru\u0161tvo je osnovano 29. sije\u010dnja 1928.<\/p>\n<p style=\"text-align: right;\">Borislav \u010cerni<\/p>\n<\/div>\n<p>[\/et_pb_text][\/et_pb_column][\/et_pb_row][et_pb_row _builder_version=&#8221;4.19.4&#8243; _module_preset=&#8221;default&#8221; theme_builder_area=&#8221;post_content&#8221;][et_pb_column _builder_version=&#8221;4.19.4&#8243; _module_preset=&#8221;default&#8221; type=&#8221;4_4&#8243; theme_builder_area=&#8221;post_content&#8221;][et_pb_gallery _builder_version=&#8221;4.19.4&#8243; _module_preset=&#8221;default&#8221; theme_builder_area=&#8221;post_content&#8221; gallery_ids=&#8221;2360,2361,2362,2363,2364,2365,2366,2367,2368&#8243; posts_number=&#8221;9&#8243; show_title_and_caption=&#8221;off&#8221; hover_enabled=&#8221;0&#8243; sticky_enabled=&#8221;0&#8243;][\/et_pb_gallery][\/et_pb_column][\/et_pb_row][\/et_pb_section]<\/p>\n","protected":false},"excerpt":{"rendered":"<p>\u201ePANINARSTVO U PAKRACU\u201c U 10. NO\u0106I MUZEJA Manifestacija No\u0107 muzeja u Muzeju grada Pakraca privukla je sino\u0107 mnoge Pakra\u010dane i posjetitelje susjednih gradova Lipika, Daruvara, Novske, N.Gradi\u0161ke koji su mogli u\u017eivati u bogatom sedmosatnom programu posve\u0107enom planinarstvu u Pakracu, a koji je realiziran u suradnji s Planinarskim dru\u0161tvom &#8220;Psunj&#8221; Pakrac. Po\u010detak ove manifestacije zapo\u010deo je [&hellip;]<\/p>\n","protected":false},"author":1,"featured_media":0,"comment_status":"closed","ping_status":"open","sticky":false,"template":"","format":"standard","meta":{"_et_pb_use_builder":"on","_et_pb_old_content":"","_et_gb_content_width":"1080","footnotes":""},"categories":[29],"tags":[],"class_list":["post-2358","post","type-post","status-publish","format-standard","hentry","category-29"],"_links":{"self":[{"href":"https:\/\/www.slavonski-planinari.hr\/arhiva\/wp-json\/wp\/v2\/posts\/2358","targetHints":{"allow":["GET"]}}],"collection":[{"href":"https:\/\/www.slavonski-planinari.hr\/arhiva\/wp-json\/wp\/v2\/posts"}],"about":[{"href":"https:\/\/www.slavonski-planinari.hr\/arhiva\/wp-json\/wp\/v2\/types\/post"}],"author":[{"embeddable":true,"href":"https:\/\/www.slavonski-planinari.hr\/arhiva\/wp-json\/wp\/v2\/users\/1"}],"replies":[{"embeddable":true,"href":"https:\/\/www.slavonski-planinari.hr\/arhiva\/wp-json\/wp\/v2\/comments?post=2358"}],"version-history":[{"count":0,"href":"https:\/\/www.slavonski-planinari.hr\/arhiva\/wp-json\/wp\/v2\/posts\/2358\/revisions"}],"wp:attachment":[{"href":"https:\/\/www.slavonski-planinari.hr\/arhiva\/wp-json\/wp\/v2\/media?parent=2358"}],"wp:term":[{"taxonomy":"category","embeddable":true,"href":"https:\/\/www.slavonski-planinari.hr\/arhiva\/wp-json\/wp\/v2\/categories?post=2358"},{"taxonomy":"post_tag","embeddable":true,"href":"https:\/\/www.slavonski-planinari.hr\/arhiva\/wp-json\/wp\/v2\/tags?post=2358"}],"curies":[{"name":"wp","href":"https:\/\/api.w.org\/{rel}","templated":true}]}}