{"id":2353,"date":"2015-02-04T12:25:00","date_gmt":"2015-02-04T11:25:00","guid":{"rendered":"https:\/\/www.slavonski-planinari.hr\/arhiva\/?p=2353"},"modified":"2023-01-09T12:28:37","modified_gmt":"2023-01-09T11:28:37","slug":"digitalni-foto-festival-zbrdazdola-sezona-2015","status":"publish","type":"post","link":"https:\/\/www.slavonski-planinari.hr\/arhiva\/digitalni-foto-festival-zbrdazdola-sezona-2015\/","title":{"rendered":"Digitalni foto festival &#8220;Zbrdazdola&#8221; sezona 2015."},"content":{"rendered":"<p>[et_pb_section fb_built=&#8221;1&#8243; theme_builder_area=&#8221;post_content&#8221; _builder_version=&#8221;4.19.4&#8243; _module_preset=&#8221;default&#8221; custom_padding=&#8221;||357px|||&#8221;][et_pb_row _builder_version=&#8221;4.19.4&#8243; _module_preset=&#8221;default&#8221; theme_builder_area=&#8221;post_content&#8221;][et_pb_column _builder_version=&#8221;4.19.4&#8243; _module_preset=&#8221;default&#8221; type=&#8221;4_4&#8243; theme_builder_area=&#8221;post_content&#8221;][et_pb_text _builder_version=&#8221;4.19.4&#8243; _module_preset=&#8221;default&#8221; theme_builder_area=&#8221;post_content&#8221; hover_enabled=&#8221;0&#8243; sticky_enabled=&#8221;0&#8243;]<\/p>\n<div style=\"text-align: justify;\"><img loading=\"lazy\" decoding=\"async\" src=\"https:\/\/www.slavonski-planinari.hr\/arhiva\/wp-content\/uploads\/2023\/01\/izlozba-zbrda-zdola-velika-1.jpg\" width=\"69\" height=\"97\" alt=\"\" class=\"wp-image-2356 alignleft size-full\" \/>Festivalska sezona 2014. je zaklju\u010dena a izbor od 10 najboljih fotografiaj po svakoj temi bit \u0107e premijerno izlo\u017een u Po\u017eegi po\u010detkom o\u017eujka. Poslije toga \u0107e izlo\u017eba biti na raspolaganju svim \u010dlanicama SPS koje \u017eele i mogu osigurati odgovaraju\u0107i prostor za izlaganje.<\/div>\n<div style=\"text-align: justify;\">\u00a0<\/div>\n<div style=\"text-align: justify;\">Zapo\u010dinje nova sezona &#8211; 2015. a teme se mogu vidjeti na plakatu u privitku.<\/div>\n<div style=\"text-align: justify;\"><\/div>\n<div class=\"itemFullText\" style=\"text-align: justify;\"><\/div>\n<div style=\"text-align: justify;\">\u00a0<\/div>\n<div style=\"text-align: justify;\">Svi uvjeti ostaju isti kao i ranijih godina. Zahvaljujemo dosada\u0161njem tajniku festivala Tihomiru Kova\u010devi\u0107u na dvogodi\u0161njem trudu. Tajni\u010dke poslove \u0107e u budu\u0107e obavljati Miroslav Adam, poznati fotograf i planinar.<\/div>\n<div style=\"text-align: justify;\">\u00a0<\/div>\n<div style=\"text-align: justify;\"><a href=\"https:\/\/www.slavonski-planinari.hr\/arhiva\/wp-content\/uploads\/2023\/01\/zbzd1.pdf\">Zbrda zdola PDF<\/a><\/div>\n<p>[\/et_pb_text][\/et_pb_column][\/et_pb_row][\/et_pb_section]<\/p>\n","protected":false},"excerpt":{"rendered":"<p>Festivalska sezona 2014. je zaklju\u010dena a izbor od 10 najboljih fotografiaj po svakoj temi bit \u0107e premijerno izlo\u017een u Po\u017eegi po\u010detkom o\u017eujka. Poslije toga \u0107e izlo\u017eba biti na raspolaganju svim \u010dlanicama SPS koje \u017eele i mogu osigurati odgovaraju\u0107i prostor za izlaganje. \u00a0 Zapo\u010dinje nova sezona &#8211; 2015. a teme se mogu vidjeti na plakatu u [&hellip;]<\/p>\n","protected":false},"author":1,"featured_media":0,"comment_status":"closed","ping_status":"open","sticky":false,"template":"","format":"standard","meta":{"_et_pb_use_builder":"on","_et_pb_old_content":"","_et_gb_content_width":"1080","footnotes":""},"categories":[29],"tags":[],"class_list":["post-2353","post","type-post","status-publish","format-standard","hentry","category-29"],"_links":{"self":[{"href":"https:\/\/www.slavonski-planinari.hr\/arhiva\/wp-json\/wp\/v2\/posts\/2353","targetHints":{"allow":["GET"]}}],"collection":[{"href":"https:\/\/www.slavonski-planinari.hr\/arhiva\/wp-json\/wp\/v2\/posts"}],"about":[{"href":"https:\/\/www.slavonski-planinari.hr\/arhiva\/wp-json\/wp\/v2\/types\/post"}],"author":[{"embeddable":true,"href":"https:\/\/www.slavonski-planinari.hr\/arhiva\/wp-json\/wp\/v2\/users\/1"}],"replies":[{"embeddable":true,"href":"https:\/\/www.slavonski-planinari.hr\/arhiva\/wp-json\/wp\/v2\/comments?post=2353"}],"version-history":[{"count":0,"href":"https:\/\/www.slavonski-planinari.hr\/arhiva\/wp-json\/wp\/v2\/posts\/2353\/revisions"}],"wp:attachment":[{"href":"https:\/\/www.slavonski-planinari.hr\/arhiva\/wp-json\/wp\/v2\/media?parent=2353"}],"wp:term":[{"taxonomy":"category","embeddable":true,"href":"https:\/\/www.slavonski-planinari.hr\/arhiva\/wp-json\/wp\/v2\/categories?post=2353"},{"taxonomy":"post_tag","embeddable":true,"href":"https:\/\/www.slavonski-planinari.hr\/arhiva\/wp-json\/wp\/v2\/tags?post=2353"}],"curies":[{"name":"wp","href":"https:\/\/api.w.org\/{rel}","templated":true}]}}