{"id":2345,"date":"2015-01-16T10:47:00","date_gmt":"2015-01-16T09:47:00","guid":{"rendered":"https:\/\/www.slavonski-planinari.hr\/arhiva\/?p=2345"},"modified":"2023-01-05T10:52:05","modified_gmt":"2023-01-05T09:52:05","slug":"zapisnik-o-ocjenjivanju-fotografija-za-temu-4-2014","status":"publish","type":"post","link":"https:\/\/www.slavonski-planinari.hr\/arhiva\/zapisnik-o-ocjenjivanju-fotografija-za-temu-4-2014\/","title":{"rendered":"Zapisnik o ocjenjivanju fotografija za temu 4\/2014."},"content":{"rendered":"<p>[et_pb_section fb_built=&#8221;1&#8243; theme_builder_area=&#8221;post_content&#8221; _builder_version=&#8221;4.19.4&#8243; _module_preset=&#8221;default&#8221;][et_pb_row _builder_version=&#8221;4.19.4&#8243; _module_preset=&#8221;default&#8221; theme_builder_area=&#8221;post_content&#8221;][et_pb_column _builder_version=&#8221;4.19.4&#8243; _module_preset=&#8221;default&#8221; type=&#8221;4_4&#8243; theme_builder_area=&#8221;post_content&#8221;][et_pb_text _builder_version=&#8221;4.19.4&#8243; _module_preset=&#8221;default&#8221; theme_builder_area=&#8221;post_content&#8221; hover_enabled=&#8221;0&#8243; sticky_enabled=&#8221;0&#8243;]<\/p>\n<p style=\"text-align: justify;\"><span>Prvo mjesto za fotografiju &#8220;Deseti dan&#8221; osvojila je Mirjana Jelavi\u0107 iz Virovitice, dok je drugo mjesto pripalo Berislavu Tkalacu iz \u017dupanje za planinarski portret &#8220;Antun Ra\u010dki na Papu\u010dkim jaglacima&#8221;, a tre\u0107a nagrada ide Otmaru Tosenbergeru za portret &#8220;Zlatko&#8221;.<\/span><\/p>\n<p style=\"text-align: justify;\"><span>Zapisnik sa ocjenjivanja fotografija mo\u017eete pogledati\u00a0<a href=\"#\">ovdje&#8230;<\/a><\/span><\/p>\n<p>[\/et_pb_text][\/et_pb_column][\/et_pb_row][\/et_pb_section]<\/p>\n","protected":false},"excerpt":{"rendered":"<p>Prvo mjesto za fotografiju &#8220;Deseti dan&#8221; osvojila je Mirjana Jelavi\u0107 iz Virovitice, dok je drugo mjesto pripalo Berislavu Tkalacu iz \u017dupanje za planinarski portret &#8220;Antun Ra\u010dki na Papu\u010dkim jaglacima&#8221;, a tre\u0107a nagrada ide Otmaru Tosenbergeru za portret &#8220;Zlatko&#8221;. Zapisnik sa ocjenjivanja fotografija mo\u017eete pogledati\u00a0ovdje&#8230;<\/p>\n","protected":false},"author":1,"featured_media":0,"comment_status":"closed","ping_status":"open","sticky":false,"template":"","format":"standard","meta":{"_et_pb_use_builder":"on","_et_pb_old_content":"","_et_gb_content_width":"1080","footnotes":""},"categories":[29],"tags":[],"class_list":["post-2345","post","type-post","status-publish","format-standard","hentry","category-29"],"_links":{"self":[{"href":"https:\/\/www.slavonski-planinari.hr\/arhiva\/wp-json\/wp\/v2\/posts\/2345","targetHints":{"allow":["GET"]}}],"collection":[{"href":"https:\/\/www.slavonski-planinari.hr\/arhiva\/wp-json\/wp\/v2\/posts"}],"about":[{"href":"https:\/\/www.slavonski-planinari.hr\/arhiva\/wp-json\/wp\/v2\/types\/post"}],"author":[{"embeddable":true,"href":"https:\/\/www.slavonski-planinari.hr\/arhiva\/wp-json\/wp\/v2\/users\/1"}],"replies":[{"embeddable":true,"href":"https:\/\/www.slavonski-planinari.hr\/arhiva\/wp-json\/wp\/v2\/comments?post=2345"}],"version-history":[{"count":0,"href":"https:\/\/www.slavonski-planinari.hr\/arhiva\/wp-json\/wp\/v2\/posts\/2345\/revisions"}],"wp:attachment":[{"href":"https:\/\/www.slavonski-planinari.hr\/arhiva\/wp-json\/wp\/v2\/media?parent=2345"}],"wp:term":[{"taxonomy":"category","embeddable":true,"href":"https:\/\/www.slavonski-planinari.hr\/arhiva\/wp-json\/wp\/v2\/categories?post=2345"},{"taxonomy":"post_tag","embeddable":true,"href":"https:\/\/www.slavonski-planinari.hr\/arhiva\/wp-json\/wp\/v2\/tags?post=2345"}],"curies":[{"name":"wp","href":"https:\/\/api.w.org\/{rel}","templated":true}]}}