{"id":2328,"date":"2014-12-22T10:35:00","date_gmt":"2014-12-22T09:35:00","guid":{"rendered":"https:\/\/www.slavonski-planinari.hr\/arhiva\/?p=2328"},"modified":"2023-01-05T10:39:16","modified_gmt":"2023-01-05T09:39:16","slug":"kalendar-aktivnosti-sps-i-clanica-u-2015","status":"publish","type":"post","link":"https:\/\/www.slavonski-planinari.hr\/arhiva\/kalendar-aktivnosti-sps-i-clanica-u-2015\/","title":{"rendered":"Kalendar aktivnosti SPS i \u010dlanica u 2015."},"content":{"rendered":"<p>[et_pb_section fb_built=&#8221;1&#8243; theme_builder_area=&#8221;post_content&#8221; _builder_version=&#8221;4.19.4&#8243; _module_preset=&#8221;default&#8221;][et_pb_row _builder_version=&#8221;4.19.4&#8243; _module_preset=&#8221;default&#8221; theme_builder_area=&#8221;post_content&#8221;][et_pb_column _builder_version=&#8221;4.19.4&#8243; _module_preset=&#8221;default&#8221; type=&#8221;4_4&#8243; theme_builder_area=&#8221;post_content&#8221;][et_pb_text _builder_version=&#8221;4.19.4&#8243; _module_preset=&#8221;default&#8221; theme_builder_area=&#8221;post_content&#8221; hover_enabled=&#8221;0&#8243; sticky_enabled=&#8221;0&#8243;]<\/p>\n<div class=\"itemIntroText\">\n<p style=\"text-align: justify;\"><span><img loading=\"lazy\" decoding=\"async\" src=\"https:\/\/www.slavonski-planinari.hr\/arhiva\/wp-content\/uploads\/2023\/01\/sps_logo1.jpg\" width=\"84\" height=\"82\" alt=\"\" class=\"wp-image-1542 alignleft size-full\" srcset=\"https:\/\/www.slavonski-planinari.hr\/arhiva\/wp-content\/uploads\/2023\/01\/sps_logo1.jpg 400w, https:\/\/www.slavonski-planinari.hr\/arhiva\/wp-content\/uploads\/2023\/01\/sps_logo1-300x293.jpg 300w\" sizes=\"(max-width: 84px) 100vw, 84px\" \/>Nakon vi\u0161e manjih i ve\u0107ih dotjerivanja i uskla\u0111ivanja, kona\u010dno je definiran kalendar najavljenih aktivnosti Slavonskog planinarskog saveza i njegovih \u010dlanica. Poseban naglasak je na jubileju 120 godina slavonskog planinarstva koji \u0107e se obilje\u017eavati tijekom godine, a zanimljiva sredi\u0161nja doga\u0111anja su planirana 04. &#8211; 11. srpnja 2015. godine na Jankovcu.<\/span><\/p>\n<\/div>\n<div class=\"itemFullText\">\n<p style=\"text-align: justify;\"><span>U privitku je kalendar u\u00a0<a href=\"https:\/\/www.slavonski-planinari.hr\/arhiva\/wp-content\/uploads\/2023\/01\/Kalendar-akcija-SPS-2015.doc\">doc<\/a>\u00a0i\u00a0<a href=\"https:\/\/www.slavonski-planinari.hr\/arhiva\/wp-content\/uploads\/2023\/01\/Kalendar-akcija-SPS-2015.pdf\">pdf<\/a>\u00a0formatu, a isti je objavljen u izborniku &#8220;kalendar doga\u0111anja&#8221; na ovoj web stranici.<\/span><\/p>\n<\/div>\n<p>[\/et_pb_text][\/et_pb_column][\/et_pb_row][\/et_pb_section]<\/p>\n","protected":false},"excerpt":{"rendered":"<p>Nakon vi\u0161e manjih i ve\u0107ih dotjerivanja i uskla\u0111ivanja, kona\u010dno je definiran kalendar najavljenih aktivnosti Slavonskog planinarskog saveza i njegovih \u010dlanica. Poseban naglasak je na jubileju 120 godina slavonskog planinarstva koji \u0107e se obilje\u017eavati tijekom godine, a zanimljiva sredi\u0161nja doga\u0111anja su planirana 04. &#8211; 11. srpnja 2015. godine na Jankovcu. U privitku je kalendar u\u00a0doc\u00a0i\u00a0pdf\u00a0formatu, a [&hellip;]<\/p>\n","protected":false},"author":1,"featured_media":0,"comment_status":"closed","ping_status":"open","sticky":false,"template":"","format":"standard","meta":{"_et_pb_use_builder":"on","_et_pb_old_content":"","_et_gb_content_width":"1080","footnotes":""},"categories":[28],"tags":[],"class_list":["post-2328","post","type-post","status-publish","format-standard","hentry","category-28"],"_links":{"self":[{"href":"https:\/\/www.slavonski-planinari.hr\/arhiva\/wp-json\/wp\/v2\/posts\/2328","targetHints":{"allow":["GET"]}}],"collection":[{"href":"https:\/\/www.slavonski-planinari.hr\/arhiva\/wp-json\/wp\/v2\/posts"}],"about":[{"href":"https:\/\/www.slavonski-planinari.hr\/arhiva\/wp-json\/wp\/v2\/types\/post"}],"author":[{"embeddable":true,"href":"https:\/\/www.slavonski-planinari.hr\/arhiva\/wp-json\/wp\/v2\/users\/1"}],"replies":[{"embeddable":true,"href":"https:\/\/www.slavonski-planinari.hr\/arhiva\/wp-json\/wp\/v2\/comments?post=2328"}],"version-history":[{"count":0,"href":"https:\/\/www.slavonski-planinari.hr\/arhiva\/wp-json\/wp\/v2\/posts\/2328\/revisions"}],"wp:attachment":[{"href":"https:\/\/www.slavonski-planinari.hr\/arhiva\/wp-json\/wp\/v2\/media?parent=2328"}],"wp:term":[{"taxonomy":"category","embeddable":true,"href":"https:\/\/www.slavonski-planinari.hr\/arhiva\/wp-json\/wp\/v2\/categories?post=2328"},{"taxonomy":"post_tag","embeddable":true,"href":"https:\/\/www.slavonski-planinari.hr\/arhiva\/wp-json\/wp\/v2\/tags?post=2328"}],"curies":[{"name":"wp","href":"https:\/\/api.w.org\/{rel}","templated":true}]}}