{"id":2295,"date":"2014-11-24T09:56:00","date_gmt":"2014-11-24T08:56:00","guid":{"rendered":"https:\/\/www.slavonski-planinari.hr\/arhiva\/?p=2295"},"modified":"2023-01-05T09:58:23","modified_gmt":"2023-01-05T08:58:23","slug":"14-memorijalni-pohod-na-andinu-baraku-u-spomen-poginulim-hrvatskim-braniteljima","status":"publish","type":"post","link":"https:\/\/www.slavonski-planinari.hr\/arhiva\/14-memorijalni-pohod-na-andinu-baraku-u-spomen-poginulim-hrvatskim-braniteljima\/","title":{"rendered":"14. memorijalni pohod na AN\u0110INU BARAKU u spomen poginulim hrvatskim braniteljima"},"content":{"rendered":"<p>[et_pb_section fb_built=&#8221;1&#8243; theme_builder_area=&#8221;post_content&#8221; _builder_version=&#8221;4.19.4&#8243; _module_preset=&#8221;default&#8221; custom_padding=&#8221;||312px|||&#8221;][et_pb_row _builder_version=&#8221;4.19.4&#8243; _module_preset=&#8221;default&#8221; theme_builder_area=&#8221;post_content&#8221;][et_pb_column _builder_version=&#8221;4.19.4&#8243; _module_preset=&#8221;default&#8221; type=&#8221;4_4&#8243; theme_builder_area=&#8221;post_content&#8221;][et_pb_text _builder_version=&#8221;4.19.4&#8243; _module_preset=&#8221;default&#8221; theme_builder_area=&#8221;post_content&#8221; hover_enabled=&#8221;0&#8243; sticky_enabled=&#8221;0&#8243;]<\/p>\n<div class=\"itemIntroText\" style=\"text-align: justify;\">\n<p style=\"text-align: justify;\"><img loading=\"lazy\" decoding=\"async\" src=\"https:\/\/www.slavonski-planinari.hr\/arhiva\/wp-content\/uploads\/2023\/01\/maliscak.jpg\" width=\"92\" height=\"61\" alt=\"\" class=\"wp-image-1697 alignleft size-full\" \/>Pohod \u0107e biti odr\u017ean 30. studenog 2014. godine. Okupljanje je ispred crkve Sv. Augustina u Velikoj od 8.30 h, a polazak je u 9.00 h. Kod spomenika na An\u0111inoj baraci (o\u010dekivano oko 11.30 &#8211; 12.00h) odr\u017eati \u0107emo kratku molitvu i zapaliti svije\u0107e kako bi odali du\u017eno po\u0161tovanje poginulim braniteljima.<\/p>\n<\/div>\n<div class=\"itemFullText\" style=\"text-align: justify;\">\n<p style=\"text-align: justify;\">Za sve sudionike \u0107e biti osigurana zakuska (tradicionalni kruh i mast)<br \/>te topli \u010daj i kuhano vino.<br \/>Povratak u Veliku planiran je do 16.00 h.<br \/>Za sve dodatne informacije zovite nas na :<br \/>098\/166 1480 ( Tomislav Juri\u0107 )<br \/>091\/118 9901 ( Tomislav \u0160ebalj )<br \/>Radujemo se Va\u0161em dolasku !!!<br \/>PD \u201eMali\u0161\u0107ak\u201c<\/p>\n<\/div>\n<p>[\/et_pb_text][\/et_pb_column][\/et_pb_row][\/et_pb_section]<\/p>\n","protected":false},"excerpt":{"rendered":"<p>Pohod \u0107e biti odr\u017ean 30. studenog 2014. godine. Okupljanje je ispred crkve Sv. Augustina u Velikoj od 8.30 h, a polazak je u 9.00 h. Kod spomenika na An\u0111inoj baraci (o\u010dekivano oko 11.30 &#8211; 12.00h) odr\u017eati \u0107emo kratku molitvu i zapaliti svije\u0107e kako bi odali du\u017eno po\u0161tovanje poginulim braniteljima. Za sve sudionike \u0107e biti osigurana [&hellip;]<\/p>\n","protected":false},"author":1,"featured_media":0,"comment_status":"closed","ping_status":"open","sticky":false,"template":"","format":"standard","meta":{"_et_pb_use_builder":"on","_et_pb_old_content":"","_et_gb_content_width":"1080","footnotes":""},"categories":[28],"tags":[],"class_list":["post-2295","post","type-post","status-publish","format-standard","hentry","category-28"],"_links":{"self":[{"href":"https:\/\/www.slavonski-planinari.hr\/arhiva\/wp-json\/wp\/v2\/posts\/2295","targetHints":{"allow":["GET"]}}],"collection":[{"href":"https:\/\/www.slavonski-planinari.hr\/arhiva\/wp-json\/wp\/v2\/posts"}],"about":[{"href":"https:\/\/www.slavonski-planinari.hr\/arhiva\/wp-json\/wp\/v2\/types\/post"}],"author":[{"embeddable":true,"href":"https:\/\/www.slavonski-planinari.hr\/arhiva\/wp-json\/wp\/v2\/users\/1"}],"replies":[{"embeddable":true,"href":"https:\/\/www.slavonski-planinari.hr\/arhiva\/wp-json\/wp\/v2\/comments?post=2295"}],"version-history":[{"count":0,"href":"https:\/\/www.slavonski-planinari.hr\/arhiva\/wp-json\/wp\/v2\/posts\/2295\/revisions"}],"wp:attachment":[{"href":"https:\/\/www.slavonski-planinari.hr\/arhiva\/wp-json\/wp\/v2\/media?parent=2295"}],"wp:term":[{"taxonomy":"category","embeddable":true,"href":"https:\/\/www.slavonski-planinari.hr\/arhiva\/wp-json\/wp\/v2\/categories?post=2295"},{"taxonomy":"post_tag","embeddable":true,"href":"https:\/\/www.slavonski-planinari.hr\/arhiva\/wp-json\/wp\/v2\/tags?post=2295"}],"curies":[{"name":"wp","href":"https:\/\/api.w.org\/{rel}","templated":true}]}}