{"id":2290,"date":"2014-11-24T09:52:00","date_gmt":"2014-11-24T08:52:00","guid":{"rendered":"https:\/\/www.slavonski-planinari.hr\/arhiva\/?p=2290"},"modified":"2023-01-05T09:55:47","modified_gmt":"2023-01-05T08:55:47","slug":"19-memorijalni-planinarski-pohod-fokinom-stazom-1991","status":"publish","type":"post","link":"https:\/\/www.slavonski-planinari.hr\/arhiva\/19-memorijalni-planinarski-pohod-fokinom-stazom-1991\/","title":{"rendered":"19. memorijalni planinarski pohod FOKINOM STAZOM 1991."},"content":{"rendered":"<p>[et_pb_section fb_built=&#8221;1&#8243; theme_builder_area=&#8221;post_content&#8221; _builder_version=&#8221;4.19.4&#8243; _module_preset=&#8221;default&#8221;][et_pb_row _builder_version=&#8221;4.19.4&#8243; _module_preset=&#8221;default&#8221; theme_builder_area=&#8221;post_content&#8221;][et_pb_column _builder_version=&#8221;4.19.4&#8243; _module_preset=&#8221;default&#8221; type=&#8221;4_4&#8243; theme_builder_area=&#8221;post_content&#8221;][et_pb_text _builder_version=&#8221;4.19.4&#8243; _module_preset=&#8221;default&#8221; theme_builder_area=&#8221;post_content&#8221; hover_enabled=&#8221;0&#8243; sticky_enabled=&#8221;0&#8243;]<\/p>\n<div class=\"itemIntroText\">\n<p style=\"text-align: justify;\"><img loading=\"lazy\" decoding=\"async\" src=\"https:\/\/www.slavonski-planinari.hr\/arhiva\/wp-content\/uploads\/2023\/01\/sps.png\" width=\"101\" height=\"112\" alt=\"\" class=\"wp-image-2293 alignleft size-full\" \/>Na\u0161 tradicionalni memorijalni planinarski pohod FOKINOM STAZOM 1991., organiziramo 13. prosinca 2014. godine. Pohod se odr\u017eava u znak sje\u0107anja na pogibije na\u0161ih branitelja \u2013 IVANA BEDEKOVI\u0106A, ANTU \u0106URI\u0106A, FRANJU GA\u0160PARA, MARIJANA KULHAVOG FOKU, DRA\u017dENA HUDECA, \u017dELJKA NOVOSELA I DARKA PERO\u0160A.<\/p>\n<p style=\"text-align: justify;\">\n<p style=\"text-align: justify;\">\n<p style=\"text-align: justify;\">\n<p style=\"text-align: justify;\">\n<\/div>\n<div class=\"itemFullText\">\n<p style=\"text-align: justify;\">\u00a0\u00a0\u00a0\u00a0\u00a0\u00a0\u00a0 Kao i pro\u0161le godine prije samog polaska na pohod, ujutro od 9 do 10 sati, u\u010desnici mogu besplatno pogledati impresivni stalni izlo\u017ebeni postav Vojne i ratne povijesti koji je uspostavljen velikim trudom na\u0161eg pakra\u010dkog profesora Marija Tu\u0161eka i \u010dlanova Kluba ratni\u010dkih vje\u0161tina Pakrac. Izlo\u017eba se ponovno nalazi u biv\u0161oj zgradi stare Varo\u0161ke ku\u0107e, tj. iznad sada\u0161nje Turisti\u010dke zajednice Pakrac, bo\u010dni ulaz desno, 1. kat, u neposrednoj blizini Trga bana Josipa Jela\u010di\u0107a.(www.facebook.com\/ratna.povijest).\u00a0<\/p>\n<p style=\"text-align: justify;\">\u00a0\u00a0\u00a0\u00a0\u00a0\u00a0\u00a0<span>\u00a0<\/span><strong>Polazak na pohod je u 10 sati sa uobi\u010dajenog mjesta okupljanja na Trgu bana Josipa Jela\u010di\u0107a u Pakracu<\/strong>. Napominjemo da se parkirna mjesta u Gradu napla\u0107uju, pa o tome valja voditi ra\u010duna. U neposrednoj blizini Trga kod kojeg se okupljamo, nalaze se i lokacije bez naplate parkinga.<br \/>\u00a0\u00a0\u00a0\u00a0\u00a0\u00a0\u00a0 Iz Pakraca polazimo u organiziranoj koloni uobi\u010dajenom trasom pohoda. Iznad crkvice Svetog Roka simpatizer planinara, na\u0161 sugra\u0111anin Sre\u0107ko Brus i ove \u0107e godine pod trijemom svoje ku\u0107e, u\u010desnike pohoda po\u010dastiti toplim okrepljuju\u0107im napitcima i slavonskim mesnatim prera\u0111evinama.<br \/>\u00a0\u00a0\u00a0\u00a0\u00a0\u00a0\u00a0 Na kraju ulice Svetog Roka, kod spomen \u2013 obilje\u017eja na\u0161im braniteljima, polo\u017eit \u0107emo vijence, zapaliti svije\u0107e i odati po\u010dast uz prisje\u0107anje na Domovinski rat.<br \/>\u00a0\u00a0\u00a0\u00a0\u00a0\u00a0\u00a0 Preko planinskog odmori\u0161ta Trome\u0111a, koje su pakra\u010dki planinari sagradili sredinom 2005. godine, pje\u0161a\u010denje do planinarskog doma Omanovac nastavit \u0107emo uobi\u010dajenim markiranim planinarskim stazama, a neki \u0107e i asfaltnom cestom dopje\u0161a\u010diti na Omanovac. U planinarskom domu bit \u0107e prire\u0111en topli \u010daj dobrodo\u0161lice i grah po cijeni od 20,00 kuna za porciju. Za grah je potrebno da se pribilje\u017eite kod Deana Nagya na broj 098 936 88 70.<br \/>\u00a0\u00a0\u00a0\u00a0\u00a0\u00a0\u00a0 Uz pe\u010dat pohoda i letak o povijesti Fokine staze, te druge propagandne materijale, u ponudi su ove godine i prigodne kape.<br \/>\u00a0\u00a0\u00a0\u00a0\u00a0\u00a0\u00a0 Organizirani povratak za Pakrac je u 16:30 sati.<br \/>\u00a0\u00a0\u00a0\u00a0\u00a0\u00a0\u00a0 Za planinarski pohod obucite se primjereno vremenskim prilikama. Pohodu pristupate na vlastitu odgovornost uz po\u0161tivanje pravila sigurnog boravka u planinama i treba slu\u0161ati upute vodi\u010da. Zbog bolje organiziranosti pohoda najavite nam \u0161to ranije svoj dolazak sa brojnim stanjem, a mo\u017ee i s brojem onih koji \u017eele ru\u010dati grah. Na\u0161i telefoni su: 098 325 508 \u2013 Boro, 098 185 01 31 \u2013 Kre\u0161o, 099 850 54 60 \u017darko ili nam se javite na gore navedenu dru\u0161tvenu mail adresu.\u00a0\u00a0\u00a0\u00a0\u00a0\u00a0\u00a0<\/p>\n<p style=\"text-align: justify;\">Radujemo se Va\u0161em dolasku.<\/p>\n<p style=\"text-align: right;\">PREDSJEDNIK PD \u201cPSUNJ\u201c PAKRAC<br \/>KRE\u0160O \u010cEHULI\u0106<\/p>\n<p style=\"text-align: right;\"><img loading=\"lazy\" decoding=\"async\" src=\"https:\/\/www.slavonski-planinari.hr\/arhiva\/wp-content\/uploads\/2023\/01\/Plakat-Fokina-staza-2014-1.jpg\" width=\"764\" height=\"1080\" alt=\"\" class=\"wp-image-2292 aligncenter size-full\" srcset=\"https:\/\/www.slavonski-planinari.hr\/arhiva\/wp-content\/uploads\/2023\/01\/Plakat-Fokina-staza-2014-1.jpg 764w, https:\/\/www.slavonski-planinari.hr\/arhiva\/wp-content\/uploads\/2023\/01\/Plakat-Fokina-staza-2014-1-480x679.jpg 480w\" sizes=\"(min-width: 0px) and (max-width: 480px) 480px, (min-width: 481px) 764px, 100vw\" \/><\/p>\n<p style=\"text-align: right;\">\n<\/div>\n<p>[\/et_pb_text][\/et_pb_column][\/et_pb_row][\/et_pb_section]<\/p>\n","protected":false},"excerpt":{"rendered":"<p>Na\u0161 tradicionalni memorijalni planinarski pohod FOKINOM STAZOM 1991., organiziramo 13. prosinca 2014. godine. Pohod se odr\u017eava u znak sje\u0107anja na pogibije na\u0161ih branitelja \u2013 IVANA BEDEKOVI\u0106A, ANTU \u0106URI\u0106A, FRANJU GA\u0160PARA, MARIJANA KULHAVOG FOKU, DRA\u017dENA HUDECA, \u017dELJKA NOVOSELA I DARKA PERO\u0160A. \u00a0\u00a0\u00a0\u00a0\u00a0\u00a0\u00a0 Kao i pro\u0161le godine prije samog polaska na pohod, ujutro od 9 do 10 [&hellip;]<\/p>\n","protected":false},"author":1,"featured_media":0,"comment_status":"closed","ping_status":"open","sticky":false,"template":"","format":"standard","meta":{"_et_pb_use_builder":"on","_et_pb_old_content":"","_et_gb_content_width":"1080","footnotes":""},"categories":[28],"tags":[],"class_list":["post-2290","post","type-post","status-publish","format-standard","hentry","category-28"],"_links":{"self":[{"href":"https:\/\/www.slavonski-planinari.hr\/arhiva\/wp-json\/wp\/v2\/posts\/2290","targetHints":{"allow":["GET"]}}],"collection":[{"href":"https:\/\/www.slavonski-planinari.hr\/arhiva\/wp-json\/wp\/v2\/posts"}],"about":[{"href":"https:\/\/www.slavonski-planinari.hr\/arhiva\/wp-json\/wp\/v2\/types\/post"}],"author":[{"embeddable":true,"href":"https:\/\/www.slavonski-planinari.hr\/arhiva\/wp-json\/wp\/v2\/users\/1"}],"replies":[{"embeddable":true,"href":"https:\/\/www.slavonski-planinari.hr\/arhiva\/wp-json\/wp\/v2\/comments?post=2290"}],"version-history":[{"count":0,"href":"https:\/\/www.slavonski-planinari.hr\/arhiva\/wp-json\/wp\/v2\/posts\/2290\/revisions"}],"wp:attachment":[{"href":"https:\/\/www.slavonski-planinari.hr\/arhiva\/wp-json\/wp\/v2\/media?parent=2290"}],"wp:term":[{"taxonomy":"category","embeddable":true,"href":"https:\/\/www.slavonski-planinari.hr\/arhiva\/wp-json\/wp\/v2\/categories?post=2290"},{"taxonomy":"post_tag","embeddable":true,"href":"https:\/\/www.slavonski-planinari.hr\/arhiva\/wp-json\/wp\/v2\/tags?post=2290"}],"curies":[{"name":"wp","href":"https:\/\/api.w.org\/{rel}","templated":true}]}}